{"id":75945,"date":"2025-12-15T23:45:15","date_gmt":"2025-12-15T23:45:15","guid":{"rendered":"https:\/\/www.europesays.com\/lv\/75945\/"},"modified":"2025-12-15T23:45:15","modified_gmt":"2025-12-15T23:45:15","slug":"spried-ar-delfi-par-straujo-gripas-izplatibu-latvija","status":"publish","type":"post","link":"https:\/\/www.europesays.com\/lv\/75945\/","title":{"rendered":"&#8220;Spried ar Delfi&#8221; par straujo gripas izplat\u012bbu Latvij\u0101"},"content":{"rendered":"<p>Eiropas Slim\u012bbu profilakses un kontroles centrs v\u0113l novembra nogal\u0113 br\u012bdin\u0101ja, ka vair\u0101k\u0101s Eiropas valst\u012bs gripas sezona \u0161ogad s\u0101kusies neparasti agri. To starp\u0101 bija ar\u012b Latvija. Un diem\u017e\u0113l ilgi nebija j\u0101gaida, lai saslim\u0161anas ar gripu r\u0101d\u012bt\u0101ji Latvij\u0101 p\u0101rsniegtu jau epid\u0113mijas slieksni. K\u0101di ir iemesli tik straujai gripas izplat\u012bbai \u0161aj\u0101 gad\u0101? Vai vakc\u012bnu pret gripu pietiek visiem grib\u0113t\u0101jiem? Vai pieaug ar\u012b Covid-19 un citu elpce\u013cu v\u012brusu izplat\u012bba? Un k\u0101 sevi pasarg\u0101t no saslim\u0161anas? Par \u0161iem un citiem jaut\u0101jumiem raid\u012bjum\u0101 &#8220;Spried ar Delfi&#8221; otrdien, 16. decembr\u012b, pulksten 12 \u017eurn\u0101lists Andris Auz\u0101ns run\u0101s ar SIA &#8220;R\u012bgas Austrumu kl\u012bnisk\u0101s universit\u0101tes slimn\u012bca&#8221; valdes padomnieci infektolo\u0123ijas strat\u0113\u0123iskajos jaut\u0101jumos, R\u012bgas Stradi\u0146a universit\u0101tes Infektolo\u0123ijas katedras vad\u012bt\u0101ju, profesori Ludmilu V\u012bksnu un Slim\u012bbu profilakses un kontroles centra (SPKC) Infekcijas slim\u012bbu profilakses un pretepid\u0113mijas pas\u0101kumu noda\u013cas vad\u012bt\u0101ju Sigitu Geidu.<\/p>\n<p>Attiec\u012bgaj\u0101 ned\u0113\u013c\u0101 pacientu \u012bpatsvars ar elpce\u013cu infekciju simptomiem ambulatoraj\u0101s \u0101rstniec\u012bbas iest\u0101d\u0113s bija 18% no visiem \u0101rstu apmekl\u0113jumiem, savuk\u0101rt iepriek\u0161\u0113j\u0101 ned\u0113\u013c\u0101 tas bija 22%. Tas noz\u012bm\u0113, ka gandr\u012bz katrs piektais pacients v\u0113rsies p\u0113c medic\u012bnisk\u0101s pal\u012bdz\u012bbas saist\u012bb\u0101 ar ak\u016btu elpce\u013cu infekciju, skaidroja SPKC. Starp \u0161iem cilv\u0113kiem strauji pieaudzis pacientu skaits ar gripas simptomiem, saslimst\u012bbas r\u0101d\u012bt\u0101jam sasniedzot 344,2 gad\u012bjumus uz 100 000 iedz\u012bvot\u0101ju, kas ir 2,7 reizes vair\u0101k nek\u0101 iepriek\u0161\u0113j\u0101 ned\u0113\u013c\u0101, kad re\u0123istr\u0113ti 125,3 gad\u012bjumi uz 100 000 iedz\u012bvot\u0101ju. Ned\u0113\u013c\u0101 no 1. l\u012bdz 7. decembrim gripa kl\u012bniski noteikta 231 pacientam, kam\u0113r ned\u0113\u013cu iepriek\u0161 t\u0101 noteikta 87 pacientiem.<\/p>\n<p class=\"m-0\">Seko &#8220;Delfi&#8221; ar\u012b  <a target=\"_blank\" href=\"https:\/\/www.instagram.com\/delfi.lv\/\" rel=\"nofollow noopener\">Instagram<\/a>  un <a target=\"_blank\" href=\"https:\/\/www.youtube.com\/channel\/UCw5foWtcJvAbUm64rv7jwUQ\" rel=\"nofollow noopener\">YouTube<\/a>  profil\u0101 \u2013 pievienojies, lai uzzin\u0101tu svar\u012bg\u0101ko un interesant\u0101ko pirmais!<\/p>\n<p>Publik\u0101cijas saturs vai t\u0101s jebk\u0101da apjoma da\u013ca ir aizsarg\u0101ts autorties\u012bbu objekts Autorties\u012bbu likuma izpratn\u0113, un t\u0101 izmanto\u0161ana bez izdev\u0113ja at\u013caujas ir aizliegta. Vair\u0101k lasi  <a target=\"_blank\" href=\"https:\/\/www.delfi.lv\/noteikumi#autortiesibas\" rel=\"nofollow noopener\">\u0161eit<\/a><script async src=\"\/\/www.instagram.com\/embed.js\"><\/script><\/p>\n","protected":false},"excerpt":{"rendered":"Eiropas Slim\u012bbu profilakses un kontroles centrs v\u0113l novembra nogal\u0113 br\u012bdin\u0101ja, ka vair\u0101k\u0101s Eiropas valst\u012bs gripas sezona \u0161ogad s\u0101kusies&hellip;\n","protected":false},"author":2,"featured_media":75946,"comment_status":"","ping_status":"","sticky":false,"template":"","format":"standard","meta":{"footnotes":""},"categories":[5],"tags":[23,9675,28,29,1549,32,33,5657,22,9298,30,31,35,39,38,36,37,34,19250,40,20,4955,26,27,14035,7869,1580,4954,24,25,9731,21],"class_list":{"0":"post-75945","1":"post","2":"type-post","3":"status-publish","4":"format-standard","5":"has-post-thumbnail","7":"category-aktualitates","8":"tag-aktualitates","9":"tag-austrumu-slimnica","10":"tag-breaking-news","11":"tag-breakingnews","12":"tag-covid-19","13":"tag-featured-news","14":"tag-featurednews","15":"tag-gripa","16":"tag-headlines","17":"tag-infekciju-slimibas","18":"tag-latest-news","19":"tag-latestnews","20":"tag-latvia","21":"tag-latvian","22":"tag-latviesu","23":"tag-latviesu-valoda","24":"tag-latviesuvaloda","25":"tag-latvija","26":"tag-ludmila-viksna","27":"tag-lv","28":"tag-news","29":"tag-par-aktualo","30":"tag-popularakas-zinas","31":"tag-popularakaszinas","32":"tag-rakus","33":"tag-slimibu-profilakses-un-kontroles-centrs","34":"tag-spkc","35":"tag-spried-ar-delfi","36":"tag-top-stories","37":"tag-topstories","38":"tag-virusi","39":"tag-zinas"},"share_on_mastodon":{"url":"https:\/\/pubeurope.com\/@lv\/115726249097390676","error":""},"_links":{"self":[{"href":"https:\/\/www.europesays.com\/lv\/wp-json\/wp\/v2\/posts\/75945","targetHints":{"allow":["GET"]}}],"collection":[{"href":"https:\/\/www.europesays.com\/lv\/wp-json\/wp\/v2\/posts"}],"about":[{"href":"https:\/\/www.europesays.com\/lv\/wp-json\/wp\/v2\/types\/post"}],"author":[{"embeddable":true,"href":"https:\/\/www.europesays.com\/lv\/wp-json\/wp\/v2\/users\/2"}],"replies":[{"embeddable":true,"href":"https:\/\/www.europesays.com\/lv\/wp-json\/wp\/v2\/comments?post=75945"}],"version-history":[{"count":0,"href":"https:\/\/www.europesays.com\/lv\/wp-json\/wp\/v2\/posts\/75945\/revisions"}],"wp:featuredmedia":[{"embeddable":true,"href":"https:\/\/www.europesays.com\/lv\/wp-json\/wp\/v2\/media\/75946"}],"wp:attachment":[{"href":"https:\/\/www.europesays.com\/lv\/wp-json\/wp\/v2\/media?parent=75945"}],"wp:term":[{"taxonomy":"category","embeddable":true,"href":"https:\/\/www.europesays.com\/lv\/wp-json\/wp\/v2\/categories?post=75945"},{"taxonomy":"post_tag","embeddable":true,"href":"https:\/\/www.europesays.com\/lv\/wp-json\/wp\/v2\/tags?post=75945"}],"curies":[{"name":"wp","href":"https:\/\/api.w.org\/{rel}","templated":true}]}}