{"id":75953,"date":"2025-12-15T23:57:23","date_gmt":"2025-12-15T23:57:23","guid":{"rendered":"https:\/\/www.europesays.com\/lv\/75953\/"},"modified":"2025-12-15T23:57:23","modified_gmt":"2025-12-15T23:57:23","slug":"gada-laika-majoklu-cenas-palielinajusas-par-84","status":"publish","type":"post","link":"https:\/\/www.europesays.com\/lv\/75953\/","title":{"rendered":"Gada laik\u0101 m\u0101jok\u013cu cenas palielin\u0101ju\u0161\u0101s par 8,4%"},"content":{"rendered":"<p>2025. gada 3. ceturksn\u012b, sal\u012bdzinot ar 2024. gada 3. ceturksni, m\u0101jok\u013cu cenas pieaugu\u0161as par 8,4%, liecina jaun\u0101kie Centr\u0101l\u0101s statistikas p\u0101rvaldes provizoriskie dati*. Jauniem m\u0101jok\u013ciem cenas palielin\u0101ju\u0161\u0101s par 3,8%, bet lietotiem m\u0101jok\u013ciem vid\u0113jais cenu l\u012bmenis pieaudzis par 9,4%.<\/p>\n<p><img decoding=\"async\" src=\"https:\/\/www.europesays.com\/lv\/wp-content\/uploads\/2025\/12\/76FA2M9EM.PNG\" alt=\"\"\/><\/p>\n<p>2025.\u00a0gada 3.\u00a0ceturksn\u012b, sal\u012bdzinot ar 2025.\u00a0gada 2.\u00a0ceturksni, m\u0101jok\u013cu cenas palielin\u0101j\u0101s par\u00a05,2\u00a0%. Jauniem m\u0101jok\u013ciem cenas palielin\u0101j\u0101s par\u00a03,3\u00a0%, bet lietoti m\u0101jok\u013ci bija par\u00a05,6\u00a0% d\u0101rg\u0101ki.<\/p>\n<p><img decoding=\"async\" src=\"https:\/\/www.europesays.com\/lv\/wp-content\/uploads\/2025\/12\/76FA2M9GX.PNG\" alt=\"\"\/><\/p>\n<p>Sal\u012bdzinot ar 2015.\u00a0gadu, m\u0101jok\u013cu cenas 2025.\u00a0gada 3.\u00a0ceturksn\u012b bija par 120,7\u00a0% augst\u0101kas. Jauniem m\u0101jok\u013ciem cenas pieauga par 123,9\u00a0%, bet lietotiem m\u0101jok\u013ciem \u2013 par 118,5\u00a0%.<\/p>\n<p><img decoding=\"async\" src=\"https:\/\/www.europesays.com\/lv\/wp-content\/uploads\/2025\/12\/76FA2M9KD.PNG\" alt=\"\"\/><\/p>\n<p>Inform\u0101cija par m\u0101jok\u013cu cenu p\u0101rmai\u0146\u0101m 2025.\u00a0gada 4.\u00a0ceturksn\u012b tiks pazi\u0146ota 2026.\u00a0gada 13.\u00a0mart\u0101.<\/p>\n<p>*2025.\u00a0gada 3.\u00a0ceturk\u0161\u0146a dati ir provizoriski. Gal\u012bgie dati tiks public\u0113ti kop\u0101 ar 2025.\u00a0gada 4.\u00a0ceturk\u0161\u0146a provizoriskajiem datiem 13.03.2026.<\/p>\n<p>Metodolo\u0123isk\u0101 inform\u0101cija<br \/>M\u0101jok\u013ca cenu indekss (MCI) ir ceturk\u0161\u0146a r\u0101d\u012bt\u0101js, kas atspogu\u013co iedz\u012bvot\u0101ju ieg\u0101d\u0101to m\u0101jok\u013cu cenu p\u0101rmai\u0146as br\u012bvaj\u0101 tirg\u016b. M\u0101jok\u013cu cenu indekss ir kvalit\u0101tes izl\u012bdzin\u0101ts indekss, t.i., atspogu\u013co t\u012br\u0101s cenu izmai\u0146as, izsl\u0113dzot m\u0101jok\u013cu struktur\u0101l\u0101s un kvalitat\u012bv\u0101s at\u0161\u0137ir\u012bbas starp periodiem.<\/p>\n<p>MCI aptver visus m\u0101jok\u013cu pirkumus, kas nosl\u0113gti starp m\u0101jsaimniec\u012bb\u0101m, no vienas puses, un komersantiem, valsts vai pa\u0161vald\u012bbu iest\u0101d\u0113m, no otras puses, k\u0101 ar\u012b starp div\u0101m vai vair\u0101k\u0101m m\u0101jsaimniec\u012bb\u0101m neatkar\u012bgi no \u012bpa\u0161uma ieg\u0101des m\u0113r\u0137a un turpm\u0101k\u0101 izmanto\u0161anas veida.<\/p>\n<p>M\u0101jok\u013cu cenu indeksa apkopo\u0161anas metodolo\u0123ija ir pieejama ofici\u0101l\u0101s statistikas port\u0101la sada\u013c\u0101\u00a0<a href=\"https:\/\/stat.gov.lv\/lv\/metadati\/2561-majokla-cenu-indekss\" target=\"_blank\" rel=\"nofollow noopener\">Apraksto\u0161ie metadati<\/a>.<\/p>\n<p>          <img decoding=\"async\" src=\"https:\/\/www.europesays.com\/lv\/wp-content\/uploads\/2025\/12\/1765814709_166_logo-lv.png\" alt=\"\"\/><\/p>\n<p>                  \u0160\u012b inform\u0101cija ir publisks pazi\u0146ojums un neatspogu\u013co LV port\u0101la viedokli. Par t\u0101s saturu atbild ies\u016bt\u012bt\u0101js. <a data-popup=\"rules\">Public\u0113\u0161anas noteikumi<\/a><\/p>\n","protected":false},"excerpt":{"rendered":"2025. gada 3. ceturksn\u012b, sal\u012bdzinot ar 2024. gada 3. ceturksni, m\u0101jok\u013cu cenas pieaugu\u0161as par 8,4%, liecina jaun\u0101kie Centr\u0101l\u0101s&hellip;\n","protected":false},"author":2,"featured_media":75954,"comment_status":"","ping_status":"","sticky":false,"template":"","format":"standard","meta":{"footnotes":""},"categories":[5],"tags":[23,28,29,32,33,22,30,31,35,39,38,36,37,34,40,20,26,27,24,25,21],"class_list":{"0":"post-75953","1":"post","2":"type-post","3":"status-publish","4":"format-standard","5":"has-post-thumbnail","7":"category-aktualitates","8":"tag-aktualitates","9":"tag-breaking-news","10":"tag-breakingnews","11":"tag-featured-news","12":"tag-featurednews","13":"tag-headlines","14":"tag-latest-news","15":"tag-latestnews","16":"tag-latvia","17":"tag-latvian","18":"tag-latviesu","19":"tag-latviesu-valoda","20":"tag-latviesuvaloda","21":"tag-latvija","22":"tag-lv","23":"tag-news","24":"tag-popularakas-zinas","25":"tag-popularakaszinas","26":"tag-top-stories","27":"tag-topstories","28":"tag-zinas"},"share_on_mastodon":{"url":"https:\/\/pubeurope.com\/@lv\/115726296473277316","error":""},"_links":{"self":[{"href":"https:\/\/www.europesays.com\/lv\/wp-json\/wp\/v2\/posts\/75953","targetHints":{"allow":["GET"]}}],"collection":[{"href":"https:\/\/www.europesays.com\/lv\/wp-json\/wp\/v2\/posts"}],"about":[{"href":"https:\/\/www.europesays.com\/lv\/wp-json\/wp\/v2\/types\/post"}],"author":[{"embeddable":true,"href":"https:\/\/www.europesays.com\/lv\/wp-json\/wp\/v2\/users\/2"}],"replies":[{"embeddable":true,"href":"https:\/\/www.europesays.com\/lv\/wp-json\/wp\/v2\/comments?post=75953"}],"version-history":[{"count":0,"href":"https:\/\/www.europesays.com\/lv\/wp-json\/wp\/v2\/posts\/75953\/revisions"}],"wp:featuredmedia":[{"embeddable":true,"href":"https:\/\/www.europesays.com\/lv\/wp-json\/wp\/v2\/media\/75954"}],"wp:attachment":[{"href":"https:\/\/www.europesays.com\/lv\/wp-json\/wp\/v2\/media?parent=75953"}],"wp:term":[{"taxonomy":"category","embeddable":true,"href":"https:\/\/www.europesays.com\/lv\/wp-json\/wp\/v2\/categories?post=75953"},{"taxonomy":"post_tag","embeddable":true,"href":"https:\/\/www.europesays.com\/lv\/wp-json\/wp\/v2\/tags?post=75953"}],"curies":[{"name":"wp","href":"https:\/\/api.w.org\/{rel}","templated":true}]}}