{"id":75957,"date":"2025-12-16T00:01:09","date_gmt":"2025-12-16T00:01:09","guid":{"rendered":"https:\/\/www.europesays.com\/lv\/75957\/"},"modified":"2025-12-16T00:01:09","modified_gmt":"2025-12-16T00:01:09","slug":"dzeks-uzskerdejs-bijis-polu-ebreju-izcelsmes-frizieris-apgalvo-vesturnieks","status":"publish","type":"post","link":"https:\/\/www.europesays.com\/lv\/75957\/","title":{"rendered":"\u201cD\u017eeks Uz\u0161\u0137\u0113rd\u0113js\u201d bijis po\u013cu-ebreju izcelsmes frizieris, apgalvo v\u0113sturnieks"},"content":{"rendered":"<p>Ang\u013cu v\u0113sturnieks Rasels Edvards apgalvo, ka svaig\u0101k\u0101s DNS anal\u012bzes apstiprina ilgsto\u0161i aizdom\u0101s tur\u0113t\u0101 \u0100rona Kosminska vainu. Ta\u010du eksperti nor\u0101da, ka izmekl\u0113\u0161ana aizvien ir t\u0101lu no gala atrisin\u0101juma, zi\u0146o &#8220;The Jerusalem Post&#8221;.<\/p>\n<p>Ang\u013cu v\u0113sturnieks apgalvo, ka vi\u0146\u0161 ieguvis p\u0101rliecino\u0161us pier\u0101d\u012bjumus par to, ka po\u013cu-ebreju izcelsmes frizieris \u0100rons Kosminskis ar\u012b bijis b\u0113d\u012bgi slavenais &#8220;D\u017eeks Uz\u0161\u0137\u0113rd\u0113js&#8221; \u2014 slepkava, kur\u0161 teroriz\u0113ja Londonas ielas pirms vair\u0101k nek\u0101 130 gadiem.<\/p>\n<p>P\u0113rn public\u0113t\u0101 gr\u0101mat\u0101 v\u0113sturnieks apgalvo, ka slepkav\u012bb\u0101s bijis vain\u012bgs Kosminskis.<\/p>\n","protected":false},"excerpt":{"rendered":"Ang\u013cu v\u0113sturnieks Rasels Edvards apgalvo, ka svaig\u0101k\u0101s DNS anal\u012bzes apstiprina ilgsto\u0161i aizdom\u0101s tur\u0113t\u0101 \u0100rona Kosminska vainu. Ta\u010du eksperti&hellip;\n","protected":false},"author":2,"featured_media":75958,"comment_status":"","ping_status":"","sticky":false,"template":"","format":"standard","meta":{"footnotes":""},"categories":[14],"tags":[23,57,28,29,32,33,22,30,31,35,39,38,36,37,34,40,20,26,27,24,25,54,55,56,21,58],"class_list":{"0":"post-75957","1":"post","2":"type-post","3":"status-publish","4":"format-standard","5":"has-post-thumbnail","7":"category-zinas-no-arvalstim","8":"tag-aktualitates","9":"tag-arvalstim","10":"tag-breaking-news","11":"tag-breakingnews","12":"tag-featured-news","13":"tag-featurednews","14":"tag-headlines","15":"tag-latest-news","16":"tag-latestnews","17":"tag-latvia","18":"tag-latvian","19":"tag-latviesu","20":"tag-latviesu-valoda","21":"tag-latviesuvaloda","22":"tag-latvija","23":"tag-lv","24":"tag-news","25":"tag-popularakas-zinas","26":"tag-popularakaszinas","27":"tag-top-stories","28":"tag-topstories","29":"tag-world","30":"tag-world-news","31":"tag-worldnews","32":"tag-zinas","33":"tag-zinas-no-arvalstim"},"share_on_mastodon":{"url":"https:\/\/pubeurope.com\/@lv\/115726311928619852","error":""},"_links":{"self":[{"href":"https:\/\/www.europesays.com\/lv\/wp-json\/wp\/v2\/posts\/75957","targetHints":{"allow":["GET"]}}],"collection":[{"href":"https:\/\/www.europesays.com\/lv\/wp-json\/wp\/v2\/posts"}],"about":[{"href":"https:\/\/www.europesays.com\/lv\/wp-json\/wp\/v2\/types\/post"}],"author":[{"embeddable":true,"href":"https:\/\/www.europesays.com\/lv\/wp-json\/wp\/v2\/users\/2"}],"replies":[{"embeddable":true,"href":"https:\/\/www.europesays.com\/lv\/wp-json\/wp\/v2\/comments?post=75957"}],"version-history":[{"count":0,"href":"https:\/\/www.europesays.com\/lv\/wp-json\/wp\/v2\/posts\/75957\/revisions"}],"wp:featuredmedia":[{"embeddable":true,"href":"https:\/\/www.europesays.com\/lv\/wp-json\/wp\/v2\/media\/75958"}],"wp:attachment":[{"href":"https:\/\/www.europesays.com\/lv\/wp-json\/wp\/v2\/media?parent=75957"}],"wp:term":[{"taxonomy":"category","embeddable":true,"href":"https:\/\/www.europesays.com\/lv\/wp-json\/wp\/v2\/categories?post=75957"},{"taxonomy":"post_tag","embeddable":true,"href":"https:\/\/www.europesays.com\/lv\/wp-json\/wp\/v2\/tags?post=75957"}],"curies":[{"name":"wp","href":"https:\/\/api.w.org\/{rel}","templated":true}]}}