{"id":75961,"date":"2025-12-16T00:13:08","date_gmt":"2025-12-16T00:13:08","guid":{"rendered":"https:\/\/www.europesays.com\/lv\/75961\/"},"modified":"2025-12-16T00:13:08","modified_gmt":"2025-12-16T00:13:08","slug":"eiropas-lideri-rosina-izveidot-eiropas-vaditus-un-asv-atbalstitus-daudznacionalos-spekus","status":"publish","type":"post","link":"https:\/\/www.europesays.com\/lv\/75961\/","title":{"rendered":"Eiropas l\u012bderi rosina izveidot Eiropas vad\u012btus un ASV atbalst\u012btus daudznacion\u0101los sp\u0113kus"},"content":{"rendered":"<p>\u0160ie sp\u0113ki b\u016btu da\u013ca no &#8220;stingraj\u0101m dro\u0161\u012bbas garantij\u0101m&#8221;, ko Ukrainai sniegtu ASV un Eiropas valstis.<\/p>\n<p>To m\u0113r\u0137is b\u016btu garant\u0113t, ka Krievija nep\u0101rk\u0101pj vieno\u0161anos par kara izbeig\u0161anu.<\/p>\n<p>Pazi\u0146ojums, ko parakst\u012bju\u0161i ar\u012b Francijas, Lielbrit\u0101nijas un V\u0101cijas vad\u012bt\u0101ji, public\u0113ts laik\u0101, kad Eiropas l\u012bderi Berl\u012bn\u0113 tik\u0101s ar Ukrainas prezidentu Volodimiru Zelenski.<\/p>\n<p>Pazi\u0146ojum\u0101 izkl\u0101st\u012bti ar\u012b citi punkti, par ko, k\u0101 teikts, desmit Eiropas l\u012bderi un ASV amatpersonas sarun\u0101s par miera priek\u0161likuma apris\u0113m pan\u0101ku\u0161as vieno\u0161anos.<\/p>\n<p>Pazi\u0146ojum\u0101 teikts, ka Ukrainas armijai b\u016btu j\u0101turpina sa\u0146emt pla\u0161u atbalstu un j\u0101saglab\u0101 miera laik\u0101 paredz\u0113tais 800 000 karav\u012bru skaits.<\/p>\n<p>Miers tiktu uztur\u0113ts ar\u012b ar &#8220;ASV vad\u012btu uguns p\u0101rtrauk\u0161anas uzraudz\u012bbas un p\u0101rbaudes meh\u0101nismu&#8221;, kas identific\u0113tu p\u0101rk\u0101pumus un &#8220;nodro\u0161in\u0101tu agr\u012bnu br\u012bdin\u0101\u0161anu par jebk\u0101diem turpm\u0101kiem uzbrukumiem&#8221;, teikts pazi\u0146ojum\u0101.<\/p>\n<p>Pazi\u0146ojumu parakst\u012bja D\u0101nijas, Francijas, It\u0101lijas, Lielbrit\u0101nijas, N\u012bderlandes, Norv\u0113\u0123ijas, Polijas, Somijas, V\u0101cijas un Zviedrijas vad\u012bt\u0101ji, k\u0101 ar\u012b Eiropadomes un Eiropas Komisijas vad\u012bt\u0101ji.<\/p>\n","protected":false},"excerpt":{"rendered":"\u0160ie sp\u0113ki b\u016btu da\u013ca no &#8220;stingraj\u0101m dro\u0161\u012bbas garantij\u0101m&#8221;, ko Ukrainai sniegtu ASV un Eiropas valstis. To m\u0113r\u0137is b\u016btu&hellip;\n","protected":false},"author":2,"featured_media":75962,"comment_status":"","ping_status":"","sticky":false,"template":"","format":"standard","meta":{"footnotes":""},"categories":[14],"tags":[23,57,28,29,32,33,22,74,30,31,35,39,38,36,37,34,40,20,26,27,24,25,54,55,56,21,58],"class_list":{"0":"post-75961","1":"post","2":"type-post","3":"status-publish","4":"format-standard","5":"has-post-thumbnail","7":"category-zinas-no-arvalstim","8":"tag-aktualitates","9":"tag-arvalstim","10":"tag-breaking-news","11":"tag-breakingnews","12":"tag-featured-news","13":"tag-featurednews","14":"tag-headlines","15":"tag-krievijas-iebrukums-ukraina","16":"tag-latest-news","17":"tag-latestnews","18":"tag-latvia","19":"tag-latvian","20":"tag-latviesu","21":"tag-latviesu-valoda","22":"tag-latviesuvaloda","23":"tag-latvija","24":"tag-lv","25":"tag-news","26":"tag-popularakas-zinas","27":"tag-popularakaszinas","28":"tag-top-stories","29":"tag-topstories","30":"tag-world","31":"tag-world-news","32":"tag-worldnews","33":"tag-zinas","34":"tag-zinas-no-arvalstim"},"share_on_mastodon":{"url":"https:\/\/pubeurope.com\/@lv\/115726359119883964","error":""},"_links":{"self":[{"href":"https:\/\/www.europesays.com\/lv\/wp-json\/wp\/v2\/posts\/75961","targetHints":{"allow":["GET"]}}],"collection":[{"href":"https:\/\/www.europesays.com\/lv\/wp-json\/wp\/v2\/posts"}],"about":[{"href":"https:\/\/www.europesays.com\/lv\/wp-json\/wp\/v2\/types\/post"}],"author":[{"embeddable":true,"href":"https:\/\/www.europesays.com\/lv\/wp-json\/wp\/v2\/users\/2"}],"replies":[{"embeddable":true,"href":"https:\/\/www.europesays.com\/lv\/wp-json\/wp\/v2\/comments?post=75961"}],"version-history":[{"count":0,"href":"https:\/\/www.europesays.com\/lv\/wp-json\/wp\/v2\/posts\/75961\/revisions"}],"wp:featuredmedia":[{"embeddable":true,"href":"https:\/\/www.europesays.com\/lv\/wp-json\/wp\/v2\/media\/75962"}],"wp:attachment":[{"href":"https:\/\/www.europesays.com\/lv\/wp-json\/wp\/v2\/media?parent=75961"}],"wp:term":[{"taxonomy":"category","embeddable":true,"href":"https:\/\/www.europesays.com\/lv\/wp-json\/wp\/v2\/categories?post=75961"},{"taxonomy":"post_tag","embeddable":true,"href":"https:\/\/www.europesays.com\/lv\/wp-json\/wp\/v2\/tags?post=75961"}],"curies":[{"name":"wp","href":"https:\/\/api.w.org\/{rel}","templated":true}]}}