{"id":75965,"date":"2025-12-16T00:19:12","date_gmt":"2025-12-16T00:19:12","guid":{"rendered":"https:\/\/www.europesays.com\/lv\/75965\/"},"modified":"2025-12-16T00:19:12","modified_gmt":"2025-12-16T00:19:12","slug":"azerbaidzanas-prezidents-gatavo-plasu-amnestiju","status":"publish","type":"post","link":"https:\/\/www.europesays.com\/lv\/75965\/","title":{"rendered":"Azerbaid\u017e\u0101nas prezidents gatavo pla\u0161u amnestiju"},"content":{"rendered":"<p>Alijevs iesniedzis Azerbaid\u017e\u0101nas parlament\u0101 amnestijas akta projektu, raksturojot \u0161o iniciat\u012bvu k\u0101 &#8220;hum\u0101nisma un \u017e\u0113lsird\u012bbas \u017eestu&#8221;, v\u0113sta valsts zi\u0146u a\u0123ent\u016bra &#8220;Azertag&#8221;.<\/p>\n<p>Atbilsto\u0161i iecerei tiktu atbr\u012bvoti 5000 ieslodz\u012bto, un aptuveni 15 000 ieslodz\u012bto sods tiktu samazin\u0101ts vai atcelts.<\/p>\n<p>Nav skaidrs, vai amnestija attieksies uz politieslodz\u012btajiem.<\/p>\n<p>To skaits, k\u0101 nor\u0101da Eiropas Parlaments, p\u0113d\u0113jos gados pieaudzis l\u012bdz teju 400.<\/p>\n<p>Cilv\u0113kties\u012bbu aizsardz\u012bbas organiz\u0101cijas kritiz\u0113 Azerbaid\u017e\u0101nu par politisk\u0101s opoz\u012bcijas apspie\u0161anu un v\u0113r\u0161anos pret neatkar\u012bgajiem medijiem.<\/p>\n","protected":false},"excerpt":{"rendered":"Alijevs iesniedzis Azerbaid\u017e\u0101nas parlament\u0101 amnestijas akta projektu, raksturojot \u0161o iniciat\u012bvu k\u0101 &#8220;hum\u0101nisma un \u017e\u0113lsird\u012bbas \u017eestu&#8221;, v\u0113sta valsts zi\u0146u&hellip;\n","protected":false},"author":2,"featured_media":75966,"comment_status":"","ping_status":"","sticky":false,"template":"","format":"standard","meta":{"footnotes":""},"categories":[14],"tags":[23,5156,57,340,28,29,32,33,22,30,31,35,39,38,36,37,34,40,20,26,27,24,25,54,55,56,21,58],"class_list":{"0":"post-75965","1":"post","2":"type-post","3":"status-publish","4":"format-standard","5":"has-post-thumbnail","7":"category-zinas-no-arvalstim","8":"tag-aktualitates","9":"tag-arpolitika","10":"tag-arvalstim","11":"tag-azerbaidzana","12":"tag-breaking-news","13":"tag-breakingnews","14":"tag-featured-news","15":"tag-featurednews","16":"tag-headlines","17":"tag-latest-news","18":"tag-latestnews","19":"tag-latvia","20":"tag-latvian","21":"tag-latviesu","22":"tag-latviesu-valoda","23":"tag-latviesuvaloda","24":"tag-latvija","25":"tag-lv","26":"tag-news","27":"tag-popularakas-zinas","28":"tag-popularakaszinas","29":"tag-top-stories","30":"tag-topstories","31":"tag-world","32":"tag-world-news","33":"tag-worldnews","34":"tag-zinas","35":"tag-zinas-no-arvalstim"},"share_on_mastodon":{"url":"https:\/\/pubeurope.com\/@lv\/115726382708288254","error":""},"_links":{"self":[{"href":"https:\/\/www.europesays.com\/lv\/wp-json\/wp\/v2\/posts\/75965","targetHints":{"allow":["GET"]}}],"collection":[{"href":"https:\/\/www.europesays.com\/lv\/wp-json\/wp\/v2\/posts"}],"about":[{"href":"https:\/\/www.europesays.com\/lv\/wp-json\/wp\/v2\/types\/post"}],"author":[{"embeddable":true,"href":"https:\/\/www.europesays.com\/lv\/wp-json\/wp\/v2\/users\/2"}],"replies":[{"embeddable":true,"href":"https:\/\/www.europesays.com\/lv\/wp-json\/wp\/v2\/comments?post=75965"}],"version-history":[{"count":0,"href":"https:\/\/www.europesays.com\/lv\/wp-json\/wp\/v2\/posts\/75965\/revisions"}],"wp:featuredmedia":[{"embeddable":true,"href":"https:\/\/www.europesays.com\/lv\/wp-json\/wp\/v2\/media\/75966"}],"wp:attachment":[{"href":"https:\/\/www.europesays.com\/lv\/wp-json\/wp\/v2\/media?parent=75965"}],"wp:term":[{"taxonomy":"category","embeddable":true,"href":"https:\/\/www.europesays.com\/lv\/wp-json\/wp\/v2\/categories?post=75965"},{"taxonomy":"post_tag","embeddable":true,"href":"https:\/\/www.europesays.com\/lv\/wp-json\/wp\/v2\/tags?post=75965"}],"curies":[{"name":"wp","href":"https:\/\/api.w.org\/{rel}","templated":true}]}}