{"id":75988,"date":"2025-12-16T02:03:18","date_gmt":"2025-12-16T02:03:18","guid":{"rendered":"https:\/\/www.europesays.com\/lv\/75988\/"},"modified":"2025-12-16T02:03:18","modified_gmt":"2025-12-16T02:03:18","slug":"gada-laika-majoklu-cenas-provizoriski-palielinajusas-par-84","status":"publish","type":"post","link":"https:\/\/www.europesays.com\/lv\/75988\/","title":{"rendered":"Gada laik\u0101 m\u0101jok\u013cu cenas provizoriski palielin\u0101ju\u0161\u0101s par 8,4 %"},"content":{"rendered":"<p>2025.gada tre\u0161aj\u0101\u00a0ceturksn\u012b, sal\u012bdzinot ar 2024.\u00a0gada tre\u0161o\u00a0ceturksni, m\u0101jok\u013cu cenas pieauga par\u00a08,4\u00a0%,\u00a0liecina jaun\u0101kie Centr\u0101l\u0101s statistikas p\u0101rvaldes (CSP) provizoriskie dati. Jauniem m\u0101jok\u013ciem cenas palielin\u0101j\u0101s par 3,8\u00a0%, bet lietotiem m\u0101jok\u013ciem vid\u0113jais cenu l\u012bmenis pieauga par 9,4\u00a0%.<\/p>\n<p>\u0160ie dati gan ir provizoriski, nor\u0101da CSP. Gal\u012bgie dati tiks public\u0113ti kop\u0101 ar 2025. gada ceturt\u0101 ceturk\u0161\u0146a provizoriskajiem datiem n\u0101kam\u0101 gada 13.mart\u0101.<\/p>\n<p>\u0160\u0101gada tre\u0161aj\u0101\u00a0ceturksn\u012b, sal\u012bdzinot ar otro\u00a0ceturksni, m\u0101jok\u013cu cenas palielin\u0101j\u0101s par\u00a05,2\u00a0%. Jauniem m\u0101jok\u013ciem cenas palielin\u0101j\u0101s par\u00a03,3\u00a0%, bet lietoti m\u0101jok\u013ci bija par\u00a05,6\u00a0% d\u0101rg\u0101ki.<\/p>\n<p>Sal\u012bdzinot ar 2015.\u00a0gadu, m\u0101jok\u013cu cenas 2025.\u00a0gada tre\u0161aj\u0101\u00a0ceturksn\u012b bija par 120,7\u00a0% augst\u0101kas. Jauniem m\u0101jok\u013ciem cenas pieauga par 123,9\u00a0%, bet lietotiem m\u0101jok\u013ciem \u2013 par 118,5\u00a0%, inform\u0113ja CSP.<\/p>\n","protected":false},"excerpt":{"rendered":"2025.gada tre\u0161aj\u0101\u00a0ceturksn\u012b, sal\u012bdzinot ar 2024.\u00a0gada tre\u0161o\u00a0ceturksni, m\u0101jok\u013cu cenas pieauga par\u00a08,4\u00a0%,\u00a0liecina jaun\u0101kie Centr\u0101l\u0101s statistikas p\u0101rvaldes (CSP) provizoriskie dati. Jauniem&hellip;\n","protected":false},"author":2,"featured_media":75989,"comment_status":"","ping_status":"","sticky":false,"template":"","format":"standard","meta":{"footnotes":""},"categories":[12],"tags":[23,28,29,47,32,33,22,381,64,30,31,35,39,38,36,37,34,40,20,385,26,27,172,382,384,383,24,25,21],"class_list":{"0":"post-75988","1":"post","2":"type-post","3":"status-publish","4":"format-standard","5":"has-post-thumbnail","7":"category-latvija","8":"tag-aktualitates","9":"tag-breaking-news","10":"tag-breakingnews","11":"tag-ekonomika","12":"tag-featured-news","13":"tag-featurednews","14":"tag-headlines","15":"tag-jaunumi","16":"tag-kultura","17":"tag-latest-news","18":"tag-latestnews","19":"tag-latvia","20":"tag-latvian","21":"tag-latviesu","22":"tag-latviesu-valoda","23":"tag-latviesuvaloda","24":"tag-latvija","25":"tag-lv","26":"tag-news","27":"tag-pieriga","28":"tag-popularakas-zinas","29":"tag-popularakaszinas","30":"tag-riga","31":"tag-sabiedriba","32":"tag-sludinajumi","33":"tag-sports-afisa","34":"tag-top-stories","35":"tag-topstories","36":"tag-zinas"},"share_on_mastodon":{"url":"https:\/\/pubeurope.com\/@lv\/115726791662296185","error":""},"_links":{"self":[{"href":"https:\/\/www.europesays.com\/lv\/wp-json\/wp\/v2\/posts\/75988","targetHints":{"allow":["GET"]}}],"collection":[{"href":"https:\/\/www.europesays.com\/lv\/wp-json\/wp\/v2\/posts"}],"about":[{"href":"https:\/\/www.europesays.com\/lv\/wp-json\/wp\/v2\/types\/post"}],"author":[{"embeddable":true,"href":"https:\/\/www.europesays.com\/lv\/wp-json\/wp\/v2\/users\/2"}],"replies":[{"embeddable":true,"href":"https:\/\/www.europesays.com\/lv\/wp-json\/wp\/v2\/comments?post=75988"}],"version-history":[{"count":0,"href":"https:\/\/www.europesays.com\/lv\/wp-json\/wp\/v2\/posts\/75988\/revisions"}],"wp:featuredmedia":[{"embeddable":true,"href":"https:\/\/www.europesays.com\/lv\/wp-json\/wp\/v2\/media\/75989"}],"wp:attachment":[{"href":"https:\/\/www.europesays.com\/lv\/wp-json\/wp\/v2\/media?parent=75988"}],"wp:term":[{"taxonomy":"category","embeddable":true,"href":"https:\/\/www.europesays.com\/lv\/wp-json\/wp\/v2\/categories?post=75988"},{"taxonomy":"post_tag","embeddable":true,"href":"https:\/\/www.europesays.com\/lv\/wp-json\/wp\/v2\/tags?post=75988"}],"curies":[{"name":"wp","href":"https:\/\/api.w.org\/{rel}","templated":true}]}}