{"id":76171,"date":"2025-12-16T07:30:08","date_gmt":"2025-12-16T07:30:08","guid":{"rendered":"https:\/\/www.europesays.com\/lv\/76171\/"},"modified":"2025-12-16T07:30:08","modified_gmt":"2025-12-16T07:30:08","slug":"kiberapdraudejumu-limenis-sogad-latvija-ir-augstakais-kads-jebkad-bijis","status":"publish","type":"post","link":"https:\/\/www.europesays.com\/lv\/76171\/","title":{"rendered":"Kiberapdraud\u0113jumu l\u012bmenis \u0161ogad Latvij\u0101 ir augst\u0101kais, k\u0101ds jebkad bijis"},"content":{"rendered":"<p>&#8220;Apdraud\u0113juma l\u012bmenis ir augst\u0101kais, k\u0101ds mums jebkad ir redz\u0113ts,&#8221; sac\u012bja Ka\u0161kina, atsaucoties uz apkopotajiem datiem par \u0161\u0101 gada 11 m\u0113ne\u0161iem.<\/p>\n<p>Ka\u0161kina min\u0113ja, ka apdraud\u0113juma l\u012bmenis uzr\u0101da aug\u0161upejo\u0161u tendenci galvenok\u0101rt, pateicoties da\u017e\u0101d\u0101m kr\u0101p\u0161anas kampa\u0146\u0101m.<\/p>\n<p>Vienlaikus <a href=\"https:\/\/www.tvnet.lv\/term\/681615\/cert-lv\" class=\"topicLink\" target=\"_blank\" rel=\"nofollow noopener\">&#8220;Cert.lv&#8221;<\/a> vad\u012bt\u0101ja gan ar\u012b atzina, ka kiberapdraud\u0113jumu aktivit\u0101te nav bijusi vienm\u0113r\u012bga visa gada laik\u0101 &#8211; ir biju\u0161i br\u012b\u017ei, kad aktivit\u0101te ir liel\u0101ka, bet ir ar\u012b biju\u0161i mier\u012bg\u0101ki br\u012b\u017ei. Kopum\u0101 kiberapdraud\u0113jumu skaits \u0161ogad ir par apm\u0113ram 13% liel\u0101ks nek\u0101 pag\u0101ju\u0161aj\u0101 gad\u0101, kam\u0113r kr\u0101p\u0161anas gad\u012bjumu skaits ir pieaudzis par 30-35%.<\/p>\n<p>Ka\u0161kina prognoz\u0113ja, ka radik\u0101las izmai\u0146as tuv\u0101kaj\u0101 laik\u0101 attiec\u012bb\u0101 uz apdraud\u0113jumu aktivit\u0101ti nav gaid\u0101mas.<\/p>\n<p>&#8220;M\u0113s priec\u0101tos, ja apdraud\u0113jums strauji nek\u0101ptu, saglab\u0101tos eso\u0161aj\u0101 l\u012bmen\u012b. Protams, b\u016btu \u013coti jauki, ja nedaudz samazin\u0101tos. Tom\u0113r, \u0146emot v\u0113ra, ka (..) labkl\u0101j\u012bbas l\u012bmenis nedaudz palielin\u0101s, kiberkr\u0101pniekiem m\u0113s esam interesanti. T\u0101p\u0113c vien\u012bgais, kas var m\u016bs izgl\u0101bt ir izgl\u012bto\u0161an\u0101s, kritisk\u0101 dom\u0101\u0161ana,&#8221; sac\u012bja Ka\u0161kina.<\/p>\n<p>&#8220;Cert.lv&#8221; ir Latvijas Universit\u0101tes Matem\u0101tikas un inform\u0101tikas instit\u016bta strukt\u016brvien\u012bba, kuras uzdevumi ir uztur\u0113t vienotu elektronisk\u0101s inform\u0101cijas telp\u0101 notieko\u0161o darb\u012bbu atainojumu, sniegt atbalstu inform\u0101cijas tehnolo\u0123iju dro\u0161\u012bbas incidentu nov\u0113r\u0161an\u0101 vai koordin\u0113t to nov\u0113r\u0161anu Latvijas IP adre\u0161u apgabalos un &#8220;.lv&#8221; dom\u0113na v\u0101rdu zon\u0101.<\/p>\n","protected":false},"excerpt":{"rendered":"&#8220;Apdraud\u0113juma l\u012bmenis ir augst\u0101kais, k\u0101ds mums jebkad ir redz\u0113ts,&#8221; sac\u012bja Ka\u0161kina, atsaucoties uz apkopotajiem datiem par \u0161\u0101 gada&hellip;\n","protected":false},"author":2,"featured_media":76172,"comment_status":"","ping_status":"","sticky":false,"template":"","format":"standard","meta":{"footnotes":""},"categories":[12],"tags":[23,28,29,4244,32,33,22,1064,30,31,35,39,38,36,37,34,40,20,26,27,24,25,21],"class_list":{"0":"post-76171","1":"post","2":"type-post","3":"status-publish","4":"format-standard","5":"has-post-thumbnail","7":"category-latvija","8":"tag-aktualitates","9":"tag-breaking-news","10":"tag-breakingnews","11":"tag-cert-lv","12":"tag-featured-news","13":"tag-featurednews","14":"tag-headlines","15":"tag-kiberdrosiba","16":"tag-latest-news","17":"tag-latestnews","18":"tag-latvia","19":"tag-latvian","20":"tag-latviesu","21":"tag-latviesu-valoda","22":"tag-latviesuvaloda","23":"tag-latvija","24":"tag-lv","25":"tag-news","26":"tag-popularakas-zinas","27":"tag-popularakaszinas","28":"tag-top-stories","29":"tag-topstories","30":"tag-zinas"},"share_on_mastodon":{"url":"https:\/\/pubeurope.com\/@lv\/115728077487516922","error":""},"_links":{"self":[{"href":"https:\/\/www.europesays.com\/lv\/wp-json\/wp\/v2\/posts\/76171","targetHints":{"allow":["GET"]}}],"collection":[{"href":"https:\/\/www.europesays.com\/lv\/wp-json\/wp\/v2\/posts"}],"about":[{"href":"https:\/\/www.europesays.com\/lv\/wp-json\/wp\/v2\/types\/post"}],"author":[{"embeddable":true,"href":"https:\/\/www.europesays.com\/lv\/wp-json\/wp\/v2\/users\/2"}],"replies":[{"embeddable":true,"href":"https:\/\/www.europesays.com\/lv\/wp-json\/wp\/v2\/comments?post=76171"}],"version-history":[{"count":0,"href":"https:\/\/www.europesays.com\/lv\/wp-json\/wp\/v2\/posts\/76171\/revisions"}],"wp:featuredmedia":[{"embeddable":true,"href":"https:\/\/www.europesays.com\/lv\/wp-json\/wp\/v2\/media\/76172"}],"wp:attachment":[{"href":"https:\/\/www.europesays.com\/lv\/wp-json\/wp\/v2\/media?parent=76171"}],"wp:term":[{"taxonomy":"category","embeddable":true,"href":"https:\/\/www.europesays.com\/lv\/wp-json\/wp\/v2\/categories?post=76171"},{"taxonomy":"post_tag","embeddable":true,"href":"https:\/\/www.europesays.com\/lv\/wp-json\/wp\/v2\/tags?post=76171"}],"curies":[{"name":"wp","href":"https:\/\/api.w.org\/{rel}","templated":true}]}}