{"id":76223,"date":"2025-12-16T08:15:15","date_gmt":"2025-12-16T08:15:15","guid":{"rendered":"https:\/\/www.europesays.com\/lv\/76223\/"},"modified":"2025-12-16T08:15:15","modified_gmt":"2025-12-16T08:15:15","slug":"tikai-darbs-mani-tur-pie-dzives-raitis-timma-mierinajumu-rod-trenejot-bernus","status":"publish","type":"post","link":"https:\/\/www.europesays.com\/lv\/76223\/","title":{"rendered":"&#8220;Tikai darbs mani tur pie dz\u012bves.&#8221; Raitis Timma mierin\u0101jumu rod, tren\u0113jot b\u0113rnus"},"content":{"rendered":"<p>Lai gan kop\u0161 tra\u0123isk\u0101s v\u0113sts pag\u0101jis gads, <a href=\"https:\/\/www.apollo.lv\/term\/790472\/raitis-timma\" class=\"topicLink\" target=\"_blank\" rel=\"nofollow noopener\">Raitis Timma<\/a> atz\u012bst, ka s\u0101pes nav rimu\u0161\u0101s. Vi\u0146a galvenais gl\u0101bi\u0146\u0161 ir profesion\u0101l\u0101 darb\u012bba un basketbols. Ikdien\u0101 tren\u0113jot jaunos talantus un pirmklasniekus Kr\u0101slavas novada sporta skol\u0101, Raitis apzin\u0101ti sevi maksim\u0101li noslogo, jo tie\u0161i intens\u012bvais darba grafiks un atra\u0161an\u0101s sporta z\u0101l\u0113 ir tas, kas pal\u012bdz &#8220;tur\u0113ties pie dz\u012bves&#8221; un ne\u013cauj iegrimt smag\u0101s dom\u0101s.<\/p>\n<p>Piln\u012bb\u0101 aizmirst notiku\u0161o nav iesp\u0113jams, un saikne ar d\u0113lu saglab\u0101jas neapzin\u0101t\u0101 l\u012bmen\u012b. Raitis atkl\u0101j, ka J\u0101ni joproj\u0101m bie\u017ei redz sap\u0146os, tajos vi\u0146i abi ir kop\u0101 basketbola laukum\u0101, sp\u0113l\u0113 vai tren\u0113jas, un \u0161ie mirk\u013ci esot tik re\u0101li, ka \u0161\u0137iet, d\u0113ls joproj\u0101m ir dz\u012bvs un tepat blakus.<\/p>\n<p>Pilnu sarunu ar Raiti Timmu lasi \u017eurn\u0101la &#8220;Kas Jauns&#8221; 16. decembra numur\u0101.<\/p>\n","protected":false},"excerpt":{"rendered":"Lai gan kop\u0161 tra\u0123isk\u0101s v\u0113sts pag\u0101jis gads, Raitis Timma atz\u012bst, ka s\u0101pes nav rimu\u0161\u0101s. Vi\u0146a galvenais gl\u0101bi\u0146\u0161 ir&hellip;\n","protected":false},"author":2,"featured_media":76224,"comment_status":"","ping_status":"","sticky":false,"template":"","format":"standard","meta":{"footnotes":""},"categories":[17],"tags":[35,39,38,36,37,34,1429,40,7353,67],"class_list":{"0":"post-76223","1":"post","2":"type-post","3":"status-publish","4":"format-standard","5":"has-post-thumbnail","7":"category-sports","8":"tag-latvia","9":"tag-latvian","10":"tag-latviesu","11":"tag-latviesu-valoda","12":"tag-latviesuvaloda","13":"tag-latvija","14":"tag-latvijas-zurnali","15":"tag-lv","16":"tag-raitis-timma","17":"tag-sports"},"share_on_mastodon":{"url":"https:\/\/pubeurope.com\/@lv\/115728254382472514","error":""},"_links":{"self":[{"href":"https:\/\/www.europesays.com\/lv\/wp-json\/wp\/v2\/posts\/76223","targetHints":{"allow":["GET"]}}],"collection":[{"href":"https:\/\/www.europesays.com\/lv\/wp-json\/wp\/v2\/posts"}],"about":[{"href":"https:\/\/www.europesays.com\/lv\/wp-json\/wp\/v2\/types\/post"}],"author":[{"embeddable":true,"href":"https:\/\/www.europesays.com\/lv\/wp-json\/wp\/v2\/users\/2"}],"replies":[{"embeddable":true,"href":"https:\/\/www.europesays.com\/lv\/wp-json\/wp\/v2\/comments?post=76223"}],"version-history":[{"count":0,"href":"https:\/\/www.europesays.com\/lv\/wp-json\/wp\/v2\/posts\/76223\/revisions"}],"wp:featuredmedia":[{"embeddable":true,"href":"https:\/\/www.europesays.com\/lv\/wp-json\/wp\/v2\/media\/76224"}],"wp:attachment":[{"href":"https:\/\/www.europesays.com\/lv\/wp-json\/wp\/v2\/media?parent=76223"}],"wp:term":[{"taxonomy":"category","embeddable":true,"href":"https:\/\/www.europesays.com\/lv\/wp-json\/wp\/v2\/categories?post=76223"},{"taxonomy":"post_tag","embeddable":true,"href":"https:\/\/www.europesays.com\/lv\/wp-json\/wp\/v2\/tags?post=76223"}],"curies":[{"name":"wp","href":"https:\/\/api.w.org\/{rel}","templated":true}]}}