{"id":76267,"date":"2025-12-16T08:59:09","date_gmt":"2025-12-16T08:59:09","guid":{"rendered":"https:\/\/www.europesays.com\/lv\/76267\/"},"modified":"2025-12-16T08:59:09","modified_gmt":"2025-12-16T08:59:09","slug":"asv-solija-ukrainai-platina-drosibas-garantijas-tacu-ir-svariga-nianse","status":"publish","type":"post","link":"https:\/\/www.europesays.com\/lv\/76267\/","title":{"rendered":"ASV sol\u012bja Ukrainai \u201cplat\u012bna\u201d dro\u0161\u012bbas garantijas, ta\u010du ir svar\u012bga nianse"},"content":{"rendered":"<p>    <img decoding=\"async\" src=\"https:\/\/www.europesays.com\/lv\/wp-content\/uploads\/2025\/12\/afp_36yf4ey-1024x683.jpg\" alt=\"&#10;\"\/><\/p>\n<p>Foto: AFP\/Scanpix\n<\/p>\n<p>10:48, 16. decembris 2025<\/p>\n<p>ASV pazi\u0146oja, ka ir pied\u0101v\u0101jusi Ukrainai \u201cplat\u012bna\u201d dro\u0161\u012bbas garantijas, kuru pie\u0146em\u0161anai b\u016btu nepiecie\u0161ams balsojums Kongres\u0101, un pauda uzskatu, ka ir atrisin\u0101ju\u0161as \u201c90 procentus\u201d probl\u0113mu starp Ukrainu un Krieviju, v\u0113sta \u0101rvalstu mediji.  <\/p>\n<p>        Las\u012bt\u0101kie<br \/>\n        <a data-imagesrc=\"{&quot;300&quot;:&quot;https:\\\/\\\/lastatic.ams3.cdn.digitaloceanspaces.com\\\/2025\\\/12\\\/FotoJet-3-2-300x200.jpg&quot;,&quot;1024&quot;:&quot;https:\\\/\\\/lastatic.ams3.cdn.digitaloceanspaces.com\\\/2025\\\/12\\\/FotoJet-3-2-1024x683.jpg&quot;,&quot;1536&quot;:&quot;https:\\\/\\\/lastatic.ams3.cdn.digitaloceanspaces.com\\\/2025\\\/12\\\/FotoJet-3-2-1536x1024.jpg&quot;,&quot;500&quot;:&quot;https:\\\/\\\/lastatic.ams3.cdn.digitaloceanspaces.com\\\/2025\\\/12\\\/FotoJet-3-2-500x333.jpg&quot;,&quot;800&quot;:&quot;https:\\\/\\\/lastatic.ams3.cdn.digitaloceanspaces.com\\\/2025\\\/12\\\/FotoJet-3-2-800x533.jpg&quot;,&quot;1800&quot;:&quot;https:\\\/\\\/lastatic.ams3.cdn.digitaloceanspaces.com\\\/2025\\\/12\\\/FotoJet-3-2.jpg&quot;}\" data-focuspoint=\"&quot;&quot;\" data-p=\"2481125\" href=\"https:\/\/www.la.lv\/sakuma-domaju-ka-kluda-pircejs-pamatigi-samulsis-par-lasito-uz-selgas-produkta-iepakojuma\" class=\"content-item lazy-load\" wp_automatic_readability=\"27\" rel=\"nofollow noopener\" target=\"_blank\"><\/p>\n<p>                                <img decoding=\"async\" src=\"\" alt=\"\" style=\"\" data-imageid=\"\"\/><\/p>\n<p>\n                                                \u201cS\u0101kum\u0101 dom\u0101ju, ka k\u013c\u016bda\u2026\u201d Pirc\u0113js pamat\u012bgi samulsis par las\u012bto uz \u201cSelgas\u201d produkta iepakojuma\n                            <\/p>\n<p><\/a><a data-imagesrc=\"{&quot;300&quot;:&quot;https:\\\/\\\/lastatic.ams3.cdn.digitaloceanspaces.com\\\/2020\\\/07\\\/saule-zinatne-kosmoss-AFP-300x212.jpg&quot;,&quot;768&quot;:&quot;https:\\\/\\\/lastatic.ams3.cdn.digitaloceanspaces.com\\\/2020\\\/07\\\/saule-zinatne-kosmoss-AFP-768x543.jpg&quot;,&quot;200&quot;:&quot;https:\\\/\\\/lastatic.ams3.cdn.digitaloceanspaces.com\\\/2020\\\/07\\\/saule-zinatne-kosmoss-AFP-200x141.jpg&quot;,&quot;400&quot;:&quot;https:\\\/\\\/lastatic.ams3.cdn.digitaloceanspaces.com\\\/2020\\\/07\\\/saule-zinatne-kosmoss-AFP-400x283.jpg&quot;,&quot;500&quot;:&quot;https:\\\/\\\/lastatic.ams3.cdn.digitaloceanspaces.com\\\/2020\\\/07\\\/saule-zinatne-kosmoss-AFP-500x354.jpg&quot;,&quot;800&quot;:&quot;https:\\\/\\\/lastatic.ams3.cdn.digitaloceanspaces.com\\\/2020\\\/07\\\/saule-zinatne-kosmoss-AFP-800x566.jpg&quot;,&quot;1000&quot;:&quot;https:\\\/\\\/lastatic.ams3.cdn.digitaloceanspaces.com\\\/2020\\\/07\\\/saule-zinatne-kosmoss-AFP.jpg&quot;}\" data-focuspoint=\"&quot;&quot;\" data-p=\"2461924\" href=\"https:\/\/www.la.lv\/zeme-ir-nolemta-bojaejai-atklats-kad-un-kads-bus-pasaules-gals\" class=\"content-item lazy-load\" wp_automatic_readability=\"26.5\" rel=\"nofollow noopener\" target=\"_blank\"><\/p>\n<p>                                <img decoding=\"async\" src=\"\" alt=\"\" style=\"\" data-imageid=\"\"\/><\/p>\n<p>\n                                                Zeme ir nolemta boj\u0101ejai: atkl\u0101ts, kad un k\u0101ds b\u016bs pasaules gals\n                            <\/p>\n<p><\/a><a data-imagesrc=\"{&quot;300&quot;:&quot;https:\\\/\\\/lastatic.ams3.cdn.digitaloceanspaces.com\\\/2023\\\/04\\\/afp_9br7cy-1-300x185.jpg&quot;,&quot;768&quot;:&quot;https:\\\/\\\/lastatic.ams3.cdn.digitaloceanspaces.com\\\/2023\\\/04\\\/afp_9br7cy-1-768x474.jpg&quot;,&quot;200&quot;:&quot;https:\\\/\\\/lastatic.ams3.cdn.digitaloceanspaces.com\\\/2023\\\/04\\\/afp_9br7cy-1-200x124.jpg&quot;,&quot;400&quot;:&quot;https:\\\/\\\/lastatic.ams3.cdn.digitaloceanspaces.com\\\/2023\\\/04\\\/afp_9br7cy-1-400x247.jpg&quot;,&quot;500&quot;:&quot;https:\\\/\\\/lastatic.ams3.cdn.digitaloceanspaces.com\\\/2023\\\/04\\\/afp_9br7cy-1-500x309.jpg&quot;,&quot;800&quot;:&quot;https:\\\/\\\/lastatic.ams3.cdn.digitaloceanspaces.com\\\/2023\\\/04\\\/afp_9br7cy-1.jpg&quot;}\" data-focuspoint=\"&quot;&quot;\" data-p=\"2481316\" href=\"https:\/\/www.la.lv\/antivakseri-tagad-dzili-nozelo-iespaidiga-petijuma-atklata-sensacionala-informacija-par-covid-19-vakcinam\" class=\"content-item lazy-load\" wp_automatic_readability=\"26.5\" rel=\"nofollow noopener\" target=\"_blank\"><\/p>\n<p>                                <img decoding=\"async\" src=\"\" alt=\"\" style=\"\" data-imageid=\"\"\/><\/p>\n<p>                                Veselam<\/p>\n<p>\n                                                Antivakseri tagad dzi\u013ci no\u017e\u0113lo?! P\u0113t\u012bjum\u0101 atkl\u0101ta sensacion\u0101la inform\u0101cija par Covid-19 vakc\u012bn\u0101m<\/p>\n<p><\/a><br \/>\n        <a class=\"read-more\" href=\"https:\/\/www.la.lv\/top\" rel=\"nofollow noopener\" target=\"_blank\">Las\u012bt citas zi\u0146as<\/a><\/p>\n<p>Tom\u0113r, k\u0101 nor\u0101da laikraksts \u201cThe Washington Post\u201d, ASV nav sniegusi s\u012bk\u0101ku inform\u0101ciju par to, k\u0101da veida dro\u0161\u012bbas garantijas tiks sniegtas, iz\u0146emot to, ka Ukrainas teritorij\u0101 neb\u016bs amerik\u0101\u0146u karasp\u0113ka.<\/p>\n<p>\u201c\u0145emot v\u0113r\u0101, ka ASV nev\u0113las uz\u0146emties risku, ka Ukraina pievienosies NATO, baidoties tikt iesaist\u012bta tie\u0161\u0101 kar\u0101 ar Krieviju, nav skaidrs, k\u0101p\u0113c t\u0101 ir gatava pied\u0101v\u0101t atsevi\u0161\u0137as dro\u0161\u012bbas garantijas, kas ir tikpat uzticamas k\u0101 NATO,\u201d nor\u0101d\u012bts publik\u0101cij\u0101. <\/p>\n<p>    CITI \u0160OBR\u012aD LASA<\/p>\n<p>ASV amatpersonas ar\u012b pazi\u0146oja, ka Ukraina un Krievija tie\u0161i apspried\u012bs str\u012bd\u012bgo teritoriju likteni Ukrainas austrumos, kas liecina, ka t\u0101s neredz t\u016bl\u012bt\u0113ju ce\u013cu uz kompromisu sarunu ce\u013c\u0101.<\/p>\n<p>Tramps un vi\u0146a augst\u0101k\u0101s amatpersonas ir pazi\u0146oju\u0161as, ka cer pan\u0101kt miera l\u012bgumu l\u012bdz gada beig\u0101m, ko Ukrainas un Eiropas amatpersonas sauc par ambiciozu termi\u0146u.<\/p>\n<p>Vienlaikus k\u0101da augsta ranga amatpersona atz\u012bm\u0113ja, ka iek\u0161zemes korupcijas skand\u0101li apvienojum\u0101 ar Krievijas uzbrukumiem Ukrainas ener\u0123\u0113tikas infrastrukt\u016brai, kuru d\u0113\u013c Kijiva un citas pils\u0113tas ir non\u0101ku\u0161as arvien ilg\u0101kos tumsas un aukstuma periodos, var\u0113tu ietekm\u0113t Zelenska r\u012bc\u012bbu sl\u0113gt dar\u012bjumu.<\/p>\n<p>Vienlaikus vi\u0146\u0161 pauda skepsi par Krievijas gatav\u012bbu mieram.<\/p>\n<p>\u201cKam\u0113r Krievija jut\u012bs savu priek\u0161roc\u012bbu \u0161aj\u0101 proces\u0101, nav nek\u0101du iesp\u0113ju pan\u0101kt patiesi ilgtsp\u0113j\u012bgu mieru,\u201d sac\u012bja amatpersona.<\/p>\n<p>Va\u0161ingtona pied\u0101v\u0101 \u201cpatie\u0161\u0101m \u013coti sp\u0113c\u012bgas garantijas, piem\u0113ram, 5. pant\u0101\u201d, sac\u012bja k\u0101da ASV amatpersona, kas ir inform\u0113ta par sarun\u0101m. Vienlaikus Va\u0161ingtona v\u0113las, lai Krievija \u201catgrieztos glob\u0101laj\u0101 ekonomik\u0101, lai tai b\u016btu stimuls n\u0101kotn\u0113 nekarot\u201d.<\/p>\n<p>Dro\u0161\u012bbas garantijas Ukrainai<\/p>\n<p>Iepriek\u0161 Eiropas l\u012bderi ierosin\u0101ja se\u0161u punktu dro\u0161\u012bbas garantiju pl\u0101nu Ukrainai. Tie ietv\u0113ra Ukrainas bru\u0146oto sp\u0113ku lieluma saglab\u0101\u0161anu l\u012bdz 800 000 karav\u012bru miera laik\u0101, Eiropas vad\u012btus \u201cdaudznacion\u0101lus sp\u0113kus\u201d, ASV vad\u012btu pamiera uzraudz\u012bbas meh\u0101nismu, juridiski saisto\u0161as \u200b\u200bdro\u0161\u012bbas garantijas, ieguld\u012bjumus Ukrainas atjauno\u0161an\u0101 un stingru atbalstu Ukrainas iest\u0101\u0161an\u0101s Eiropas Savien\u012bb\u0101.<\/p>\n<p>Savuk\u0101rt Polijas premjerministrs Donalds Tusks pazi\u0146oja, ka ASV ir apsol\u012bju\u0161as sniegt Krievijai milit\u0101ru atbildi jauna uzbrukuma Ukrainai gad\u012bjum\u0101.<\/p>\n<p>T\u0113mas<\/p>\n<p>    SAIST\u012aTIE RAKSTI<\/p>\n","protected":false},"excerpt":{"rendered":"Foto: AFP\/Scanpix 10:48, 16. decembris 2025 ASV pazi\u0146oja, ka ir pied\u0101v\u0101jusi Ukrainai \u201cplat\u012bna\u201d dro\u0161\u012bbas garantijas, kuru pie\u0146em\u0161anai b\u016btu&hellip;\n","protected":false},"author":2,"featured_media":76268,"comment_status":"","ping_status":"","sticky":false,"template":"","format":"standard","meta":{"footnotes":""},"categories":[14],"tags":[23,57,28,29,32,33,22,30,31,35,39,38,36,37,34,40,20,26,27,24,25,54,55,56,21,58],"class_list":{"0":"post-76267","1":"post","2":"type-post","3":"status-publish","4":"format-standard","5":"has-post-thumbnail","7":"category-zinas-no-arvalstim","8":"tag-aktualitates","9":"tag-arvalstim","10":"tag-breaking-news","11":"tag-breakingnews","12":"tag-featured-news","13":"tag-featurednews","14":"tag-headlines","15":"tag-latest-news","16":"tag-latestnews","17":"tag-latvia","18":"tag-latvian","19":"tag-latviesu","20":"tag-latviesu-valoda","21":"tag-latviesuvaloda","22":"tag-latvija","23":"tag-lv","24":"tag-news","25":"tag-popularakas-zinas","26":"tag-popularakaszinas","27":"tag-top-stories","28":"tag-topstories","29":"tag-world","30":"tag-world-news","31":"tag-worldnews","32":"tag-zinas","33":"tag-zinas-no-arvalstim"},"share_on_mastodon":{"url":"https:\/\/pubeurope.com\/@lv\/115728427735518868","error":""},"_links":{"self":[{"href":"https:\/\/www.europesays.com\/lv\/wp-json\/wp\/v2\/posts\/76267","targetHints":{"allow":["GET"]}}],"collection":[{"href":"https:\/\/www.europesays.com\/lv\/wp-json\/wp\/v2\/posts"}],"about":[{"href":"https:\/\/www.europesays.com\/lv\/wp-json\/wp\/v2\/types\/post"}],"author":[{"embeddable":true,"href":"https:\/\/www.europesays.com\/lv\/wp-json\/wp\/v2\/users\/2"}],"replies":[{"embeddable":true,"href":"https:\/\/www.europesays.com\/lv\/wp-json\/wp\/v2\/comments?post=76267"}],"version-history":[{"count":0,"href":"https:\/\/www.europesays.com\/lv\/wp-json\/wp\/v2\/posts\/76267\/revisions"}],"wp:featuredmedia":[{"embeddable":true,"href":"https:\/\/www.europesays.com\/lv\/wp-json\/wp\/v2\/media\/76268"}],"wp:attachment":[{"href":"https:\/\/www.europesays.com\/lv\/wp-json\/wp\/v2\/media?parent=76267"}],"wp:term":[{"taxonomy":"category","embeddable":true,"href":"https:\/\/www.europesays.com\/lv\/wp-json\/wp\/v2\/categories?post=76267"},{"taxonomy":"post_tag","embeddable":true,"href":"https:\/\/www.europesays.com\/lv\/wp-json\/wp\/v2\/tags?post=76267"}],"curies":[{"name":"wp","href":"https:\/\/api.w.org\/{rel}","templated":true}]}}