{"id":76273,"date":"2025-12-16T09:03:12","date_gmt":"2025-12-16T09:03:12","guid":{"rendered":"https:\/\/www.europesays.com\/lv\/76273\/"},"modified":"2025-12-16T09:03:12","modified_gmt":"2025-12-16T09:03:12","slug":"krievijas-kamaninu-brauceji-plano-startet-pk-posma-pirmoreiz-kops-2022-gada-janvara","status":"publish","type":"post","link":"https:\/\/www.europesays.com\/lv\/76273\/","title":{"rendered":"Krievijas kamani\u0146u brauc\u0113ji pl\u0101no start\u0113t PK posm\u0101 pirmoreiz kop\u0161 2022. gada janv\u0101ra"},"content":{"rendered":"<p>Krievijas kamani\u0146u brauc\u0113jiem otrdien paredz\u0113ts piedal\u012bties ofici\u0101laj\u0101 treni\u0146\u0101, kur\u0101 start\u0113s ar\u012b sportisti no Bosnijas un Hercegovinas, \u0136\u012bnas, Horv\u0101tijas, Somijas, Lielbrit\u0101nijas, Kan\u0101das, Dienvidkorejas, \u012arijas un Igaunijas. Krievi ir iek\u013cauti starta sarakst\u0101 k\u0101 individu\u0101li neitr\u0101li sportisti.<\/p>\n<p>Ukrainas kamani\u0146u brauc\u0113ji, kuri ir skaidri nor\u0101d\u012bju\u0161i, ka nev\u0113las krievu dal\u012bbu sacens\u012bb\u0101s, otrdien piedal\u012bsies cit\u0101 treni\u0146u sesij\u0101.<\/p>\n<p>Treni\u0146i turpin\u0101sies tre\u0161dien, bet ceturtdien notiks N\u0101ciju kausa sacens\u012bbas, kas b\u016bt\u012bb\u0101 ir kvalifik\u0101cija Pasaules kausa izc\u012b\u0146as sacens\u012bb\u0101m. Visticam\u0101k, ka Krievijas sportisti N\u0101ciju kaus\u0101 piedal\u012bsies un cent\u012bsies iek\u013c\u016bt PK posm\u0101, kas b\u016bs ar\u012b viens no kvalifik\u0101cijas posmiem uz Mil\u0101nas un Kort\u012bnas d&#8217;Ampeco olimpiskaj\u0101m sp\u0113l\u0113m febru\u0101r\u012b.<\/p>\n<p>Krievi nav piedal\u012bju\u0161ies Pasaules kausa izc\u012b\u0146as sacens\u012bb\u0101s kamani\u0146u sport\u0101 kop\u0161 2022. gada janv\u0101ra, kas bija da\u013ca no Starptautisk\u0101s Kamani\u0146u sporta feder\u0101cijas (FIL) reakcijas uz \u0161\u012bs valsts iebrukumu Ukrain\u0101.<\/p>\n","protected":false},"excerpt":{"rendered":"Krievijas kamani\u0146u brauc\u0113jiem otrdien paredz\u0113ts piedal\u012bties ofici\u0101laj\u0101 treni\u0146\u0101, kur\u0101 start\u0113s ar\u012b sportisti no Bosnijas un Hercegovinas, \u0136\u012bnas, Horv\u0101tijas,&hellip;\n","protected":false},"author":2,"featured_media":76274,"comment_status":"","ping_status":"","sticky":false,"template":"","format":"standard","meta":{"footnotes":""},"categories":[17],"tags":[9921,234,35,39,38,36,37,34,40,67],"class_list":{"0":"post-76273","1":"post","2":"type-post","3":"status-publish","4":"format-standard","5":"has-post-thumbnail","7":"category-sports","8":"tag-kamaninas","9":"tag-krievija","10":"tag-latvia","11":"tag-latvian","12":"tag-latviesu","13":"tag-latviesu-valoda","14":"tag-latviesuvaloda","15":"tag-latvija","16":"tag-lv","17":"tag-sports"},"share_on_mastodon":{"url":"https:\/\/pubeurope.com\/@lv\/115728443356470854","error":""},"_links":{"self":[{"href":"https:\/\/www.europesays.com\/lv\/wp-json\/wp\/v2\/posts\/76273","targetHints":{"allow":["GET"]}}],"collection":[{"href":"https:\/\/www.europesays.com\/lv\/wp-json\/wp\/v2\/posts"}],"about":[{"href":"https:\/\/www.europesays.com\/lv\/wp-json\/wp\/v2\/types\/post"}],"author":[{"embeddable":true,"href":"https:\/\/www.europesays.com\/lv\/wp-json\/wp\/v2\/users\/2"}],"replies":[{"embeddable":true,"href":"https:\/\/www.europesays.com\/lv\/wp-json\/wp\/v2\/comments?post=76273"}],"version-history":[{"count":0,"href":"https:\/\/www.europesays.com\/lv\/wp-json\/wp\/v2\/posts\/76273\/revisions"}],"wp:featuredmedia":[{"embeddable":true,"href":"https:\/\/www.europesays.com\/lv\/wp-json\/wp\/v2\/media\/76274"}],"wp:attachment":[{"href":"https:\/\/www.europesays.com\/lv\/wp-json\/wp\/v2\/media?parent=76273"}],"wp:term":[{"taxonomy":"category","embeddable":true,"href":"https:\/\/www.europesays.com\/lv\/wp-json\/wp\/v2\/categories?post=76273"},{"taxonomy":"post_tag","embeddable":true,"href":"https:\/\/www.europesays.com\/lv\/wp-json\/wp\/v2\/tags?post=76273"}],"curies":[{"name":"wp","href":"https:\/\/api.w.org\/{rel}","templated":true}]}}