{"id":76354,"date":"2025-12-16T10:11:07","date_gmt":"2025-12-16T10:11:07","guid":{"rendered":"https:\/\/www.europesays.com\/lv\/76354\/"},"modified":"2025-12-16T10:11:07","modified_gmt":"2025-12-16T10:11:07","slug":"gandriz-cetru-gadu-karu-nevar-atrisinat-tik-isa-laika-lente-lv","status":"publish","type":"post","link":"https:\/\/www.europesays.com\/lv\/76354\/","title":{"rendered":"Gandr\u012bz \u010detru gadu karu nevar atrisin\u0101t tik \u012bs\u0101 laik\u0101\u00a0\u2014\u00a0Lente.lv"},"content":{"rendered":"<p>Politolo\u0123es skat\u012bjums uz Ukrainas miera sarun\u0101m<\/p>\n<p>K\u0101 zi\u0146o telekan\u0101ls TV3, politolo\u0123e \u017daneta Ozoli\u0146a nor\u0101da, ka gandr\u012bz \u010detru gadu ilgu\u0161u konfliktu, k\u0101ds ir kar\u0161 Ukrain\u0101, nevar atrisin\u0101t \u012bs\u0101 laik\u0101. Vi\u0146a uzsver, ka iesaist\u012bt\u0101s puses raug\u0101s uz situ\u0101ciju krasi at\u0161\u0137ir\u012bgi, kas procesu padara sare\u017e\u0123\u012btu. Pa\u0161laik sarunas esot s\u0101kuma stadij\u0101, kur\u0101 tiek \u201ctaust\u012btas sarkan\u0101s l\u012bnijas\u201d \u2013 tiek noteikts, kas ir pie\u0146emami un kas nav.<\/p>\n<p>Cer\u012bba uz risin\u0101jumu<\/p>\n<p>Neskatoties uz sare\u017e\u0123\u012bto situaciju, Ozoli\u0146a atz\u012bm\u0113 pozit\u012bvo aspektu \u2013 visas kar\u0101 iesaist\u012bt\u0101s puses tom\u0113r ir ieinteres\u0113tas pan\u0101kt k\u0101du risin\u0101jumu. Tas ir svar\u012bgs sign\u0101ls, kas liecina par iesp\u0113jam\u012bbu virz\u012bties uz priek\u0161u, lai gan ce\u013c\u0161 l\u012bdz tam var b\u016bt ilgs un moko\u0161s. Situ\u0101cija ir sal\u012bdzin\u0101ma ar sare\u017e\u0123\u012btas m\u012bklas lik\u0161anu, kur katrs gabali\u0146\u0161 mekl\u0113 savu vietu, lai izveidotos kopbilds.<\/p>\n<p>Starptautisk\u0101s attiec\u012bbas un dro\u0161\u012bbas izaicin\u0101jumi<\/p>\n<p>\u017daneta Ozoli\u0146a ir paz\u012bstama k\u0101 eksperte dro\u0161\u012bbas politikas un starptautisko attiec\u012bbu jaut\u0101jumos, ar dzi\u013cu izpratni par glob\u0101lajiem procesiem. Vi\u0146as anal\u012bze par Ukrainas kara miera sarun\u0101m atspogu\u013co pla\u0161\u0101ku skat\u012bjumu uz pa\u0161reiz\u0113jo starptautisk\u0101s politikas dinamiku, kur\u0101 domin\u0113 da\u017e\u0101die intere\u0161u konflikti un nepiecie\u0161am\u012bba rast kompromisus. Vi\u0146a iepriek\u0161 ir nor\u0101d\u012bjusi, ka pa\u0161reiz\u0113jais periods ir daudz riskant\u0101ks nek\u0101 pirmais Aukstais kar\u0161, jo sp\u0113l\u0113t\u0101ji un vi\u0146u mot\u012bvi ir maz\u0101k paredzami. \u0160is sare\u017e\u0123\u012btais konteksts, protams, ietekm\u0113 ar\u012b miera sarunu gaitu.<\/p>\n","protected":false},"excerpt":{"rendered":"Politolo\u0123es skat\u012bjums uz Ukrainas miera sarun\u0101m K\u0101 zi\u0146o telekan\u0101ls TV3, politolo\u0123e \u017daneta Ozoli\u0146a nor\u0101da, ka gandr\u012bz \u010detru gadu&hellip;\n","protected":false},"author":2,"featured_media":76355,"comment_status":"","ping_status":"","sticky":false,"template":"","format":"standard","meta":{"footnotes":""},"categories":[14],"tags":[23,57,28,29,2760,32,33,22,30,31,35,39,38,36,37,34,40,10770,20,26,27,2258,24,25,3113,54,55,56,19319,21,58],"class_list":{"0":"post-76354","1":"post","2":"type-post","3":"status-publish","4":"format-standard","5":"has-post-thumbnail","7":"category-zinas-no-arvalstim","8":"tag-aktualitates","9":"tag-arvalstim","10":"tag-breaking-news","11":"tag-breakingnews","12":"tag-drosibas-politika","13":"tag-featured-news","14":"tag-featurednews","15":"tag-headlines","16":"tag-latest-news","17":"tag-latestnews","18":"tag-latvia","19":"tag-latvian","20":"tag-latviesu","21":"tag-latviesu-valoda","22":"tag-latviesuvaloda","23":"tag-latvija","24":"tag-lv","25":"tag-miera-sarunas","26":"tag-news","27":"tag-popularakas-zinas","28":"tag-popularakaszinas","29":"tag-starptautiskas-attiecibas","30":"tag-top-stories","31":"tag-topstories","32":"tag-ukrainas-kars","33":"tag-world","34":"tag-world-news","35":"tag-worldnews","36":"tag-zaneta-ozolina","37":"tag-zinas","38":"tag-zinas-no-arvalstim"},"share_on_mastodon":{"url":"https:\/\/pubeurope.com\/@lv\/115728710769816074","error":""},"_links":{"self":[{"href":"https:\/\/www.europesays.com\/lv\/wp-json\/wp\/v2\/posts\/76354","targetHints":{"allow":["GET"]}}],"collection":[{"href":"https:\/\/www.europesays.com\/lv\/wp-json\/wp\/v2\/posts"}],"about":[{"href":"https:\/\/www.europesays.com\/lv\/wp-json\/wp\/v2\/types\/post"}],"author":[{"embeddable":true,"href":"https:\/\/www.europesays.com\/lv\/wp-json\/wp\/v2\/users\/2"}],"replies":[{"embeddable":true,"href":"https:\/\/www.europesays.com\/lv\/wp-json\/wp\/v2\/comments?post=76354"}],"version-history":[{"count":0,"href":"https:\/\/www.europesays.com\/lv\/wp-json\/wp\/v2\/posts\/76354\/revisions"}],"wp:featuredmedia":[{"embeddable":true,"href":"https:\/\/www.europesays.com\/lv\/wp-json\/wp\/v2\/media\/76355"}],"wp:attachment":[{"href":"https:\/\/www.europesays.com\/lv\/wp-json\/wp\/v2\/media?parent=76354"}],"wp:term":[{"taxonomy":"category","embeddable":true,"href":"https:\/\/www.europesays.com\/lv\/wp-json\/wp\/v2\/categories?post=76354"},{"taxonomy":"post_tag","embeddable":true,"href":"https:\/\/www.europesays.com\/lv\/wp-json\/wp\/v2\/tags?post=76354"}],"curies":[{"name":"wp","href":"https:\/\/api.w.org\/{rel}","templated":true}]}}