{"id":76382,"date":"2025-12-16T10:25:14","date_gmt":"2025-12-16T10:25:14","guid":{"rendered":"https:\/\/www.europesays.com\/lv\/76382\/"},"modified":"2025-12-16T10:25:14","modified_gmt":"2025-12-16T10:25:14","slug":"gimene-kas-parcelas-uz-krieviju-par-latviju-stasta-zilus-brinumus","status":"publish","type":"post","link":"https:\/\/www.europesays.com\/lv\/76382\/","title":{"rendered":"\u0122imene, kas p\u0101rc\u0113l\u0101s uz Krieviju, par Latviju st\u0101sta &#8220;zilus br\u012bnumus&#8221;"},"content":{"rendered":"<p class=\"descr\">Biju\u0161ais Latvijas \u017eurn\u0101lists Aleksejs Stefanovs, tagad Krievijas propagandas telev\u012bzijas kan\u0101la Sputnik darbinieks, sagatavoja si\u017eetu par latvie\u0161u \u0123imeni, kas p\u0101rc\u0113l\u0101s no Latvijas uz Krievijas pils\u0113tu Pleskavu, v\u0113sta Otkrito.<\/p>\n<blockquote><p>Si\u017eet\u0101 sieviete v\u0101rd\u0101 Tatjana apgalvo, ka latvie\u0161iem ir sliktas ang\u013cu valodas zin\u0101\u0161anas. Pie \u0161\u0101da secin\u0101juma vi\u0146a non\u0101ca p\u0113c sarunas ar savu d\u0113lu. Vi\u0146\u0161, k\u0101 vi\u0146a st\u0101sta, apr\u0113\u0137in\u0101ja, ka latvie\u0161iem ang\u013cu valodas zin\u0101\u0161anas it k\u0101 ir 30 procenti.<\/p><\/blockquote>\n<p>Tatjana ar\u012b past\u0101st\u012bja, ka Latvij\u0101 vi\u0146as jaun\u0101kais d\u0113ls negrib\u0113ja iet uz skolu un vi\u0146am bija nervu sabrukums latvie\u0161u valodas d\u0113\u013c. Vi\u0146u nesveicin\u0101ja <a href=\"https:\/\/nra.lv\/birka\/krievu-valoda\/\" target=\"_blank\" rel=\"noopener nofollow\">krievu valod\u0101<\/a>, bet Krievij\u0101 vi\u0146\u0161 iet uz skolu ar dz\u012bvespriec\u012bgu attieksmi.<\/p>\n<p>Tatjana ar\u012b apgalvo, ka ir vad\u012bjusi uz\u0146\u0113m\u0113jdarb\u012bbu Latvij\u0101 un pl\u0101no ats\u0101kt l\u012bdz\u012bgas aktivit\u0101tes Krievij\u0101. Vi\u0146a st\u0101sta, ka Latvij\u0101, lai izvair\u012btos no probl\u0113m\u0101m ar Valsts ie\u0146\u0113mumu dienestu, noteikti j\u0101pievienojas k\u0101dai no koal\u012bcijas partij\u0101m, jo \u200b\u200btad vi\u0146i tevi netrauc\u0113s. Vi\u0146a st\u0101sta, ka to dar\u012bju\u0161i vi\u0146as draugi, un visi Latvij\u0101 zina, ka t\u0101 ir norma.<\/p>\n<p>\t\t\t\t\t\tinfo<\/p>\n<p>Uzzini pirmais<br \/>kas interesants noticis Latvij\u0101 un pasaul\u0113,<br \/>pievienojoties mums <a href=\"https:\/\/t.me\/neatkariga\" rel=\"nofollow\">Telegram<\/a> vai <a href=\"https:\/\/whatsapp.com\/channel\/0029VaMLFUH5K3zLU5s4wm3y\" rel=\"nofollow noopener\" target=\"_blank\">Whatsapp<\/a> kan\u0101l\u0101<\/p>\n","protected":false},"excerpt":{"rendered":"Biju\u0161ais Latvijas \u017eurn\u0101lists Aleksejs Stefanovs, tagad Krievijas propagandas telev\u012bzijas kan\u0101la Sputnik darbinieks, sagatavoja si\u017eetu par latvie\u0161u \u0123imeni, kas&hellip;\n","protected":false},"author":2,"featured_media":76383,"comment_status":"","ping_status":"","sticky":false,"template":"","format":"standard","meta":{"footnotes":""},"categories":[5],"tags":[23,28,29,32,33,22,30,31,35,39,38,36,37,34,40,20,26,27,24,25,21],"class_list":{"0":"post-76382","1":"post","2":"type-post","3":"status-publish","4":"format-standard","5":"has-post-thumbnail","7":"category-aktualitates","8":"tag-aktualitates","9":"tag-breaking-news","10":"tag-breakingnews","11":"tag-featured-news","12":"tag-featurednews","13":"tag-headlines","14":"tag-latest-news","15":"tag-latestnews","16":"tag-latvia","17":"tag-latvian","18":"tag-latviesu","19":"tag-latviesu-valoda","20":"tag-latviesuvaloda","21":"tag-latvija","22":"tag-lv","23":"tag-news","24":"tag-popularakas-zinas","25":"tag-popularakaszinas","26":"tag-top-stories","27":"tag-topstories","28":"tag-zinas"},"share_on_mastodon":{"url":"https:\/\/pubeurope.com\/@lv\/115728766213600589","error":""},"_links":{"self":[{"href":"https:\/\/www.europesays.com\/lv\/wp-json\/wp\/v2\/posts\/76382","targetHints":{"allow":["GET"]}}],"collection":[{"href":"https:\/\/www.europesays.com\/lv\/wp-json\/wp\/v2\/posts"}],"about":[{"href":"https:\/\/www.europesays.com\/lv\/wp-json\/wp\/v2\/types\/post"}],"author":[{"embeddable":true,"href":"https:\/\/www.europesays.com\/lv\/wp-json\/wp\/v2\/users\/2"}],"replies":[{"embeddable":true,"href":"https:\/\/www.europesays.com\/lv\/wp-json\/wp\/v2\/comments?post=76382"}],"version-history":[{"count":0,"href":"https:\/\/www.europesays.com\/lv\/wp-json\/wp\/v2\/posts\/76382\/revisions"}],"wp:featuredmedia":[{"embeddable":true,"href":"https:\/\/www.europesays.com\/lv\/wp-json\/wp\/v2\/media\/76383"}],"wp:attachment":[{"href":"https:\/\/www.europesays.com\/lv\/wp-json\/wp\/v2\/media?parent=76382"}],"wp:term":[{"taxonomy":"category","embeddable":true,"href":"https:\/\/www.europesays.com\/lv\/wp-json\/wp\/v2\/categories?post=76382"},{"taxonomy":"post_tag","embeddable":true,"href":"https:\/\/www.europesays.com\/lv\/wp-json\/wp\/v2\/tags?post=76382"}],"curies":[{"name":"wp","href":"https:\/\/api.w.org\/{rel}","templated":true}]}}