{"id":76399,"date":"2025-12-16T10:42:19","date_gmt":"2025-12-16T10:42:19","guid":{"rendered":"https:\/\/www.europesays.com\/lv\/76399\/"},"modified":"2025-12-16T10:42:19","modified_gmt":"2025-12-16T10:42:19","slug":"vai-ilgi-gaiditais-atkusnis-turpinasies-eksperti-skaidro-ko-2026-gads-nesis-majoklu-tirgu","status":"publish","type":"post","link":"https:\/\/www.europesays.com\/lv\/76399\/","title":{"rendered":"Vai ilgi gaid\u012btais atkusnis turpin\u0101sies? Eksperti skaidro, ko 2026. gads nes\u012bs m\u0101jok\u013cu tirg\u016b"},"content":{"rendered":"<p>Ta\u010du, neraugoties uz \u0161o periodu, tirgus ir pier\u0101d\u012bjis iev\u0113rojamu notur\u012bbu: R\u012bg\u0101 joproj\u0101m akt\u012bvi tiek att\u012bst\u012bti jauni dz\u012bvojamie projekti, bet pirc\u0113ju interese gan jauno projektu, gan otrreiz\u0113j\u0101 tirgus segment\u0101 turpina pieaugt.<\/p>\n<p>Lai izprastu, ko \u0161\u012b tirgus notur\u012bba noz\u012bm\u0113 n\u0101kam\u0101 gada perspekt\u012bv\u0101 un k\u0101di faktori ietekm\u0113s m\u0101jok\u013cu pieejam\u012bbu turpm\u0101k, \u201cBonava Latvija\u201d 16. decembr\u012b no plkst. 11.00 l\u012bdz 12.00 organiz\u0113 ekspertu diskusiju \u201cVai ilgi gaid\u012btais atkusnis turpin\u0101sies jeb ko nes\u012bs 2026. gads nekustamo \u012bpa\u0161umu tirg\u016b?\u201d.<\/p>\n<p>Vai p\u0113c vair\u0101kiem satricin\u0101jumiem nekustamo \u012bpa\u0161umu tirg\u016b tiek prognoz\u0113ta stabiliz\u0101cija? K\u0101da b\u016bs Euribor t\u0101l\u0101k\u0101 virz\u012bba un t\u0101s ietekme uz iedz\u012bvot\u0101ju ikm\u0113ne\u0161a maks\u0101jumiem? K\u0101 main\u012bsies pirc\u0113ju uzved\u012bba un izv\u0113les starp \u012bri un m\u0101jok\u013ca ieg\u0101di? Kuras R\u012bgas apkaimes 2026. gad\u0101 var\u0113tu k\u013c\u016bt \u012bpa\u0161i piepras\u012btas, un k\u0101 att\u012bst\u012bsies cenu dinamika gan jaunajos, gan s\u0113rijveida projektos?<\/p>\n<p>Uz \u0161iem un citiem jaut\u0101jumiem diskusijas laik\u0101 atbildes cent\u012bsies rast vado\u0161ie nozares eksperti: Kaspars Ek\u0161a, Baltij\u0101 liel\u0101k\u0101 jauno projektu att\u012bst\u012bt\u0101ja \u201cBonava Latvija\u201d p\u0101rdo\u0161anas un m\u0101rketinga vad\u012bt\u0101js, Agija V\u0113rdi\u0146a, \u201cColliers\u201d tirgus anal\u012bti\u0137e, un Dainis Ga\u0161puitis, SEB bankas ekonomists. Sarunu vad\u012bs \u017eurn\u0101lists un pas\u0101kumu vad\u012bt\u0101js J\u0101nis Kr\u0113vics.<\/p>\n<p>Diskusijas tie\u0161raidi iesp\u0113jams v\u0113rot \u201cBonava Latvija\u201d un SEB bankas Facebook kont\u0101 un port\u0101l\u0101 TVNET.<\/p>\n<p>Raksts tapis sadarb\u012bb\u0101 ar \u201cBonava Latvija\u201d.<\/p>\n","protected":false},"excerpt":{"rendered":"Ta\u010du, neraugoties uz \u0161o periodu, tirgus ir pier\u0101d\u012bjis iev\u0113rojamu notur\u012bbu: R\u012bg\u0101 joproj\u0101m akt\u012bvi tiek att\u012bst\u012bti jauni dz\u012bvojamie projekti,&hellip;\n","protected":false},"author":2,"featured_media":76400,"comment_status":"","ping_status":"","sticky":false,"template":"","format":"standard","meta":{"footnotes":""},"categories":[5],"tags":[23,19331,28,29,32,33,22,30,31,35,39,38,36,37,34,40,4139,20,26,27,24,25,21],"class_list":{"0":"post-76399","1":"post","2":"type-post","3":"status-publish","4":"format-standard","5":"has-post-thumbnail","7":"category-aktualitates","8":"tag-aktualitates","9":"tag-bonava","10":"tag-breaking-news","11":"tag-breakingnews","12":"tag-featured-news","13":"tag-featurednews","14":"tag-headlines","15":"tag-latest-news","16":"tag-latestnews","17":"tag-latvia","18":"tag-latvian","19":"tag-latviesu","20":"tag-latviesu-valoda","21":"tag-latviesuvaloda","22":"tag-latvija","23":"tag-lv","24":"tag-nekustamais-ipasums","25":"tag-news","26":"tag-popularakas-zinas","27":"tag-popularakaszinas","28":"tag-top-stories","29":"tag-topstories","30":"tag-zinas"},"share_on_mastodon":{"url":"https:\/\/pubeurope.com\/@lv\/115728832448089178","error":""},"_links":{"self":[{"href":"https:\/\/www.europesays.com\/lv\/wp-json\/wp\/v2\/posts\/76399","targetHints":{"allow":["GET"]}}],"collection":[{"href":"https:\/\/www.europesays.com\/lv\/wp-json\/wp\/v2\/posts"}],"about":[{"href":"https:\/\/www.europesays.com\/lv\/wp-json\/wp\/v2\/types\/post"}],"author":[{"embeddable":true,"href":"https:\/\/www.europesays.com\/lv\/wp-json\/wp\/v2\/users\/2"}],"replies":[{"embeddable":true,"href":"https:\/\/www.europesays.com\/lv\/wp-json\/wp\/v2\/comments?post=76399"}],"version-history":[{"count":0,"href":"https:\/\/www.europesays.com\/lv\/wp-json\/wp\/v2\/posts\/76399\/revisions"}],"wp:featuredmedia":[{"embeddable":true,"href":"https:\/\/www.europesays.com\/lv\/wp-json\/wp\/v2\/media\/76400"}],"wp:attachment":[{"href":"https:\/\/www.europesays.com\/lv\/wp-json\/wp\/v2\/media?parent=76399"}],"wp:term":[{"taxonomy":"category","embeddable":true,"href":"https:\/\/www.europesays.com\/lv\/wp-json\/wp\/v2\/categories?post=76399"},{"taxonomy":"post_tag","embeddable":true,"href":"https:\/\/www.europesays.com\/lv\/wp-json\/wp\/v2\/tags?post=76399"}],"curies":[{"name":"wp","href":"https:\/\/api.w.org\/{rel}","templated":true}]}}