{"id":76401,"date":"2025-12-16T10:44:07","date_gmt":"2025-12-16T10:44:07","guid":{"rendered":"https:\/\/www.europesays.com\/lv\/76401\/"},"modified":"2025-12-16T10:44:07","modified_gmt":"2025-12-16T10:44:07","slug":"smukulis-turpinas-vadit-juniorus-belohvosciks-koordines-visa-vecuma-meitenu-izlases-ritenbrauksana-sportacentrs-com","status":"publish","type":"post","link":"https:\/\/www.europesays.com\/lv\/76401\/","title":{"rendered":"Smukulis turpin\u0101s vad\u012bt juniorus, Belohvo\u0161\u010diks koordin\u0113s visa vecuma meite\u0146u izlases \u2013 Rite\u0146brauk\u0161ana \u2013 Sportacentrs.com"},"content":{"rendered":"<p>Izla\u0161u kandid\u0101tus un trenerus tradicion\u0101li gada izska\u0146\u0101 izskata un apstiprina treneru padome. 11. decembra treneru padomes s\u0113d\u0113 tika uzklaus\u012bti eso\u0161o izlases treneru zi\u0146ojumi par paveikto. LRF \u0123ener\u0101lsekret\u0101rs Toms Markss izteica pateic\u012bbu U17 izlases trenerim Viesturam Luk\u0161evicam, kur\u0161 n\u0101kamaj\u0101 gad\u0101 koncentr\u0113sies uz darbu Kuld\u012bgas novada sporta skol\u0101.<\/p>\n<p>Vi\u0146a viet\u0101 par Latvijas U17 izlases galveno treneri tika apstiprin\u0101ts M\u0101rti\u0146\u0161 Trautmanis, kur\u0161 ikdien\u0101 ir Murj\u0101\u0146u sporta \u0123imn\u0101zijas treneris un str\u0101d\u0101 ar lielu da\u013cu izla\u0161u kandid\u0101tiem. Treneris uz n\u0101kamo treneru padomes s\u0113di sagatavos atlases krit\u0113rijus uz noz\u012bm\u012bg\u0101kaj\u0101m starptautiskaj\u0101m sacens\u012bb\u0101m. Pl\u0101nots, ka ar\u012b n\u0101kamaj\u0101 gad\u0101 izlase piedal\u012bsies presti\u017eajos Luksemburgas un Austrijas velobraucienos, k\u0101 ar\u012b Be\u013c\u0123ij\u0101 notieko\u0161ajos Flandrijas kausa velobraucienos.<\/p>\n<p>Latvijas junioru izlasi turpin\u0101s vad\u012bt Gatis Smukulis. Ikdien\u0101 Gatis str\u0101d\u0101 ar\u012b R\u012bgas Rite\u0146brauk\u0161anas skol\u0101 un Murj\u0101\u0146u sporta \u0123imn\u0101zij\u0101. Gatim izlases darb\u0101 pal\u012bdz\u0113s pieredz\u0113ju\u0161ais J\u0101nis Veide. N\u0101kamaj\u0101 gad\u0101 izlases pl\u0101nos ieptilpst starti Pasaules N\u0101ciju kausa sacens\u012bb\u0101s Be\u013c\u0123ij\u0101, Francij\u0101, V\u0101cij\u0101, Slov\u0101kij\u0101 un Ung\u0101rij\u0101. Jaunin\u0101jums b\u016bs starts Par\u012bze \u2013 Rub\u0113 velobraucien\u0101. Izlases kodola sportisti n\u0101kamaj\u0101 sezon\u0101 ar\u012b p\u0101rst\u0101v\u0113s \u0101rvalstu UCI l\u012bme\u0146a komandas, kas \u013caus nodro\u0161in\u0101t pilnv\u0113rt\u012bgu sacens\u012bbu kalend\u0101ru. Lab\u0101kie izlases brauc\u0113ji kvalific\u0113sies izlases sast\u0101vam start\u0101 Pasaules un Eiropas \u010dempion\u0101tos.<\/p>\n<p>Visa vecuma meite\u0146u izlases darbu koordin\u0113s Raivis Belohvo\u0161\u010diks, kur\u0161 \u0161os pien\u0101kumus veic jau kop\u0161 2014. gada. Meite\u0146u rite\u0146brauk\u0161anai \u0161is bija viens no lab\u0101kajiem gadiem, jo Kate Ketr\u012bna Skuji\u0146a priec\u0113ja ar izc\u012bn\u012bto sept\u012bto vietu Eiropas Jaunatnes Olimpi\u0101d\u0113 un nosl\u0113dza vieno\u0161anos ar vienu no lab\u0101kaj\u0101m Eiropas rite\u0146brauk\u0161anas komand\u0101m \u2013 \u201cWatersley\u201d. Uz n\u0101kamo sezonu starptautiskaj\u0101s sezon\u0101s b\u016bs v\u0113l divas juniores \u2013 Katr\u012bna Amanda Kozlovska un Laura Klismete.<\/p>\n<p>MTB rite\u0146brauk\u0161an\u0101 izlases darbu koordin\u0113s Normunds Noreiko. Pieredzes bag\u0101tais speci\u0101lists uz n\u0101kamo treneru padomes s\u0113di izstr\u0101d\u0101s atlases krit\u0113rijus 2026. gada sacens\u012bb\u0101m. Galvenais fokuss b\u016bs uz Eiropas un Pasaules \u010dempion\u0101tiem, k\u0101 ar\u012b Eiropas jaunatnes \u010dempion\u0101tu.<\/p>\n","protected":false},"excerpt":{"rendered":"Izla\u0161u kandid\u0101tus un trenerus tradicion\u0101li gada izska\u0146\u0101 izskata un apstiprina treneru padome. 11. decembra treneru padomes s\u0113d\u0113 tika&hellip;\n","protected":false},"author":2,"featured_media":76402,"comment_status":"","ping_status":"","sticky":false,"template":"","format":"standard","meta":{"footnotes":""},"categories":[17],"tags":[35,39,38,36,37,34,40,462,67],"class_list":{"0":"post-76401","1":"post","2":"type-post","3":"status-publish","4":"format-standard","5":"has-post-thumbnail","7":"category-sports","8":"tag-latvia","9":"tag-latvian","10":"tag-latviesu","11":"tag-latviesu-valoda","12":"tag-latviesuvaloda","13":"tag-latvija","14":"tag-lv","15":"tag-ritenbrauksana","16":"tag-sports"},"share_on_mastodon":{"url":"https:\/\/pubeurope.com\/@lv\/115728840294365344","error":""},"_links":{"self":[{"href":"https:\/\/www.europesays.com\/lv\/wp-json\/wp\/v2\/posts\/76401","targetHints":{"allow":["GET"]}}],"collection":[{"href":"https:\/\/www.europesays.com\/lv\/wp-json\/wp\/v2\/posts"}],"about":[{"href":"https:\/\/www.europesays.com\/lv\/wp-json\/wp\/v2\/types\/post"}],"author":[{"embeddable":true,"href":"https:\/\/www.europesays.com\/lv\/wp-json\/wp\/v2\/users\/2"}],"replies":[{"embeddable":true,"href":"https:\/\/www.europesays.com\/lv\/wp-json\/wp\/v2\/comments?post=76401"}],"version-history":[{"count":0,"href":"https:\/\/www.europesays.com\/lv\/wp-json\/wp\/v2\/posts\/76401\/revisions"}],"wp:featuredmedia":[{"embeddable":true,"href":"https:\/\/www.europesays.com\/lv\/wp-json\/wp\/v2\/media\/76402"}],"wp:attachment":[{"href":"https:\/\/www.europesays.com\/lv\/wp-json\/wp\/v2\/media?parent=76401"}],"wp:term":[{"taxonomy":"category","embeddable":true,"href":"https:\/\/www.europesays.com\/lv\/wp-json\/wp\/v2\/categories?post=76401"},{"taxonomy":"post_tag","embeddable":true,"href":"https:\/\/www.europesays.com\/lv\/wp-json\/wp\/v2\/tags?post=76401"}],"curies":[{"name":"wp","href":"https:\/\/api.w.org\/{rel}","templated":true}]}}