{"id":76413,"date":"2025-12-16T10:54:09","date_gmt":"2025-12-16T10:54:09","guid":{"rendered":"https:\/\/www.europesays.com\/lv\/76413\/"},"modified":"2025-12-16T10:54:09","modified_gmt":"2025-12-16T10:54:09","slug":"brivibas-balsis-par-noturibu-un-mieru-tris-valstu-vienotibas-koncerts-varsava","status":"publish","type":"post","link":"https:\/\/www.europesays.com\/lv\/76413\/","title":{"rendered":"\u201cBr\u012bv\u012bbas balsis: par notur\u012bbu un mieru\u201d \u2013 tr\u012bs valstu vienot\u012bbas koncerts Var\u0161av\u0101"},"content":{"rendered":"<p class=\"text-align-justify\">2025. gada 15. decembr\u012b Var\u0161av\u0101, Polij\u0101, Latvijas, Lietuvas un Ukrainas v\u0113stniec\u012bbas r\u012bkoja kop\u012bgu koncertu \u201cBr\u012bv\u012bbas balsis: par notur\u012bbu un mieru\u201d, apliecinot solidarit\u0101ti ar Ukrainu un uzsverot kult\u016bras noz\u012bmi k\u0101 nacion\u0101l\u0101s identit\u0101tes, notur\u012bbas un miera pamatu.<\/p>\n<p class=\"text-align-justify\">Pas\u0101kum\u0101 piedal\u012bj\u0101s diplom\u0101tisk\u0101 korpusa p\u0101rst\u0101vji, valsts amatpersonas un kult\u016bras jomas profesion\u0101\u013ci. Koncert\u0101 uzst\u0101j\u0101s latvie\u0161u pianists Andrejs Osokins un latvie\u0161u mecosopr\u0101ns Ieva Par\u0161a kop\u0101 ar Ukrainas simfonisk\u0101 or\u0137estra NADIIA st\u012bgu kvintetu un lietuvie\u0161u pianisti prof. Aleksandru \u017dvirbl\u012bti (Aleksandra \u017dvirblyt\u0117). <\/p>\n<p class=\"text-align-justify\">Uzrun\u0101s v\u0113stnieki uzsv\u0113ra nepiecie\u0161am\u012bbu saglab\u0101t starptautisko vienot\u012bbu, aizst\u0101v\u0113t starptautisk\u0101s ties\u012bbas un atbalst\u012bt Ukrainu t\u0101s c\u012b\u0146\u0101 par suverenit\u0101ti un mieru \u2013 v\u0113rt\u012bbas, kas ir ar\u012b Apvienoto N\u0101ciju Organiz\u0101cijas darba centr\u0101. Tika akcent\u0113ta kult\u016bras loma sabiedr\u012bbas notur\u012bbas stiprin\u0101\u0161an\u0101 un dialoga veido\u0161an\u0101 pat vissare\u017e\u0123\u012bt\u0101kajos apst\u0101k\u013cos.<\/p>\n<p class=\"text-align-justify\">Koncerts \u201cBr\u012bv\u012bbas balsis\u201d kalpoja k\u0101 atg\u0101din\u0101jums, ka miers, solidarit\u0101te un kult\u016bra ir neat\u0146emami ilgtsp\u0113j\u012bgas dro\u0161\u012bbas elementi \u2013 gan Eirop\u0101, gan Apvienoto N\u0101ciju Organiz\u0101cijas glob\u0101laj\u0101 dienask\u0101rt\u012bb\u0101.<\/p>\n<p class=\"text-align-justify\">Pas\u0101kums \u012bstenots diplom\u0101tijas programm\u0101\u00a0Latvijas dal\u012bbas ANO Dro\u0161\u012bbas padom\u0113 priorit\u0101\u0161u \u012bsteno\u0161anas atbalstam un Latvijas atpaz\u012bstam\u012bbas veicin\u0101\u0161anai.\u00a02025. gada 3. j\u016bnij\u0101 Latviju iev\u0113l\u0113ja ANO Dro\u0161\u012bbas padom\u0113 uz laiku no 2026. gada 1. janv\u0101ra l\u012bdz 2027.\u00a0gada 31. decembrim. Dal\u012bba Dro\u0161\u012bbas padom\u0113 b\u016bs viens no noz\u012bm\u012bgiem instrumentiem Latvijas \u0101rpolitikas intere\u0161u nodro\u0161in\u0101\u0161anai. Dal\u012bbas virsm\u0113r\u0137is ir sarg\u0101t un stiprin\u0101t Latvijas dro\u0161\u012bbai labv\u0113l\u012bgu starptautisko vidi, izmantojot un vienlaikus vairojot daudzpus\u0113j\u0101s diplom\u0101tijas sniegt\u0101s iesp\u0113jas.<\/p>\n","protected":false},"excerpt":{"rendered":"2025. gada 15. decembr\u012b Var\u0161av\u0101, Polij\u0101, Latvijas, Lietuvas un Ukrainas v\u0113stniec\u012bbas r\u012bkoja kop\u012bgu koncertu \u201cBr\u012bv\u012bbas balsis: par notur\u012bbu&hellip;\n","protected":false},"author":2,"featured_media":76414,"comment_status":"","ping_status":"","sticky":false,"template":"","format":"standard","meta":{"footnotes":""},"categories":[5],"tags":[23,28,29,32,33,22,30,31,35,39,38,36,37,34,40,20,26,27,24,25,21],"class_list":{"0":"post-76413","1":"post","2":"type-post","3":"status-publish","4":"format-standard","5":"has-post-thumbnail","7":"category-aktualitates","8":"tag-aktualitates","9":"tag-breaking-news","10":"tag-breakingnews","11":"tag-featured-news","12":"tag-featurednews","13":"tag-headlines","14":"tag-latest-news","15":"tag-latestnews","16":"tag-latvia","17":"tag-latvian","18":"tag-latviesu","19":"tag-latviesu-valoda","20":"tag-latviesuvaloda","21":"tag-latvija","22":"tag-lv","23":"tag-news","24":"tag-popularakas-zinas","25":"tag-popularakaszinas","26":"tag-top-stories","27":"tag-topstories","28":"tag-zinas"},"share_on_mastodon":{"url":"https:\/\/pubeurope.com\/@lv\/115728879618068549","error":""},"_links":{"self":[{"href":"https:\/\/www.europesays.com\/lv\/wp-json\/wp\/v2\/posts\/76413","targetHints":{"allow":["GET"]}}],"collection":[{"href":"https:\/\/www.europesays.com\/lv\/wp-json\/wp\/v2\/posts"}],"about":[{"href":"https:\/\/www.europesays.com\/lv\/wp-json\/wp\/v2\/types\/post"}],"author":[{"embeddable":true,"href":"https:\/\/www.europesays.com\/lv\/wp-json\/wp\/v2\/users\/2"}],"replies":[{"embeddable":true,"href":"https:\/\/www.europesays.com\/lv\/wp-json\/wp\/v2\/comments?post=76413"}],"version-history":[{"count":0,"href":"https:\/\/www.europesays.com\/lv\/wp-json\/wp\/v2\/posts\/76413\/revisions"}],"wp:featuredmedia":[{"embeddable":true,"href":"https:\/\/www.europesays.com\/lv\/wp-json\/wp\/v2\/media\/76414"}],"wp:attachment":[{"href":"https:\/\/www.europesays.com\/lv\/wp-json\/wp\/v2\/media?parent=76413"}],"wp:term":[{"taxonomy":"category","embeddable":true,"href":"https:\/\/www.europesays.com\/lv\/wp-json\/wp\/v2\/categories?post=76413"},{"taxonomy":"post_tag","embeddable":true,"href":"https:\/\/www.europesays.com\/lv\/wp-json\/wp\/v2\/tags?post=76413"}],"curies":[{"name":"wp","href":"https:\/\/api.w.org\/{rel}","templated":true}]}}