{"id":76415,"date":"2025-12-16T10:56:07","date_gmt":"2025-12-16T10:56:07","guid":{"rendered":"https:\/\/www.europesays.com\/lv\/76415\/"},"modified":"2025-12-16T10:56:07","modified_gmt":"2025-12-16T10:56:07","slug":"sabalenka-atzita-par-wta-gada-labako-speletaju-sevastova-netiek-pie-balvas-par-atgriesanos-diena","status":"publish","type":"post","link":"https:\/\/www.europesays.com\/lv\/76415\/","title":{"rendered":"Saba\u013cenka atz\u012bta par WTA gada lab\u0101ko sp\u0113l\u0113t\u0101ju; Sevastova netiek pie balvas par atgrie\u0161anos \/ Diena"},"content":{"rendered":"<p>Sevastova gada atgrie\u0161an\u0101s balvai bija nomin\u0113ta l\u012bdz\u0101s Belindai Ben\u010di\u010dai (WTA 11.) no \u0160veices, \u010dehietei Marketai Vondrou\u0161ovai (WTA 34.), rum\u0101nietei Soranai Kirsteai (WTA 44.) un Barborai Krej\u010d\u012bkovai (WTA 65.) no \u010cehijas. Balvu ieguva Ben\u010di\u010da.<\/p>\n<p>&#13;<br \/>\n&#13;<\/p>\n<p>Sevastova WTA atgrie\u0161an\u0101s gada balvai tika nomin\u0113ta ar\u012b 2015. un 2016. gad\u0101.<\/p>\n<p>&#13;<br \/>\n&#13;<\/p>\n<p>Par lab\u0101ko tenisisti atsz\u012bt\u0101 Saba\u013cenka otro gadu p\u0113c nosl\u0113dza WTA ranga pirmaj\u0101 viet\u0101, \u0161\u012b gada laik\u0101 poz\u012bciju nezaud\u0113jot ne reizi.<\/p>\n<p>&#13;<br \/>\n&#13;<\/p>\n<p>Saba\u013cenka pie apbalvojuma tika otro gadu p\u0113c k\u0101rtas un ir tre\u0161\u0101 tenisiste p\u0113d\u0113jos 15 gados, kura izpeln\u012bjusies vair\u0101k par vienu balvu.<\/p>\n<p>&#13;<br \/>\n&#13;<\/p>\n<p>\u0160osezon Saba\u013cenka WTA t\u016br\u0113 sasniedza visvair\u0101k fin\u0101lu (9), izc\u012bn\u012bja visvair\u0101k titulu (4) un visvair\u0101k uzvaru (63), k\u0101 ar\u012b sasniedza jaunu WTA rekordu gada laik\u0101 ieg\u016btaj\u0101s naudas balv\u0101s &#8211; 15 008 519 ASV dol\u0101ru (ap 12,76 miljoniem eiro).<\/p>\n<p>&#13;<br \/>\n&#13;<\/p>\n<p>Uz WTA gada lab\u0101k\u0101s sp\u0113l\u0113t\u0101jas balvu pretend\u0113ja ar\u012b poliete Iga \u0160vjonteka (WTA 2.), amerik\u0101nietes Korija Gofa (WTA 3.), Amanda A\u0146isimova (WTA 4.) un Medisona K\u012bza (WTA 7.), k\u0101 ar\u012b Kazahst\u0101nas p\u0101rst\u0101ve Je\u013cena Ribakina (WTA 5.).<\/p>\n<p>&#13;<br \/>\n&#13;<\/p>\n<p>Par lab\u0101ko dubultsp\u0113\u013cu p\u0101ri tika atz\u012btas Kater\u017eina Sinjakova no \u010cehijas un amerik\u0101niete Teilore Taunsenda, WTA visvair\u0101k progres\u0113ju\u0161\u0101s sp\u0113l\u0113t\u0101jas balvu sa\u0146\u0113ma A\u0146isimova, bet par lab\u0101ko jauno sp\u0113l\u0113t\u0101ju tika atz\u012bta Viktorija Mboko (WTA 18.) no Kan\u0101das.<\/p>\n<p>&#13;<\/p>\n","protected":false},"excerpt":{"rendered":"Sevastova gada atgrie\u0161an\u0101s balvai bija nomin\u0113ta l\u012bdz\u0101s Belindai Ben\u010di\u010dai (WTA 11.) no \u0160veices, \u010dehietei Marketai Vondrou\u0161ovai (WTA 34.),&hellip;\n","protected":false},"author":2,"featured_media":76416,"comment_status":"","ping_status":"","sticky":false,"template":"","format":"standard","meta":{"footnotes":""},"categories":[17],"tags":[35,39,38,36,37,34,40,67],"class_list":{"0":"post-76415","1":"post","2":"type-post","3":"status-publish","4":"format-standard","5":"has-post-thumbnail","7":"category-sports","8":"tag-latvia","9":"tag-latvian","10":"tag-latviesu","11":"tag-latviesu-valoda","12":"tag-latviesuvaloda","13":"tag-latvija","14":"tag-lv","15":"tag-sports"},"share_on_mastodon":{"url":"https:\/\/pubeurope.com\/@lv\/115728887519203846","error":""},"_links":{"self":[{"href":"https:\/\/www.europesays.com\/lv\/wp-json\/wp\/v2\/posts\/76415","targetHints":{"allow":["GET"]}}],"collection":[{"href":"https:\/\/www.europesays.com\/lv\/wp-json\/wp\/v2\/posts"}],"about":[{"href":"https:\/\/www.europesays.com\/lv\/wp-json\/wp\/v2\/types\/post"}],"author":[{"embeddable":true,"href":"https:\/\/www.europesays.com\/lv\/wp-json\/wp\/v2\/users\/2"}],"replies":[{"embeddable":true,"href":"https:\/\/www.europesays.com\/lv\/wp-json\/wp\/v2\/comments?post=76415"}],"version-history":[{"count":0,"href":"https:\/\/www.europesays.com\/lv\/wp-json\/wp\/v2\/posts\/76415\/revisions"}],"wp:featuredmedia":[{"embeddable":true,"href":"https:\/\/www.europesays.com\/lv\/wp-json\/wp\/v2\/media\/76416"}],"wp:attachment":[{"href":"https:\/\/www.europesays.com\/lv\/wp-json\/wp\/v2\/media?parent=76415"}],"wp:term":[{"taxonomy":"category","embeddable":true,"href":"https:\/\/www.europesays.com\/lv\/wp-json\/wp\/v2\/categories?post=76415"},{"taxonomy":"post_tag","embeddable":true,"href":"https:\/\/www.europesays.com\/lv\/wp-json\/wp\/v2\/tags?post=76415"}],"curies":[{"name":"wp","href":"https:\/\/api.w.org\/{rel}","templated":true}]}}