{"id":76419,"date":"2025-12-16T11:01:18","date_gmt":"2025-12-16T11:01:18","guid":{"rendered":"https:\/\/www.europesays.com\/lv\/76419\/"},"modified":"2025-12-16T11:01:18","modified_gmt":"2025-12-16T11:01:18","slug":"atklati-sova-koru-kari-jaunas-sezonas-visu-10-koru-vaditaji","status":"publish","type":"post","link":"https:\/\/www.europesays.com\/lv\/76419\/","title":{"rendered":"Atkl\u0101ti \u0161ova &#8220;Koru kari&#8221; jaun\u0101s sezonas\u00a0visu 10 koru vad\u012bt\u0101ji"},"content":{"rendered":"<p class=\"lead\">\n                                2026. gada pavasar\u012b TV3 \u0113ter\u0101 b\u016bs skat\u0101ma iem\u012b\u013cot\u0101 \u0161ova &#8220;Koru kari&#8221; jaun\u0101 sezona, kur\u0101 par uzvar\u0113t\u0101ja titulu sacent\u012bsies 10 kori, p\u0101rst\u0101vot visu Latviju \u2014 no R\u0113zeknes l\u012bdz pat Liep\u0101jai. Bet, gaidot dal\u012bbnieku kl\u0101tienes atlases, kas s\u0101ksies jau janv\u0101r\u012b, atkl\u0101ti visi 10 koru vad\u012bt\u0101ji.\n                            <\/p>\n<p>M\u0101ra Upmane-Hol\u0161teine (R\u012bgas koris)<img decoding=\"async\" src=\"https:\/\/www.europesays.com\/lv\/wp-content\/uploads\/2025\/12\/202512161229306941348a1059b.jpg\" alt=\"M\u0101ra Upmane-Hol\u0161teina.\" loading=\"lazy\"\/><\/p>\n<p>M\u0101ra Upmane-Hol\u0161teina.<\/p>\n<p>Foto:\u00a0Publicit\u0101tes<\/p>\n<p>M\u0101ra Upmane-Hol\u0161teine ir r\u012bdziniece piec\u0101s paaudz\u0113s, tr\u012bs b\u0113rnu mamma, grupas &#8220;Astro\u2019n\u2019out&#8221; soliste, gr\u0101matas autore. Pateicoties M\u0101ras un grupas ieguld\u012bjumam, m\u0113s varam klaus\u012bties t\u0101das dziesmas k\u0101 &#8220;Da\u013ca R\u012bgas&#8221;, &#8220;Tici sev&#8221;, &#8220;Multivitam\u012bnu multipaka&#8221; un citas. 2025. gada vasar\u0101 M\u0101ra debit\u0113ja ar solo projektu &#8220;Maarmaar&#8221;, piesakot sevi ar\u012b elektronisk\u0101s m\u016bzikas \u017eanr\u0101.\u00a0<\/p>\n<p>J\u0101nis Ai\u0161purs (Ik\u0161\u0137iles koris)<\/p>\n<p>Ik\u0161\u0137iles kora l\u012bderis, grupas &#8220;The Sound Poets&#8221; m\u016bzi\u0137is J\u0101nis Ai\u0161purs st\u0101sta:<\/p>\n<blockquote>\n<p>&#8220;Koris man \u013coti ilgus gadus bija manas otr\u0101s m\u0101jas, mana otr\u0101 \u0123imene.<\/p>\n<\/blockquote>\n<p><img decoding=\"async\" src=\"https:\/\/www.europesays.com\/lv\/wp-content\/uploads\/2025\/12\/202512161229306941348a0ee73.jpg\" alt=\"J\u0101nis Ai\u0161purs.\" loading=\"lazy\"\/><\/p>\n<p>J\u0101nis Ai\u0161purs.<\/p>\n<p>Foto:\u00a0Publicit\u0101tes<\/p>\n<p>Es asto\u0146us gadus dzied\u0101ju M\u0101ra Sirm\u0101 vad\u012btaj\u0101 kor\u012b &#8220;Kam\u0113r&#8221; un ko tik es tur nepiedz\u012bvoju \u2014 es redz\u0113ju pasauli, ieguvu draugus, iem\u0101c\u012bjos str\u0101d\u0101t un sadarboties, un t\u0101s ir vienas no man\u0101m skaist\u0101kaj\u0101m dz\u012bves atmi\u0146\u0101m. Un dal\u012bba &#8220;Koru karos&#8221;, vadot Ik\u0161\u0137iles kori, ir \u013coti skaists apvienojums div\u0101m man\u0101m kaisl\u012bb\u0101m \u2014 korm\u016bzikai un popul\u0101rajai m\u016bzikai \u2014 otro no kur\u0101m savuk\u0101rt \u012bstenoju kop\u0101 ar grupu &#8220;The Sound Poets&#8221;.<\/p>\n<p>Fi\u0146\u0137is (Madonas koris)<\/p>\n<p>Madonas kora vad\u012bt\u0101js, reperis Fi\u0146\u0137is saka: &#8220;Es v\u0113los arvien no jauna par\u0101d\u012bt un atg\u0101din\u0101t,<\/p>\n<blockquote>\n<p>cik rado\u0161i, sirsn\u012bgi un ar humora izj\u016btu bag\u0101ti ir madonie\u0161i un Madonas novada cilv\u0113ki.<\/p>\n<\/blockquote>\n<p><img decoding=\"async\" src=\"https:\/\/www.europesays.com\/lv\/wp-content\/uploads\/2025\/12\/202512161229306941348a0bba3.jpg\" alt=\"Helvijs Fi\u0146\u0137is.\" loading=\"lazy\"\/><\/p>\n<p>Helvijs Fi\u0146\u0137is.<\/p>\n<p>Foto:\u00a0Publicit\u0101tes<\/p>\n<p>M\u0113s patiesi varam visai Latvijai apliecin\u0101t, ka no Madonas n\u0101k skaisti, inteli\u0123enti un pat\u012bkami cilv\u0113ki, kuri prot dzied\u0101t, izklaid\u0113t un sniegt noz\u012bm\u012bgu pienesumu kult\u016bras dz\u012bvei. Madona \u2014 tikai uz aug\u0161u! M\u0113s esam lab\u0101kie!&#8221;<\/p>\n<p>Dainis Skutelis (Prei\u013cu koris)<\/p>\n<p>&#8220;Gan dz\u012bv\u0113 gan uz skatuves esmu tie\u0161s un \u012bsts \u2014 bez liek\u0101m dekor\u0101cij\u0101m.<\/p>\n<blockquote>\n<p>M\u016bzi\u0137a darbu apvienoju ar lauku ikdienas darbiem,<\/p>\n<\/blockquote>\n<p><img decoding=\"async\" src=\"https:\/\/www.europesays.com\/lv\/wp-content\/uploads\/2025\/12\/202512161229306941348a065d5.jpg\" alt=\"Dainis Skutelis.\" loading=\"lazy\"\/><\/p>\n<p>Dainis Skutelis.<\/p>\n<p>Foto:\u00a0Publicit\u0101tes<\/p>\n<p>jo esmu saimnieks se\u0161iem zirgiem. Liela da\u013ca laika man aizrit pie auto st\u016bres, jo uz katru koncertu, lai kur tas ar\u012b b\u016btu, dodos no sava dzimt\u0101 Prei\u013cu novada,&#8221; atkl\u0101j Dainis, kur\u0161 \u0161aj\u0101 sezon\u0101 l\u0113mis vad\u012bt kori, jo \u0161ova &#8220;Koru kari&#8221; 2. sezon\u0101 ir piedal\u012bjies pats k\u0101 korists, p\u0101rst\u0101vot Prei\u013cu roz\u0101 kori.<\/p>\n<p>Diona Liepi\u0146a (R\u0113zeknes koris)<img decoding=\"async\" src=\"https:\/\/www.europesays.com\/lv\/wp-content\/uploads\/2025\/12\/202512161229306941348a083ff.jpg\" alt=\"Diona Liepi\u0146a.\" loading=\"lazy\"\/><\/p>\n<p>Diona Liepi\u0146a.<\/p>\n<p>Foto:\u00a0Publicit\u0101tes<\/p>\n<p>Diona Liepi\u0146a, kura pla\u0161\u0101k paz\u012bstama ar skatuves v\u0101rdu DIONA, ir jaun\u0101s paaudzes latvie\u0161u dzied\u0101t\u0101ja un dziesmu autore. Vi\u0146as m\u016bzik\u0101 satiekas deju ritmi, emocion\u0101ls sp\u0113ks un personiskums, kas \u013cauj klaus\u012bt\u0101jiem iepaz\u012bt vi\u0146as iek\u0161\u0113jo pasauli \u2014 tostarp p\u0101rdz\u012bvojumus, smeldzi, atmi\u0146as un dz\u012bves pieredzi. DIONAS ce\u013c\u0161 uz pla\u0161\u0101ku atpaz\u012bstam\u012bbu s\u0101k\u0101s 2021. gad\u0101, piedaloties \u0161ov\u0101 &#8220;X Faktors&#8221;. \u0160obr\u012bd dzied\u0101t\u0101ja akt\u012bvi turpina savu muzik\u0101lo karjeru gan uz skatuves, gan ierakstu studij\u0101.<\/p>\n<p>Ingus Ulmanis (Limba\u017eu koris)<img decoding=\"async\" src=\"https:\/\/www.europesays.com\/lv\/wp-content\/uploads\/2025\/12\/202512161229306941348a0d209.jpg\" alt=\"Ingus Ulmanis\" loading=\"lazy\"\/><\/p>\n<p>Ingus Ulmanis<\/p>\n<p>Foto:\u00a0Publicit\u0101tes<\/p>\n<p>Limba\u017eu kora l\u012bderis, m\u016bzi\u0137is un dzied\u0101t\u0101js, TV un radio raid\u012bjumu vad\u012bt\u0101js, Ingus Ulmanis dal\u0101s: &#8220;2026. gads man pa\u0161am b\u016bs t\u0101da putnu izlido\u0161ana no pelniem, kad s\u0101ksim ar &#8220;Koru kariem&#8221;, bet p\u0113c tam ar &#8220;L\u0101dezera&#8221; koncertt\u016bri &#8220;Zem\u016bdenes&#8221;. Un ar &#8220;Koru kariem&#8221; man ir viens nenok\u0101rtots par\u0101di\u0146\u0161, jo<\/p>\n<blockquote>\n<p>pirmajos &#8220;Koru karos&#8221; biju kop\u0101 ar C\u0113su kori. Un tad limba\u017enieki t\u0101 k\u0101 nedaudz ar \u0161\u0137\u012bbu aci raudz\u012bj\u0101s,<\/p>\n<\/blockquote>\n<p>jo beigu beig\u0101s Limba\u017eos agr\u0101k esmu pat b\u0113rnud\u0101rz\u0101 g\u0101jis un skol\u0101 m\u0101c\u012bjies. Nu, tad l\u016bk \u2014 par\u0101ds tiek atdots, un redz\u0113sim, k\u0101 mums, limba\u017eniekiem veiksies \u2014 es ceru, ka l\u012bbie\u0161u sp\u0113ks pal\u012bdz\u0113s!&#8221;<\/p>\n<p>El\u012bna F\u016brmane\/DJ Ella (R\u012bgas koris)<img decoding=\"async\" src=\"https:\/\/www.europesays.com\/lv\/wp-content\/uploads\/2025\/12\/202512161229306941348a09b69.jpg\" alt=\"El\u012bna F\u016brmane jeb DJ Ella.\" loading=\"lazy\"\/><\/p>\n<p>El\u012bna F\u016brmane jeb DJ Ella.<\/p>\n<p>Foto:\u00a0Publicit\u0101tes<\/p>\n<p>El\u012bna F\u016brmane \u2014 dzied\u0101t\u0101ja, uz\u0146\u0113m\u0113ja, influencere un d\u012bd\u017eejs, kura pla\u0161\u0101k paz\u012bstama ar skatuves v\u0101rdu Ella vai DJ Ella \u2014 st\u0101sta: &#8220;Atgrie\u017eoties no ASV, es nesp\u0113ju iedom\u0101ties, ka man tiks uztic\u0113ts tik liels gods, vad\u012bt manas pils\u0113tas \u2014 R\u012bgas \u2014 kori.<\/p>\n<blockquote>\n<p>R\u012bga ir manas m\u0101jas, vieta, kur iem\u0101c\u012bjos sap\u0146ot, dzied\u0101t un m\u012bl\u0113t Latviju.<\/p>\n<\/blockquote>\n<p>Lai katra dziesma, ko dzied\u0101sim, ir k\u0101 tilts starp mums visiem. Lai t\u0101 vieno, iedvesmo, sasilda ne tikai R\u012bgu, bet visu Latviju!&#8221;<\/p>\n<p>Chris Noah (Olaines koris)<img decoding=\"async\" src=\"https:\/\/www.europesays.com\/lv\/wp-content\/uploads\/2025\/12\/202512161229306941348a04510.jpg\" alt=\"Chris Noah.\" loading=\"lazy\"\/><\/p>\n<p>Chris Noah.<\/p>\n<p>Foto:\u00a0Publicit\u0101tes<\/p>\n<p>M\u016bzi\u0137is un dzied\u0101t\u0101js Chris Noah atkl\u0101j: &#8220;Piekritu piedal\u012bties &#8220;Koru karos&#8221;, jo esmu liels savas pils\u0113tas \u2014 Olaines \u2014 patriots. Un uzskatu, ka bez Olaines noteikti neb\u016btu t\u0101ds Chris Noah, k\u0101du j\u016bs redzat uz skatuves. Un tie\u0161i t\u0101d\u0113\u013c es j\u016btu atbild\u012bbas saj\u016btu p\u0101rst\u0101v\u0113t discipl\u012bn\u0101, kas nav saist\u012bta ar sportu, savu pils\u0113tu, savu novadu \u2014 Olaini. Protams, \u0161is ir izaicin\u0101jums, kaut kas jauns man.<\/p>\n<blockquote>\n<p>L\u012bdz \u0161im es neesmu dzied\u0101jis nevien\u0101 kor\u012b,<\/p>\n<\/blockquote>\n<p>un es dom\u0101ju, ka ir p\u0113d\u0113jais laiks saprast, k\u0101 tas ir \u2014 b\u016bt da\u013cai no kora.&#8221;<\/p>\n<p>Andris \u0112rglis (Liep\u0101jas koris)<\/p>\n<p>Andris \u0112rglis \u2014 dzied\u0101t\u0101js, m\u016bzi\u0137is, pedagogs \u2014 saka:<\/p>\n<blockquote>\n<p>&#8220;Esmu Liep\u0101jas \u2014 savas pils\u0113tas \u2014 patriots.<\/p>\n<\/blockquote>\n<p><img decoding=\"async\" src=\"https:\/\/www.europesays.com\/lv\/wp-content\/uploads\/2025\/12\/202512161229306941348a007d7.jpg\" alt=\"Andris \u0112rglis.\" loading=\"lazy\"\/><\/p>\n<p>Andris \u0112rglis.<\/p>\n<p>Foto:\u00a0Publicit\u0101tes<\/p>\n<p>Tas ir \u013coti liels pagodin\u0101jums p\u0101rst\u0101v\u0113t savas pils\u0113tas kr\u0101sas. Liep\u0101ja, viennoz\u012bm\u012bgi, ir viena no muzik\u0101l\u0101kaj\u0101m pils\u0113t\u0101m Latvij\u0101 \u2014 gan v\u0113sturiski, gan \u0161obr\u012bd ir redzams, ka liela da\u013ca izcilu m\u016bzi\u0137u n\u0101k tie\u0161i no Liep\u0101jas. Esmu priec\u012bgs, ka ar\u012b es esmu liep\u0101jnieks, kuram ir tas gods p\u0101rst\u0101v\u0113t pils\u0113tu un nest \u0161ov\u0101 &#8220;Koru kari&#8221; t\u0101s v\u0101rdu.&#8221;<\/p>\n<p>Asnate Ranc\u0101ne (Saulkrastu koris)<img decoding=\"async\" src=\"https:\/\/www.europesays.com\/lv\/wp-content\/uploads\/2025\/12\/202512161229306941348a02bad.jpg\" alt=\"Asn\u0101te Ranc\u0101ne.\" loading=\"lazy\"\/><\/p>\n<p>Asn\u0101te Ranc\u0101ne.<\/p>\n<p>Foto:\u00a0Publicit\u0101tes<\/p>\n<p>M\u016bzi\u0137e, dzied\u0101t\u0101ja, grupas &#8220;Tautumeitas&#8221; l\u012bdere Asnate Ranc\u0101ne, kuras rado\u0161ais ce\u013c\u0161 atg\u0101dina, ka m\u016bsu saknes var k\u013c\u016bt par sp\u0101rniem, st\u0101sta: &#8220;&#8221;Koru karos&#8221; piekritu piedal\u012bties, jo reti, kad saku &#8220;n\u0113&#8221; izaicin\u0101jumiem, k\u0101 ar\u012b vienm\u0113r \u013coti izbaudu jaunas sadarb\u012bbas un satik\u0161an\u0101s ar cilv\u0113kiem.<\/p>\n<blockquote>\n<p>Zinu, ka tas b\u016bs skaists un neaizmirstams piedz\u012bvojums.&#8221;<\/p>\n<\/blockquote>\n<p>Aizvien ir iesp\u0113ja pieteikties dal\u012bbai visos 10 \u0161ova koros. Katr\u0101 kor\u012b b\u016bs tikai 16 dzied\u0101t\u0101ji, kuri tiks izv\u0113l\u0113ti kl\u0101tienes atlas\u0113s, 2026. gada janv\u0101ra laik\u0101. \u0160ovam var pieteikties ikviens, kur\u0161 sasniedzis 16 gadu vecumu un ir gatavs p\u0101rst\u0101v\u0113t savu novadu.<\/p>\n<p class=\"paragraph-muted\">Izv\u0113lies savu soct\u012bklu platformu, lai sekotu LASI.LV: <a href=\"https:\/\/www.facebook.com\/portals.lasi.lv\" target=\"_blank\" rel=\"noopener noreferrer nofollow\">Facebook<\/a>, <a href=\"https:\/\/twitter.com\/lasilvportals\" target=\"_blank\" rel=\"noopener noreferrer nofollow\">X<\/a>, <a href=\"https:\/\/bsky.app\/profile\/lasilv.bsky.social\" target=\"_blank\" rel=\"noopener noreferrer nofollow\">Bluesky<\/a>, <a href=\"https:\/\/www.draugiem.lv\/lasilv\/?pg=4\" target=\"_blank\" rel=\"noopener noreferrer nofollow\">Draugiem<\/a> vai ar\u012b <a href=\"https:\/\/www.instagram.com\/lasilv_zinas\/\" target=\"_blank\" rel=\"noopener noreferrer nofollow\">Instagram<\/a>. Pievienojies m\u016bsu las\u012bt\u0101ju pulkam, lai sa\u0146emtu \u012bpa\u0161i tev atlas\u012btu noder\u012bgu, praktisku un aktu\u0101lu saturu.\u00a0<\/p>\n<p><a href=\"https:\/\/lasi.lv\/abonesana\" rel=\"nofollow noopener\" target=\"_blank\">Abon\u0113<\/a>\u00a0LASI.LV gadam\u00a0vai k\u0101du no\u00a0&#8220;Latvijas Mediju&#8221; periodiskajiem izdevumiem 2026. gadam, un laim\u0113 1500 eiro vai Philips kafijas autom\u0101tu. Loterijas at\u013caujas nr. 8744.<\/p>\n<p><img decoding=\"async\" src=\"https:\/\/www.europesays.com\/lv\/wp-content\/uploads\/2025\/12\/1765856791_432_2025100311425268df8c8c1572e.jpg\" alt=\"\" loading=\"lazy\"\/><\/p>\n<p style=\"margin-left:auto;\">Pieraksties LASI.LV redaktora v\u0113stkopai <a href=\"https:\/\/lasi.lv\/vestkopa\/lasi-lv-galvena-redaktora-vestkopa\" rel=\"nofollow noopener\" target=\"_blank\">\u0161eit<\/a>.<\/p>\n<p>Pieraksties v\u0113stkopai un divas reizes ned\u0113\u013c\u0101 sa\u0146em padzi\u013cin\u0101tu LASI.LV galven\u0101 redaktora aktu\u0101lo zi\u0146u, kompetentu viedok\u013cu un interesant\u0101ko interviju apkopojumu.<\/p>\n<p>Ko tu sa\u0146emsi:<\/p>\n<ul>\n<li>Daudzveid\u012bgus koment\u0101rus un kompetentus Latvijas Mediju \u017eurn\u0101listu un autoru viedok\u013cus par aktu\u0101lo<\/li>\n<li>Ekspertu koment\u0101rus par da\u017e\u0101diem praktiskiem, noder\u012bgiem tematiem<\/li>\n<li>Aizraujo\u0161us materi\u0101lus par v\u0113sturi, psiholo\u0123iju, kult\u016bru<\/li>\n<li>Gata \u0160\u013c\u016bkas karikat\u016bru<\/li>\n<li>Tav\u0101 e-pasta kast\u012bt\u0113 katru ceturtdienu<\/li>\n<\/ul>\n<p style=\"margin-left:auto;\">\u00a0<\/p>\n<p><script async src=\"https:\/\/platform.twitter.com\/widgets.js\" charset=\"utf-8\"><\/script><script async src=\"\/\/www.instagram.com\/embed.js\"><\/script><\/p>\n","protected":false},"excerpt":{"rendered":"2026. gada pavasar\u012b TV3 \u0113ter\u0101 b\u016bs skat\u0101ma iem\u012b\u013cot\u0101 \u0161ova &#8220;Koru kari&#8221; jaun\u0101 sezona, kur\u0101 par uzvar\u0113t\u0101ja titulu sacent\u012bsies&hellip;\n","protected":false},"author":2,"featured_media":76420,"comment_status":"","ping_status":"","sticky":false,"template":"","format":"standard","meta":{"footnotes":""},"categories":[19],"tags":[89,90,35,39,38,36,37,34,40],"class_list":{"0":"post-76419","1":"post","2":"type-post","3":"status-publish","4":"format-standard","5":"has-post-thumbnail","7":"category-izklaide","8":"tag-entertainment","9":"tag-izklaide","10":"tag-latvia","11":"tag-latvian","12":"tag-latviesu","13":"tag-latviesu-valoda","14":"tag-latviesuvaloda","15":"tag-latvija","16":"tag-lv"},"share_on_mastodon":{"url":"https:\/\/pubeurope.com\/@lv\/115728907440397060","error":""},"_links":{"self":[{"href":"https:\/\/www.europesays.com\/lv\/wp-json\/wp\/v2\/posts\/76419","targetHints":{"allow":["GET"]}}],"collection":[{"href":"https:\/\/www.europesays.com\/lv\/wp-json\/wp\/v2\/posts"}],"about":[{"href":"https:\/\/www.europesays.com\/lv\/wp-json\/wp\/v2\/types\/post"}],"author":[{"embeddable":true,"href":"https:\/\/www.europesays.com\/lv\/wp-json\/wp\/v2\/users\/2"}],"replies":[{"embeddable":true,"href":"https:\/\/www.europesays.com\/lv\/wp-json\/wp\/v2\/comments?post=76419"}],"version-history":[{"count":0,"href":"https:\/\/www.europesays.com\/lv\/wp-json\/wp\/v2\/posts\/76419\/revisions"}],"wp:featuredmedia":[{"embeddable":true,"href":"https:\/\/www.europesays.com\/lv\/wp-json\/wp\/v2\/media\/76420"}],"wp:attachment":[{"href":"https:\/\/www.europesays.com\/lv\/wp-json\/wp\/v2\/media?parent=76419"}],"wp:term":[{"taxonomy":"category","embeddable":true,"href":"https:\/\/www.europesays.com\/lv\/wp-json\/wp\/v2\/categories?post=76419"},{"taxonomy":"post_tag","embeddable":true,"href":"https:\/\/www.europesays.com\/lv\/wp-json\/wp\/v2\/tags?post=76419"}],"curies":[{"name":"wp","href":"https:\/\/api.w.org\/{rel}","templated":true}]}}