{"id":76421,"date":"2025-12-16T11:02:09","date_gmt":"2025-12-16T11:02:09","guid":{"rendered":"https:\/\/www.europesays.com\/lv\/76421\/"},"modified":"2025-12-16T11:02:09","modified_gmt":"2025-12-16T11:02:09","slug":"sveiks-2025-gada-labakos-sportistus-un-trenerus","status":"publish","type":"post","link":"https:\/\/www.europesays.com\/lv\/76421\/","title":{"rendered":"Sveiks 2025. gada lab\u0101kos sportistus un trenerus"},"content":{"rendered":"<p>Sveiks 2025. gada lab\u0101kos sportistus un trenerus<\/p>\n<p>Tradicion\u0101lais pas\u0101kums \u201cSporta laure\u0101ts 2025\u201d, kur\u0101 tiks godin\u0101ti \u0161\u0101 gada Jelgavas lab\u0101kie sportisti un treneri, norisin\u0101sies 18. decembr\u012b kult\u016bras nam\u0101 \u201cRota\u201d. Dal\u012bba pas\u0101kum\u0101 ir ar iel\u016bgumiem, bet laure\u0101tu saraksts un foto atskats p\u0113c pas\u0101kuma tiks public\u0113ts t\u012bmek\u013cvietn\u0113 Jelgava.lv un Sporta servisa centra soci\u0101lajos t\u012bklos.<\/p>\n<p>\u0160ogad nomin\u0101ciju skaits ir t\u0101ds pats k\u0101 p\u0113rn: sporta saimes p\u0101rst\u0101vji tiks apbalvoti nomin\u0101cij\u0101s \u201cGada sportists olimpiskajos sporta veidos\u201d, \u201cGada sportiste olimpiskajos sporta veidos\u201d, \u201cGada treneris\u201d, \u201cGada sportists neolimpiskajos sporta veidos\u201d, \u201cGada perspekt\u012bv\u0101kais sportists\u201d, \u201cGada perspekt\u012bv\u0101k\u0101 sportiste\u201d, \u201cGada sportists veter\u0101nu sport\u0101\u201d, \u201cGada sporta skolot\u0101js\u201d, \u201cGada sporta sp\u0113\u013cu komanda\u201d, \u201cGada sporta organiz\u0101cija\u201d. T\u0101pat tiks pasniegta balva nomin\u0101cij\u0101 \u201cPar ieguld\u012bjumu sport\u0101\u201d un \u201cSporta servisa centra\u201d speci\u0101lbalva.<\/p>\n<p>\u201cAizvad\u012btaj\u0101 gad\u0101 Jelgavas sportistiem biju\u0161i iev\u0113r\u012bbas cien\u012bgi pan\u0101kumi. Piem\u0113ram, v\u0113sturiski liel\u0101k\u0101 Jelgavas sportistu p\u0101rst\u0101vniec\u012bba \u0161ogad start\u0113ja Eiropas Jaunatnes olimpiskaj\u0101 festiv\u0101l\u0101. T\u0101pat g\u016bti pan\u0101kumi gan Latvijas \u010dempion\u0101tos, gan starptautisk\u0101 m\u0113rog\u0101. Pozit\u012bvi, ka turpin\u0101s p\u0113d\u0113jo gadu tendence un vair\u0101k\u0101s nomin\u0101cij\u0101s, piem\u0113ram, par gada lab\u0101ko sportistu olimpiskajos veidos, perspekt\u012bv\u0101ko sportistu, lab\u0101ko sportistu veter\u0101nu sport\u0101, ir s\u012bva konkurence,\u201d nor\u0101da Jelgavas Sporta servisa centra direktors Juris Kaminskis, n\u0101kamaj\u0101 gad\u0101 sportistiem un treneriem nov\u0113lot iztur\u012bbu, paciet\u012bbu un ar\u012b veiksmi.<\/p>\n","protected":false},"excerpt":{"rendered":"Sveiks 2025. gada lab\u0101kos sportistus un trenerus Tradicion\u0101lais pas\u0101kums \u201cSporta laure\u0101ts 2025\u201d, kur\u0101 tiks godin\u0101ti \u0161\u0101 gada Jelgavas&hellip;\n","protected":false},"author":2,"featured_media":76422,"comment_status":"","ping_status":"","sticky":false,"template":"","format":"standard","meta":{"footnotes":""},"categories":[17],"tags":[35,39,38,36,37,34,40,67],"class_list":{"0":"post-76421","1":"post","2":"type-post","3":"status-publish","4":"format-standard","5":"has-post-thumbnail","7":"category-sports","8":"tag-latvia","9":"tag-latvian","10":"tag-latviesu","11":"tag-latviesu-valoda","12":"tag-latviesuvaloda","13":"tag-latvija","14":"tag-lv","15":"tag-sports"},"share_on_mastodon":{"url":"https:\/\/pubeurope.com\/@lv\/115728911037613248","error":""},"_links":{"self":[{"href":"https:\/\/www.europesays.com\/lv\/wp-json\/wp\/v2\/posts\/76421","targetHints":{"allow":["GET"]}}],"collection":[{"href":"https:\/\/www.europesays.com\/lv\/wp-json\/wp\/v2\/posts"}],"about":[{"href":"https:\/\/www.europesays.com\/lv\/wp-json\/wp\/v2\/types\/post"}],"author":[{"embeddable":true,"href":"https:\/\/www.europesays.com\/lv\/wp-json\/wp\/v2\/users\/2"}],"replies":[{"embeddable":true,"href":"https:\/\/www.europesays.com\/lv\/wp-json\/wp\/v2\/comments?post=76421"}],"version-history":[{"count":0,"href":"https:\/\/www.europesays.com\/lv\/wp-json\/wp\/v2\/posts\/76421\/revisions"}],"wp:featuredmedia":[{"embeddable":true,"href":"https:\/\/www.europesays.com\/lv\/wp-json\/wp\/v2\/media\/76422"}],"wp:attachment":[{"href":"https:\/\/www.europesays.com\/lv\/wp-json\/wp\/v2\/media?parent=76421"}],"wp:term":[{"taxonomy":"category","embeddable":true,"href":"https:\/\/www.europesays.com\/lv\/wp-json\/wp\/v2\/categories?post=76421"},{"taxonomy":"post_tag","embeddable":true,"href":"https:\/\/www.europesays.com\/lv\/wp-json\/wp\/v2\/tags?post=76421"}],"curies":[{"name":"wp","href":"https:\/\/api.w.org\/{rel}","templated":true}]}}