{"id":76425,"date":"2025-12-16T11:06:08","date_gmt":"2025-12-16T11:06:08","guid":{"rendered":"https:\/\/www.europesays.com\/lv\/76425\/"},"modified":"2025-12-16T11:06:08","modified_gmt":"2025-12-16T11:06:08","slug":"valdiba-apstiprina-oficialas-statistikas-programmu-2026-2028-gadam","status":"publish","type":"post","link":"https:\/\/www.europesays.com\/lv\/76425\/","title":{"rendered":"Vald\u012bba apstiprina Ofici\u0101l\u0101s statistikas programmu 2026.\u20132028. gadam"},"content":{"rendered":"<p>Ministru kabinets 16.\u00a0decembr\u012b apstiprin\u0101jis ofici\u0101l\u0101s statistikas <a href=\"https:\/\/tapportals.mk.gov.lv\/structuralizer\/data\/nodes\/78a2a703-538f-47f8-a055-56a94def83bb\/preview\" target=\"_blank\" rel=\"nofollow noopener\">programmu<\/a> 2026.\u20132028. gadam. Taj\u0101 apkopota inform\u0101cija par ofici\u0101lo statistiku, ko n\u0101kamajos trijos gados nodro\u0161in\u0101s Centr\u0101l\u0101 statistikas p\u0101rvalde (CSP) un v\u0113l 34 valsts iest\u0101des.<\/p>\n<p>Pirmo reizi \u0161o programmu stiprina uz tr\u012bs gadiem, t\u0101d\u0113j\u0101di mazinot administrat\u012bvo slogu, kas zin\u0101m\u0101 m\u0113r\u0101 veidoj\u0101s iepriek\u0161, kad to vald\u012bb\u0101 stiprin\u0101ja katru gadu no jauna.<\/p>\n<p>Ofici\u0101l\u0101s statistikas programmu veido \u010detras da\u013cas. Pirm\u0101 un otr\u0101 da\u013ca ietver statistisko inform\u0101ciju par to, ko CSP un citas valsts iest\u0101des apkopos un public\u0113s 2026.\u20132028. gad\u0101, lai izpild\u012btu starptautisko un ES ties\u012bbu aktu pras\u012bbas. Tre\u0161aj\u0101 da\u013c\u0101 noteikts personas datu apjoms un izmanto\u0161anas veids, kurus iest\u0101des statistikas nodro\u0161in\u0101\u0161anai ieg\u016bs no administrat\u012bvajiem datu avotiem, savuk\u0101rt ceturtaj\u0101 \u2013 juridisko personu dati, kas nav personu dati, kurus CSP statistikas nodro\u0161in\u0101\u0161anai ieg\u016bs no administrat\u012bvajiem datu avotiem.\u00a0<\/p>\n<p>Ofici\u0101laj\u0101 statistik\u0101 ar\u012b turpm\u0101k b\u016bs t\u0101di r\u0101d\u012bt\u0101ji k\u0101 IKP, \u0101r\u0113j\u0101s tirdzniec\u012bbas statistika, cenu p\u0101rmai\u0146u statistika, demogr\u0101fisk\u0101 un iedz\u012bvot\u0101ju dz\u012bves l\u012bme\u0146a statistika, galvenie uz\u0146\u0113m\u0113jdarb\u012bbas r\u0101d\u012bt\u0101ji, nodarbin\u0101t\u012bbas un darba samaksas statistika, vides un transporta statistika, t\u016brisma r\u0101d\u012bt\u0101ji, ar\u012b dati par lauksaimniec\u012bbu, me\u017esaimniec\u012bbu un zivsaimniec\u012bbu u. c.<\/p>\n<p>K\u0101 jaunums ofici\u0101l\u0101s statistikas programm\u0101 turpm\u0101kos gadus b\u016bs \u0123eotelpisk\u0101 statistika par ien\u0101kumiem, darba samaksu, profesiju, nodarbin\u0101t\u012bbas strukt\u016bru. 2027.\u00a0gad\u0101 b\u016bs ar\u012b statistika no ekosist\u0113mu kontiem \u2013 t\u0101 ir starptautiski atz\u012bta pieeja, kas integr\u0113 dabas kapit\u0101la st\u0101vokli un izmai\u0146as valsts statistikas sist\u0113m\u0101, nodro\u0161inot struktur\u0113tu un sal\u012bdzin\u0101mu inform\u0101ciju par ekosist\u0113mu plat\u012bb\u0101m, to kvalit\u0101ti un sniegtajiem pakalpojumiem.<\/p>\n<p>2026.\u00a0gad\u0101 tiks public\u0113ti jaun\u0101kie dati no \u0161ogad veiktiem tr\u012bs apjom\u012bgiem apsekojumiem: \u00a0<\/p>\n<ul>&#13;<\/p>\n<li>dz\u012bves kvalit\u0101te pils\u0113t\u0101s \u2013 iedz\u012bvot\u0101ju v\u0113rt\u0113jums par dz\u012bves kvalit\u0101ti un pakalpojumu pieejam\u012bbu valstspils\u0113t\u0101s (paredz\u0113ts publiskot mart\u0101);<\/li>\n<p>&#13;<\/p>\n<li>m\u0101jsaimniec\u012bbu bud\u017eeta apsekojums \u2013 tas datos \u013caus ieraudz\u012bt m\u0101jsaimniec\u012bbu pat\u0113ri\u0146a izdevumu l\u012bmeni un strukt\u016bru, k\u0101 pa gadiem main\u0101s pat\u0113ri\u0146a paradumi \u00a0(paredz\u0113ts publiskot august\u0101);<\/li>\n<p>&#13;<\/p>\n<li>Eiropas iedz\u012bvot\u0101ju vesel\u012bbas apsekojums \u2013 pla\u0161a iedz\u012bvot\u0101ju aptauja par vesel\u012bbas st\u0101vokli, to ietekm\u0113jo\u0161iem faktoriem, k\u0101 ar\u012b par vesel\u012bbas apr\u016bpes pakalpojumu kvalit\u0101ti un pieejam\u012bbu (paredz\u0113ts publiskot decembr\u012b).<\/li>\n<p>&#13;\n<\/ul>\n<p>CSP p\u0113c iesp\u0113jas k\u0101 prim\u0101ro datu avotu, kur vien iesp\u0113jams, cen\u0161as izmantot administrat\u012bvos datus (da\u017e\u0101das valsts inform\u0101cijas sist\u0113mas, re\u0123istrus u. tml.), lai mazin\u0101tu respondentiem administrat\u012bvo slogu. T\u0101p\u0113c ar\u012b turpm\u0101kos gadus CSP cie\u0161i sadarbosies ar cit\u0101m valsts iest\u0101d\u0113m un turpin\u0101s mekl\u0113t jaunas iesp\u0113jas izg\u016bt un analiz\u0113t datus no sist\u0113m\u0101m. Ta\u010du aizvien b\u016bs nepiecie\u0161am\u012bba v\u0113rsties ar\u012b pie iedz\u012bvot\u0101jiem un komersantiem, lai noskaidrotu inform\u0101ciju, kas nav pieejama re\u0123istros.\u00a0<\/p>\n<p>Ministru kabineta noteikumi st\u0101sies sp\u0113k\u0101 2026.\u00a0gada 1.\u00a0janv\u0101r\u012b.<\/p>\n<p>Detaliz\u0113t\u0101ka inform\u0101cija par ofici\u0101l\u0101s statistikas programmu pieejama CSP <a href=\"https:\/\/www.csp.gov.lv\/lv\/statistikas-programma\" target=\"_blank\" rel=\"nofollow noopener\">t\u012bmek\u013cvietn\u0113<\/a>. Savuk\u0101rt CSP un citu valsts instit\u016bciju public\u0113t\u0101 statistika ikvienam ir pieejama Ofici\u0101l\u0101s statistikas <a href=\"https:\/\/stat.gov.lv\/lv\" target=\"_blank\" rel=\"nofollow noopener\">port\u0101l\u0101<\/a>.<\/p>\n<p>          <img decoding=\"async\" src=\"https:\/\/www.europesays.com\/lv\/wp-content\/uploads\/2025\/12\/1765848497_914_logo-lv.png\" alt=\"\"\/><\/p>\n<p>                  \u0160\u012b inform\u0101cija ir publisks pazi\u0146ojums un neatspogu\u013co LV port\u0101la viedokli. Par t\u0101s saturu atbild ies\u016bt\u012bt\u0101js. <a data-popup=\"rules\">Public\u0113\u0161anas noteikumi<\/a><\/p>\n","protected":false},"excerpt":{"rendered":"Ministru kabinets 16.\u00a0decembr\u012b apstiprin\u0101jis ofici\u0101l\u0101s statistikas programmu 2026.\u20132028. gadam. Taj\u0101 apkopota inform\u0101cija par ofici\u0101lo statistiku, ko n\u0101kamajos trijos&hellip;\n","protected":false},"author":2,"featured_media":76426,"comment_status":"","ping_status":"","sticky":false,"template":"","format":"standard","meta":{"footnotes":""},"categories":[5],"tags":[23,28,29,32,33,22,30,31,35,39,38,36,37,34,40,20,26,27,24,25,21],"class_list":{"0":"post-76425","1":"post","2":"type-post","3":"status-publish","4":"format-standard","5":"has-post-thumbnail","7":"category-aktualitates","8":"tag-aktualitates","9":"tag-breaking-news","10":"tag-breakingnews","11":"tag-featured-news","12":"tag-featurednews","13":"tag-headlines","14":"tag-latest-news","15":"tag-latestnews","16":"tag-latvia","17":"tag-latvian","18":"tag-latviesu","19":"tag-latviesu-valoda","20":"tag-latviesuvaloda","21":"tag-latvija","22":"tag-lv","23":"tag-news","24":"tag-popularakas-zinas","25":"tag-popularakaszinas","26":"tag-top-stories","27":"tag-topstories","28":"tag-zinas"},"share_on_mastodon":{"url":"https:\/\/pubeurope.com\/@lv\/115728927011229509","error":""},"_links":{"self":[{"href":"https:\/\/www.europesays.com\/lv\/wp-json\/wp\/v2\/posts\/76425","targetHints":{"allow":["GET"]}}],"collection":[{"href":"https:\/\/www.europesays.com\/lv\/wp-json\/wp\/v2\/posts"}],"about":[{"href":"https:\/\/www.europesays.com\/lv\/wp-json\/wp\/v2\/types\/post"}],"author":[{"embeddable":true,"href":"https:\/\/www.europesays.com\/lv\/wp-json\/wp\/v2\/users\/2"}],"replies":[{"embeddable":true,"href":"https:\/\/www.europesays.com\/lv\/wp-json\/wp\/v2\/comments?post=76425"}],"version-history":[{"count":0,"href":"https:\/\/www.europesays.com\/lv\/wp-json\/wp\/v2\/posts\/76425\/revisions"}],"wp:featuredmedia":[{"embeddable":true,"href":"https:\/\/www.europesays.com\/lv\/wp-json\/wp\/v2\/media\/76426"}],"wp:attachment":[{"href":"https:\/\/www.europesays.com\/lv\/wp-json\/wp\/v2\/media?parent=76425"}],"wp:term":[{"taxonomy":"category","embeddable":true,"href":"https:\/\/www.europesays.com\/lv\/wp-json\/wp\/v2\/categories?post=76425"},{"taxonomy":"post_tag","embeddable":true,"href":"https:\/\/www.europesays.com\/lv\/wp-json\/wp\/v2\/tags?post=76425"}],"curies":[{"name":"wp","href":"https:\/\/api.w.org\/{rel}","templated":true}]}}