{"id":76553,"date":"2025-12-16T13:14:17","date_gmt":"2025-12-16T13:14:17","guid":{"rendered":"https:\/\/www.europesays.com\/lv\/76553\/"},"modified":"2025-12-16T13:14:17","modified_gmt":"2025-12-16T13:14:17","slug":"bendika-top-30-sabule-uzlabo-karjeras-rekordu-pasaules-kausa-posma-hohfilcene-lente-lv-2","status":"publish","type":"post","link":"https:\/\/www.europesays.com\/lv\/76553\/","title":{"rendered":"Bendika top 30, Sabule uzlabo karjeras rekordu Pasaules kausa posm\u0101 Hohfilcen\u0113\u00a0\u2014\u00a0Lente.lv"},"content":{"rendered":"<p>Baibas Bendikas un Annijas Sabules pan\u0101kumi Hohfilcen\u0113<\/p>\n<p>Pasaules kausa biatlona otraj\u0101 posm\u0101 Austrijas tras\u0113 Hohfilcen\u0113 Latvijas vado\u0161\u0101 biatloniste Baiba Bendika demonstr\u0113ja stabilu sniegumu, izc\u012bnot 27. vietu 7,5 kilometru sprint\u0101. \u0160is rezult\u0101ts vi\u0146ai nodro\u0161in\u0101ja ties\u012bbas piedal\u012bties iedz\u012b\u0161anas sacens\u012bb\u0101s, kas ir noz\u012bm\u012bgs solis uz priek\u0161u sezonas kopv\u0113rt\u0113jum\u0101. Bendika par uzvar\u0113t\u0101ju k\u013cuvu\u0161o Francijas biatlonisti L\u016b \u017danmono atpalika min\u016bti un 20,3 sekundes, pie\u013caujot divas k\u013c\u016bdas \u0161au\u0161an\u0101 st\u0101vus poz\u012bcij\u0101.<\/p>\n<p>\u0160aj\u0101 pa\u0161\u0101 sacens\u012bb\u0101 Latvijas biatloniste Annija Sabule, kura sacens\u012bb\u0101m tika pieteikta tikai \u012bsi pirms to s\u0101kuma, uzlaboja savu karjeras lab\u0101ko rezult\u0101tu, fini\u0161\u0113jot 63. viet\u0101. Lai gan vi\u0146a atpalika vair\u0101k nek\u0101 divas min\u016btes no uzvar\u0113t\u0101jas, \u0161is sniegums ir apliecin\u0101jums Sabules progresam un sp\u0113jai konkur\u0113t starptautisk\u0101 l\u012bmen\u012b. Vi\u0146a pie\u013c\u0101va vienu k\u013c\u016bdu \u0161au\u0161an\u0101 gu\u013cus un aizv\u0113ra visus m\u0113r\u0137us st\u0101vus poz\u012bcij\u0101.<\/p>\n<p>V\u0113l viena Latvijas p\u0101rst\u0101ve Sanita Buli\u0146a ierindoj\u0101s 89. viet\u0101, piedz\u012bvojot gr\u016bt\u012bbas \u0161au\u0161an\u0101 gu\u013cus, kur\u0101 vi\u0146a k\u013c\u016bd\u012bj\u0101s tr\u012bs reizes, un v\u0113l vienu k\u013c\u016bdu pie\u013caujot st\u0101vus poz\u012bcij\u0101.<\/p>\n<p>Individu\u0101lie rekordi un gaid\u0101m\u0101s sacens\u012bbas<\/p>\n<p>Annija Sabule \u0161aj\u0101 sezon\u0101 ir demonstr\u0113jusi iev\u0113rojamu izaugsmi, iepriek\u0161 jau sasniedzot savu karjeras lab\u0101ko rezult\u0101tu Starptautisk\u0101s biatlona savien\u012bbas (IBU) kausa l\u012bmen\u012b, ie\u0146emot 18. vietu 15 kilometru klasiskaj\u0101 distanc\u0113 Ridnaun\u0101. Tas apliecina vi\u0146as cent\u012bgo darbu un m\u0113r\u0137tiec\u012bgo gatavo\u0161anos sacens\u012bb\u0101m.<\/p>\n<p>Bendika, iek\u013c\u016bstot 27. viet\u0101 sprint\u0101, nodro\u0161in\u0101ja sev dal\u012bbu sv\u0113tdien gaid\u0101maj\u0101 10 kilometru iedz\u012b\u0161anas distanc\u0113. \u0160aj\u0101 distanc\u0113 vi\u0146a fini\u0161\u0113ja 56. viet\u0101, pie\u013caujot k\u013c\u016bdas vis\u0101s \u010detr\u0101s \u0161au\u0161an\u0101s un sav\u0101cot se\u0161us soda ap\u013cus.<\/p>\n<p>Latvijas komandas sniegums stafet\u0113<\/p>\n<p>Pasaules kausa otraj\u0101 posm\u0101 Hohfilcen\u0113 Latvijas sievie\u0161u biatlona izlase 4&#215;6 kilometru stafet\u0113 ie\u0146\u0113ma 18. vietu starp 20 komand\u0101m. Komandai n\u0101c\u0101s veikt vienu soda apli, ta\u010du tas neliedza apsteigt divas s\u0101ncen\u0161u vien\u012bbas. Uzvaru stafet\u0113 izc\u012bn\u012bja Zviedrijas biatlonistes.<\/p>\n<p>V\u012brie\u0161u stafet\u0113, kas ar\u012b norisin\u0101j\u0101s Hohfilcen\u0113, Latvijas komanda tika apdz\u012bta par apli jau tre\u0161aj\u0101 etap\u0101, t\u0101d\u0113j\u0101di neizdev\u0101s sasniegt fini\u0161u c\u012b\u0146\u0101 par augst\u0101m viet\u0101m.<\/p>\n<p>Pasaules kausa turpin\u0101jums un perspekt\u012bvas<\/p>\n<p>Pasaules kausa biatlona sezona turpin\u0101sies n\u0101kamned\u0113\u013c ar posmu Francijas tras\u0113 Ans\u012b, kam sekos sacens\u012bbas V\u0101cijas pils\u0113t\u0101s Oberhof\u0101 un R\u016bpolding\u0101, k\u0101 ar\u012b \u010cehijas pils\u0113t\u0101 Nove Mesto. Sportistiem gaid\u0101mas ar\u012b olimpisk\u0101s sp\u0113les It\u0101lij\u0101 un v\u0113l tr\u012bs Pasaules kausa posmi mart\u0101. \u0160ie pan\u0101kumi dod cer\u012bbu par Latvijas biatlona att\u012bst\u012bbu un iesp\u0113j\u0101m n\u0101kotn\u0113 start\u0113t v\u0113l augst\u0101ka l\u012bme\u0146a sacens\u012bb\u0101s.<\/p>\n","protected":false},"excerpt":{"rendered":"Baibas Bendikas un Annijas Sabules pan\u0101kumi Hohfilcen\u0113 Pasaules kausa biatlona otraj\u0101 posm\u0101 Austrijas tras\u0113 Hohfilcen\u0113 Latvijas vado\u0161\u0101 biatloniste&hellip;\n","protected":false},"author":2,"featured_media":76554,"comment_status":"","ping_status":"","sticky":false,"template":"","format":"standard","meta":{"footnotes":""},"categories":[17],"tags":[19239,16007,1499,18415,35,39,38,36,37,34,40,2560,67],"class_list":{"0":"post-76553","1":"post","2":"type-post","3":"status-publish","4":"format-standard","5":"has-post-thumbnail","7":"category-sports","8":"tag-annija-sabule","9":"tag-baiba-bendika","10":"tag-biatlons","11":"tag-hohfilcene","12":"tag-latvia","13":"tag-latvian","14":"tag-latviesu","15":"tag-latviesu-valoda","16":"tag-latviesuvaloda","17":"tag-latvija","18":"tag-lv","19":"tag-pasaules-kauss","20":"tag-sports"},"share_on_mastodon":{"url":"https:\/\/pubeurope.com\/@lv\/115729430129514203","error":""},"_links":{"self":[{"href":"https:\/\/www.europesays.com\/lv\/wp-json\/wp\/v2\/posts\/76553","targetHints":{"allow":["GET"]}}],"collection":[{"href":"https:\/\/www.europesays.com\/lv\/wp-json\/wp\/v2\/posts"}],"about":[{"href":"https:\/\/www.europesays.com\/lv\/wp-json\/wp\/v2\/types\/post"}],"author":[{"embeddable":true,"href":"https:\/\/www.europesays.com\/lv\/wp-json\/wp\/v2\/users\/2"}],"replies":[{"embeddable":true,"href":"https:\/\/www.europesays.com\/lv\/wp-json\/wp\/v2\/comments?post=76553"}],"version-history":[{"count":0,"href":"https:\/\/www.europesays.com\/lv\/wp-json\/wp\/v2\/posts\/76553\/revisions"}],"wp:featuredmedia":[{"embeddable":true,"href":"https:\/\/www.europesays.com\/lv\/wp-json\/wp\/v2\/media\/76554"}],"wp:attachment":[{"href":"https:\/\/www.europesays.com\/lv\/wp-json\/wp\/v2\/media?parent=76553"}],"wp:term":[{"taxonomy":"category","embeddable":true,"href":"https:\/\/www.europesays.com\/lv\/wp-json\/wp\/v2\/categories?post=76553"},{"taxonomy":"post_tag","embeddable":true,"href":"https:\/\/www.europesays.com\/lv\/wp-json\/wp\/v2\/tags?post=76553"}],"curies":[{"name":"wp","href":"https:\/\/api.w.org\/{rel}","templated":true}]}}