{"id":76608,"date":"2025-12-16T14:04:08","date_gmt":"2025-12-16T14:04:08","guid":{"rendered":"https:\/\/www.europesays.com\/lv\/76608\/"},"modified":"2025-12-16T14:04:08","modified_gmt":"2025-12-16T14:04:08","slug":"latvija-haga-paraksta-konvenciju-ar-kuru-izveido-starptautisko-prasibu-komisiju-ukrainai","status":"publish","type":"post","link":"https:\/\/www.europesays.com\/lv\/76608\/","title":{"rendered":"Latvija H\u0101g\u0101 paraksta Konvenciju, ar kuru izveido Starptautisko Pras\u012bbu komisiju Ukrainai"},"content":{"rendered":"<p class=\"text-align-justify\">\u0160odien, 2025. gada 16. decembr\u012b, H\u0101g\u0101 diplom\u0101tiskaj\u0101 konferenc\u0113 Latvijas v\u0113stniece N\u012bderlandes Karalist\u0113 Solvita \u0100bolti\u0146a Latvijas Republikas v\u0101rd\u0101 parakst\u012bja Konvenciju, ar kuru izveido Starptautisko Pras\u012bbu komisiju Ukrainai. <\/p>\n<p class=\"text-align-justify\">Latvijas v\u0113stniece diplom\u0101tiskaj\u0101 konferenc\u0113 uzsv\u0113ra: <\/p>\n<blockquote>\n<p class=\"text-align-justify\">\u201cLatvija turpin\u0101s atbalst\u012bt \u0161os centienus, lai nodro\u0161in\u0101tu, ka upuri sa\u0146em noz\u012bm\u012bgu kompens\u0101ciju un ka vi\u0146u cie\u0161anas nepaliek velt\u012bgas. Katrs pras\u012bjums ir j\u0101uzklausa, katrs zaud\u0113jums ir j\u0101atz\u012bst, un Krievijas agresijas upuriem ir j\u0101sa\u0146em taisn\u012bgums, ko vi\u0146i peln\u012bju\u0161i.\u201d<\/p>\n<\/blockquote>\n<p class=\"text-align-justify\">Pras\u012bbu komisija Ukrainai ir starptautisks meh\u0101nisms, kas darbosies H\u0101g\u0101 k\u0101 neatkar\u012bga strukt\u016bra Eiropas Padomes iest\u0101\u017eu sist\u0113m\u0101. Komisij\u0101 izskat\u012bs zaud\u0113jumu, kait\u0113jumu un aizsk\u0101rumu kompens\u0101ciju pras\u012bbas, ko rad\u012bju\u0161as Krievijas Feder\u0101cijas starptautiski prettiesiskas darb\u012bbas Ukrain\u0101, un noteiks kompens\u0101ciju apm\u0113ru. <\/p>\n<p class=\"text-align-justify\">Pras\u012bbu komisija ir n\u0101kamais solis p\u0113c Zaud\u0113jumu re\u0123istra, kas kop\u0161 2024. gada 2. apr\u012b\u013ca pie\u0146em pras\u012bbas un dokument\u0113 Ukrainai un t\u0101s iedz\u012bvot\u0101jiem nodar\u012btos zaud\u0113jumus. P\u0113c Konvencijas st\u0101\u0161an\u0101s sp\u0113k\u0101 Zaud\u0113jumu re\u0123istrs tiks iek\u013cauts Pras\u012bbu komisij\u0101. Tikl\u012bdz Pras\u012bbu komisija tiks izveidota, b\u016bs j\u0101izveido tre\u0161ais kompens\u0101ciju meh\u0101nisma posms \u2013\u00a0 apr\u0113\u0137in\u0101to atl\u012bdz\u012bbu izmaksas fonds. <\/p>\n<p class=\"text-align-justify\">Diplom\u0101tiskaj\u0101 konferenc\u0113 piedal\u012bj\u0101s Ukrainas prezidents Volodimirs Zelenskis (Volodymyr\u00a0Zelensky), konvenciju parakst\u012bja 35 valstu augstas amatpersonas. Konvencija st\u0101sies sp\u0113k\u0101, kad to ratific\u0113s 25 parakst\u012bt\u0101jvalstis. <\/p>\n<p class=\"text-align-justify\">2022.\u00a0gada 14.\u00a0novembr\u012b ANO \u0122ener\u0101l\u0101 asambleja\u00a0pie\u0146\u0113ma Rezol\u016bciju ES-11\/5, kur\u0101 tika atz\u012bts, ka Krievijas Feder\u0101cijai ir juridiski j\u0101atbild par visiem starptautisko ties\u012bbu p\u0101rk\u0101pumiem Ukrain\u0101, tai skait\u0101 j\u0101veic repar\u0101cijas. Rezol\u016bcija paredz, ka sadarb\u012bb\u0101 ar Ukrainu j\u0101izveido starptautisks meh\u0101nisms, lai atl\u012bdzin\u0101tu zaud\u0113jumus, kait\u0113jumu vai aizsk\u0101rumu, ko izrais\u012bju\u0161as Krievijas starptautiski prettiesisk\u0101s darb\u012bbas Ukrain\u0101. Starptautisk\u0101s Pras\u012bbu komisijas Ukrainai izveido\u0161ana ir svar\u012bgs posms taisn\u012bga un ilgsto\u0161a miera pan\u0101k\u0161anai Ukrain\u0101.<\/p>\n","protected":false},"excerpt":{"rendered":"\u0160odien, 2025. gada 16. decembr\u012b, H\u0101g\u0101 diplom\u0101tiskaj\u0101 konferenc\u0113 Latvijas v\u0113stniece N\u012bderlandes Karalist\u0113 Solvita \u0100bolti\u0146a Latvijas Republikas v\u0101rd\u0101 parakst\u012bja&hellip;\n","protected":false},"author":2,"featured_media":76609,"comment_status":"","ping_status":"","sticky":false,"template":"","format":"standard","meta":{"footnotes":""},"categories":[14],"tags":[23,57,28,29,32,33,22,30,31,35,39,38,36,37,34,40,20,26,27,24,25,54,55,56,21,58],"class_list":{"0":"post-76608","1":"post","2":"type-post","3":"status-publish","4":"format-standard","5":"has-post-thumbnail","7":"category-zinas-no-arvalstim","8":"tag-aktualitates","9":"tag-arvalstim","10":"tag-breaking-news","11":"tag-breakingnews","12":"tag-featured-news","13":"tag-featurednews","14":"tag-headlines","15":"tag-latest-news","16":"tag-latestnews","17":"tag-latvia","18":"tag-latvian","19":"tag-latviesu","20":"tag-latviesu-valoda","21":"tag-latviesuvaloda","22":"tag-latvija","23":"tag-lv","24":"tag-news","25":"tag-popularakas-zinas","26":"tag-popularakaszinas","27":"tag-top-stories","28":"tag-topstories","29":"tag-world","30":"tag-world-news","31":"tag-worldnews","32":"tag-zinas","33":"tag-zinas-no-arvalstim"},"share_on_mastodon":{"url":"https:\/\/pubeurope.com\/@lv\/115729626828168894","error":""},"_links":{"self":[{"href":"https:\/\/www.europesays.com\/lv\/wp-json\/wp\/v2\/posts\/76608","targetHints":{"allow":["GET"]}}],"collection":[{"href":"https:\/\/www.europesays.com\/lv\/wp-json\/wp\/v2\/posts"}],"about":[{"href":"https:\/\/www.europesays.com\/lv\/wp-json\/wp\/v2\/types\/post"}],"author":[{"embeddable":true,"href":"https:\/\/www.europesays.com\/lv\/wp-json\/wp\/v2\/users\/2"}],"replies":[{"embeddable":true,"href":"https:\/\/www.europesays.com\/lv\/wp-json\/wp\/v2\/comments?post=76608"}],"version-history":[{"count":0,"href":"https:\/\/www.europesays.com\/lv\/wp-json\/wp\/v2\/posts\/76608\/revisions"}],"wp:featuredmedia":[{"embeddable":true,"href":"https:\/\/www.europesays.com\/lv\/wp-json\/wp\/v2\/media\/76609"}],"wp:attachment":[{"href":"https:\/\/www.europesays.com\/lv\/wp-json\/wp\/v2\/media?parent=76608"}],"wp:term":[{"taxonomy":"category","embeddable":true,"href":"https:\/\/www.europesays.com\/lv\/wp-json\/wp\/v2\/categories?post=76608"},{"taxonomy":"post_tag","embeddable":true,"href":"https:\/\/www.europesays.com\/lv\/wp-json\/wp\/v2\/tags?post=76608"}],"curies":[{"name":"wp","href":"https:\/\/api.w.org\/{rel}","templated":true}]}}