{"id":76620,"date":"2025-12-16T14:14:14","date_gmt":"2025-12-16T14:14:14","guid":{"rendered":"https:\/\/www.europesays.com\/lv\/76620\/"},"modified":"2025-12-16T14:14:14","modified_gmt":"2025-12-16T14:14:14","slug":"dailslidotajam-kulisam-izradot-ieverojamus-sasniegumus-steidzami-aicina-pieskirt-latvijas-pilsonibu-lente-lv","status":"publish","type":"post","link":"https:\/\/www.europesays.com\/lv\/76620\/","title":{"rendered":"Dai\u013cslidot\u0101jam Ku\u013ci\u0161am, izr\u0101dot iev\u0113rojamus sasniegumus, steidzami aicina pie\u0161\u0137irt Latvijas pilson\u012bbu\u00a0\u2014\u00a0Lente.lv"},"content":{"rendered":"<p>Par iev\u0113rojamiem sasniegumiem aicina pie\u0161\u0137irt Latvijas pilson\u012bbu dai\u013cslidot\u0101jam Ku\u013ci\u0161am<\/p>\n<p>Saeimas Pilson\u012bbas, migr\u0101cijas un sabiedr\u012bbas salied\u0113t\u012bbas komisija ir sagatavojusi likumprojektu, kas paredz dai\u013cslidot\u0101jam Fediram Ku\u013ci\u0161am pie\u0161\u0137irt Latvijas pilson\u012bbu, vienlaikus \u013caujot vi\u0146am saglab\u0101t ar\u012b Ukrainas pilson\u012bbu. K\u0101 inform\u0113 port\u0101ls jauns.lv, komisija ir l\u016bgusi \u0161o likumprojektu izskat\u012bt k\u0101 steidzamu. Ku\u013ci\u0161s ir talant\u012bgs sportists, kur\u0161 ieguvis ties\u012bbas piedal\u012bties 2026. gada ziemas olimpiskaj\u0101s sp\u0113l\u0113s It\u0101lij\u0101. Vi\u0146\u0161 dzimis 2005. gad\u0101 Kijiv\u0101, ta\u010du kop\u0161 2022. gada, Krievijas pilna m\u0113roga iebrukuma Ukrain\u0101, dz\u012bvo Latvij\u0101.<\/p>\n<p>Kop\u0161 2023. gada Ku\u013ci\u0161s p\u0101rst\u0101v Latviju starptautisk\u0101s sacens\u012bb\u0101s, apliecinot savu izcil\u012bbu ar\u012b k\u0101 2025. gada Latvijas \u010dempions dai\u013cslido\u0161an\u0101. Vi\u0146a pan\u0101kumi nav paliku\u0161i nepaman\u012bti \u2013 ieg\u016bta 14. vieta Eiropas \u010dempion\u0101t\u0101 un 24. vieta Pasaules \u010dempion\u0101t\u0101, kas garant\u0113ja Latvijai v\u0113sturiski noz\u012bm\u012bgu otro ce\u013caz\u012bmi uz olimpiskaj\u0101m sp\u0113l\u0113m v\u012brie\u0161u dai\u013cslido\u0161anas discipl\u012bn\u0101. Latvija ir viena no retaj\u0101m valst\u012bm, kas \u0161aj\u0101 kategorij\u0101 ieguvusi divas ce\u013caz\u012bmes uz olimpiskaj\u0101m sp\u0113l\u0113m. Latvijas Olimpisk\u0101 komiteja (LOK) atbalsta pilson\u012bbas pie\u0161\u0137ir\u0161anu Ku\u013ci\u0161am, uzsverot vi\u0146a milz\u012bgo potenci\u0101lu un ieguld\u012bjumu Latvijas starptautisk\u0101s atpaz\u012bstam\u012bbas veicin\u0101\u0161an\u0101.<\/p>\n<p>Ar\u012b Latvijas Slido\u0161anas asoci\u0101cija pau\u017e atbalstu, nor\u0101dot uz Ku\u013ci\u0161a veiksm\u012bgo integr\u0101ciju Latvijas sabiedr\u012bb\u0101, latvie\u0161u valodas apguvi un cie\u0146u pret Latvijas valsti un t\u0101s v\u0113rt\u012bb\u0101m. \u0160ie fakti kop\u0101 ar sportiskajiem pan\u0101kumiem ir pamats ierosin\u0101jumam pie\u0161\u0137irt vi\u0146am Latvijas pilson\u012bbu.<\/p>\n","protected":false},"excerpt":{"rendered":"Par iev\u0113rojamiem sasniegumiem aicina pie\u0161\u0137irt Latvijas pilson\u012bbu dai\u013cslidot\u0101jam Ku\u013ci\u0161am Saeimas Pilson\u012bbas, migr\u0101cijas un sabiedr\u012bbas salied\u0113t\u012bbas komisija ir sagatavojusi&hellip;\n","protected":false},"author":2,"featured_media":76621,"comment_status":"","ping_status":"","sticky":false,"template":"","format":"standard","meta":{"footnotes":""},"categories":[17],"tags":[1295,19364,35,39,38,36,37,34,311,40,1500,141,67],"class_list":{"0":"post-76620","1":"post","2":"type-post","3":"status-publish","4":"format-standard","5":"has-post-thumbnail","7":"category-sports","8":"tag-dailslidosana","9":"tag-fedor-kulis","10":"tag-latvia","11":"tag-latvian","12":"tag-latviesu","13":"tag-latviesu-valoda","14":"tag-latviesuvaloda","15":"tag-latvija","16":"tag-latvijas-pilsoniba","17":"tag-lv","18":"tag-olimpiskas-speles","19":"tag-saeima","20":"tag-sports"},"share_on_mastodon":{"url":"https:\/\/pubeurope.com\/@lv\/115729666095661017","error":""},"_links":{"self":[{"href":"https:\/\/www.europesays.com\/lv\/wp-json\/wp\/v2\/posts\/76620","targetHints":{"allow":["GET"]}}],"collection":[{"href":"https:\/\/www.europesays.com\/lv\/wp-json\/wp\/v2\/posts"}],"about":[{"href":"https:\/\/www.europesays.com\/lv\/wp-json\/wp\/v2\/types\/post"}],"author":[{"embeddable":true,"href":"https:\/\/www.europesays.com\/lv\/wp-json\/wp\/v2\/users\/2"}],"replies":[{"embeddable":true,"href":"https:\/\/www.europesays.com\/lv\/wp-json\/wp\/v2\/comments?post=76620"}],"version-history":[{"count":0,"href":"https:\/\/www.europesays.com\/lv\/wp-json\/wp\/v2\/posts\/76620\/revisions"}],"wp:featuredmedia":[{"embeddable":true,"href":"https:\/\/www.europesays.com\/lv\/wp-json\/wp\/v2\/media\/76621"}],"wp:attachment":[{"href":"https:\/\/www.europesays.com\/lv\/wp-json\/wp\/v2\/media?parent=76620"}],"wp:term":[{"taxonomy":"category","embeddable":true,"href":"https:\/\/www.europesays.com\/lv\/wp-json\/wp\/v2\/categories?post=76620"},{"taxonomy":"post_tag","embeddable":true,"href":"https:\/\/www.europesays.com\/lv\/wp-json\/wp\/v2\/tags?post=76620"}],"curies":[{"name":"wp","href":"https:\/\/api.w.org\/{rel}","templated":true}]}}