{"id":76625,"date":"2025-12-16T14:17:08","date_gmt":"2025-12-16T14:17:08","guid":{"rendered":"https:\/\/www.europesays.com\/lv\/76625\/"},"modified":"2025-12-16T14:17:08","modified_gmt":"2025-12-16T14:17:08","slug":"nodoklu-un-muitas-policijas-prieksnieka-amatam-virza-andreju-grisinu-2","status":"publish","type":"post","link":"https:\/\/www.europesays.com\/lv\/76625\/","title":{"rendered":"Nodok\u013cu un muitas policijas priek\u0161nieka amatam virza Andreju Gri\u0161inu"},"content":{"rendered":"<p>VID \u0123ener\u0101ldirektore Baiba \u0160mite-Ro\u0137e iepriek\u0161 inform\u0113ja, ka p\u0113c dienesta p\u0101rbaudes saist\u012bb\u0101 ar Latvij\u0101 gar\u0101m palaisto hero\u012bna lielo kravu nolemts s\u0101kt disciplin\u0101rlietas pret vair\u0101k\u0101m amatperson\u0101m. Disciplin\u0101rlietas s\u0101ktas pret div\u0101m muitas amatperson\u0101m par nekvalitat\u012bvu amata pien\u0101kumu veik\u0161anu, k\u0101 ar\u012b septi\u0146\u0101m Nodok\u013cu un muitas policijas p\u0101rvaldes amatperson\u0101m par bezdarb\u012bbu. Savuk\u0101rt Latvijas Telev\u012bzija zi\u0146oja, ka Prusaks var\u0113tu b\u016bt viena no amatperson\u0101m, pret kuru s\u0101kta disciplin\u0101rlieta.<\/p>\n<p>\u0160\u012b gada maija beig\u0101s VID Reformas uzraudz\u012bbas padome vienoj\u0101s, ka Nodok\u013cu un muitas policijas priek\u0161nieks tom\u0113r tiks mekl\u0113ts atkl\u0101t\u0101 konkurs\u0101.<\/p>\n<p>Finan\u0161u ministrij\u0101 iepriek\u0161 a\u0123ent\u016bru LETA inform\u0113ja, ka jaunajai Nodok\u013cu un muitas policijai 2026. gada s\u0101kum\u0101 j\u0101s\u0101k str\u0101d\u0101t, t\u0101p\u0113c ir b\u016btiski savlaic\u012bgi s\u0101kt t\u0101s vad\u012bt\u0101ja atlases un iecel\u0161anas procesu. T\u0101p\u0113c padome konceptu\u0101li atbalst\u012bja atkl\u0101ta pretendentu konkursa izsludin\u0101\u0161anu uz Nodok\u013cu un muitas policijas priek\u0161nieka amatu Valsts civildienesta likuma noteiktaj\u0101 k\u0101rt\u012bb\u0101.<\/p>\n<p>Nodok\u013cu un muitas policija b\u016bs tie\u0161\u0101s p\u0101rvaldes iest\u0101de, kas darbu s\u0101ks 2026. gada 1. janv\u0101r\u012b.<\/p>\n<p>Nodok\u013cu un muitas policijas likum\u0101 noteikts, ka no 2026. gada 1. janv\u0101ra tiks izveidota jauna tie\u0161\u0101s p\u0101rvaldes iest\u0101de &#8211; Nodok\u013cu un muitas policija. T\u0101 p\u0101r\u0146ems l\u012bdz\u0161in\u0113j\u0101s VID Nodok\u013cu un muitas policijas p\u0101rvaldes funkcijas un uzdevumus.<\/p>\n<p>Patlaban likum\u0101 ar\u012b noteikts, ka jaun\u0101 iest\u0101de darbosies finan\u0161u ministra p\u0101rraudz\u012bb\u0101, un \u0161o p\u0101rraudz\u012bbu \u012bstenos Finan\u0161u ministrija, ta\u010du ministrijas sagatavotie un saska\u0146o\u0161anai iesniegtie groz\u012bjumi Nodok\u013cu un muitas policijas likum\u0101 paredz no 2026. gada 1. janv\u0101ra Nodok\u013cu un muitas policiju nodot iek\u0161lietu ministra pak\u013caut\u012bb\u0101, lai nodro\u0161in\u0101tu vienotu un koordin\u0113tu pieeju finan\u0161u noziegumu apkaro\u0161an\u0101.<\/p>\n","protected":false},"excerpt":{"rendered":"VID \u0123ener\u0101ldirektore Baiba \u0160mite-Ro\u0137e iepriek\u0161 inform\u0113ja, ka p\u0113c dienesta p\u0101rbaudes saist\u012bb\u0101 ar Latvij\u0101 gar\u0101m palaisto hero\u012bna lielo kravu&hellip;\n","protected":false},"author":2,"featured_media":76504,"comment_status":"","ping_status":"","sticky":false,"template":"","format":"standard","meta":{"footnotes":""},"categories":[12],"tags":[23,28,29,32,33,22,30,31,35,39,38,36,37,34,40,20,19365,26,27,24,25,138,21],"class_list":{"0":"post-76625","1":"post","2":"type-post","3":"status-publish","4":"format-standard","5":"has-post-thumbnail","7":"category-latvija","8":"tag-aktualitates","9":"tag-breaking-news","10":"tag-breakingnews","11":"tag-featured-news","12":"tag-featurednews","13":"tag-headlines","14":"tag-latest-news","15":"tag-latestnews","16":"tag-latvia","17":"tag-latvian","18":"tag-latviesu","19":"tag-latviesu-valoda","20":"tag-latviesuvaloda","21":"tag-latvija","22":"tag-lv","23":"tag-news","24":"tag-nodoklu-un-muitas-policija","25":"tag-popularakas-zinas","26":"tag-popularakaszinas","27":"tag-top-stories","28":"tag-topstories","29":"tag-valsts-policija","30":"tag-zinas"},"share_on_mastodon":{"url":"https:\/\/pubeurope.com\/@lv\/115729677887237948","error":""},"_links":{"self":[{"href":"https:\/\/www.europesays.com\/lv\/wp-json\/wp\/v2\/posts\/76625","targetHints":{"allow":["GET"]}}],"collection":[{"href":"https:\/\/www.europesays.com\/lv\/wp-json\/wp\/v2\/posts"}],"about":[{"href":"https:\/\/www.europesays.com\/lv\/wp-json\/wp\/v2\/types\/post"}],"author":[{"embeddable":true,"href":"https:\/\/www.europesays.com\/lv\/wp-json\/wp\/v2\/users\/2"}],"replies":[{"embeddable":true,"href":"https:\/\/www.europesays.com\/lv\/wp-json\/wp\/v2\/comments?post=76625"}],"version-history":[{"count":0,"href":"https:\/\/www.europesays.com\/lv\/wp-json\/wp\/v2\/posts\/76625\/revisions"}],"wp:featuredmedia":[{"embeddable":true,"href":"https:\/\/www.europesays.com\/lv\/wp-json\/wp\/v2\/media\/76504"}],"wp:attachment":[{"href":"https:\/\/www.europesays.com\/lv\/wp-json\/wp\/v2\/media?parent=76625"}],"wp:term":[{"taxonomy":"category","embeddable":true,"href":"https:\/\/www.europesays.com\/lv\/wp-json\/wp\/v2\/categories?post=76625"},{"taxonomy":"post_tag","embeddable":true,"href":"https:\/\/www.europesays.com\/lv\/wp-json\/wp\/v2\/tags?post=76625"}],"curies":[{"name":"wp","href":"https:\/\/api.w.org\/{rel}","templated":true}]}}