{"id":76721,"date":"2025-12-16T15:43:17","date_gmt":"2025-12-16T15:43:17","guid":{"rendered":"https:\/\/www.europesays.com\/lv\/76721\/"},"modified":"2025-12-16T15:43:17","modified_gmt":"2025-12-16T15:43:17","slug":"video-%e2%9f%a9-milzigs-zaudejums-krievijas-flotei-militarie-eksperti-noverte-ukrainu-triecienu-zemudenei-novorosijska","status":"publish","type":"post","link":"https:\/\/www.europesays.com\/lv\/76721\/","title":{"rendered":"VIDEO \u27e9 &#8220;Milz\u012bgs zaud\u0113jums Krievijas flotei.&#8221; Milit\u0101rie eksperti nov\u0113rt\u0113 ukrai\u0146u triecienu zem\u016bdenei Novorosijsk\u0101"},"content":{"rendered":"<p>Pirmdien, 15. decembr\u012b, Ukrainas Dro\u0161\u012bbas dienests (SBU) pazi\u0146oja, ka pirmo reizi SBU zem\u016bdens apar\u0101ti &#8220;Sub Sea Baby&#8221; uzspridzin\u0101ju\u0161i teju 400 miljardus ASV dol\u0101ru v\u0113rto Krievijas &#8220;Var\u0161avjanka&#8221; klases zem\u016bdeni. Politologs, Ukrainas bru\u0146oto sp\u0113ku majors Andrijs Tka\u010duks un ISW skaidro, ko Ukrainas sp\u0113kiem noz\u012bm\u0113 \u0161\u0101da kalibra Krievijas zem\u016bdenes izn\u012bcin\u0101\u0161ana un k\u0101 tas ietekm\u0113s krievu milit\u0101r\u0101s sp\u0113jas.<\/p>\n","protected":false},"excerpt":{"rendered":"Pirmdien, 15. decembr\u012b, Ukrainas Dro\u0161\u012bbas dienests (SBU) pazi\u0146oja, ka pirmo reizi SBU zem\u016bdens apar\u0101ti &#8220;Sub Sea Baby&#8221; uzspridzin\u0101ju\u0161i&hellip;\n","protected":false},"author":2,"featured_media":76722,"comment_status":"","ping_status":"","sticky":false,"template":"","format":"standard","meta":{"footnotes":""},"categories":[14],"tags":[23,57,28,29,32,33,22,7359,234,74,30,31,35,39,38,36,37,34,40,20,26,27,24,25,2238,276,1994,54,55,56,21,58],"class_list":{"0":"post-76721","1":"post","2":"type-post","3":"status-publish","4":"format-standard","5":"has-post-thumbnail","7":"category-zinas-no-arvalstim","8":"tag-aktualitates","9":"tag-arvalstim","10":"tag-breaking-news","11":"tag-breakingnews","12":"tag-featured-news","13":"tag-featurednews","14":"tag-headlines","15":"tag-isw","16":"tag-krievija","17":"tag-krievijas-iebrukums-ukraina","18":"tag-latest-news","19":"tag-latestnews","20":"tag-latvia","21":"tag-latvian","22":"tag-latviesu","23":"tag-latviesu-valoda","24":"tag-latviesuvaloda","25":"tag-latvija","26":"tag-lv","27":"tag-news","28":"tag-popularakas-zinas","29":"tag-popularakaszinas","30":"tag-top-stories","31":"tag-topstories","32":"tag-tvnet-arvalstis","33":"tag-ukraina","34":"tag-video","35":"tag-world","36":"tag-world-news","37":"tag-worldnews","38":"tag-zinas","39":"tag-zinas-no-arvalstim"},"share_on_mastodon":{"url":"","error":"Validation failed: Text character limit of 500 exceeded"},"_links":{"self":[{"href":"https:\/\/www.europesays.com\/lv\/wp-json\/wp\/v2\/posts\/76721","targetHints":{"allow":["GET"]}}],"collection":[{"href":"https:\/\/www.europesays.com\/lv\/wp-json\/wp\/v2\/posts"}],"about":[{"href":"https:\/\/www.europesays.com\/lv\/wp-json\/wp\/v2\/types\/post"}],"author":[{"embeddable":true,"href":"https:\/\/www.europesays.com\/lv\/wp-json\/wp\/v2\/users\/2"}],"replies":[{"embeddable":true,"href":"https:\/\/www.europesays.com\/lv\/wp-json\/wp\/v2\/comments?post=76721"}],"version-history":[{"count":0,"href":"https:\/\/www.europesays.com\/lv\/wp-json\/wp\/v2\/posts\/76721\/revisions"}],"wp:featuredmedia":[{"embeddable":true,"href":"https:\/\/www.europesays.com\/lv\/wp-json\/wp\/v2\/media\/76722"}],"wp:attachment":[{"href":"https:\/\/www.europesays.com\/lv\/wp-json\/wp\/v2\/media?parent=76721"}],"wp:term":[{"taxonomy":"category","embeddable":true,"href":"https:\/\/www.europesays.com\/lv\/wp-json\/wp\/v2\/categories?post=76721"},{"taxonomy":"post_tag","embeddable":true,"href":"https:\/\/www.europesays.com\/lv\/wp-json\/wp\/v2\/tags?post=76721"}],"curies":[{"name":"wp","href":"https:\/\/api.w.org\/{rel}","templated":true}]}}