{"id":76727,"date":"2025-12-16T15:49:40","date_gmt":"2025-12-16T15:49:40","guid":{"rendered":"https:\/\/www.europesays.com\/lv\/76727\/"},"modified":"2025-12-16T15:49:40","modified_gmt":"2025-12-16T15:49:40","slug":"sobrid-nav-draudu-kuru-del-butu-jademonte-sliedes-pie-austrumu-robezas-pauz-ministrija","status":"publish","type":"post","link":"https:\/\/www.europesays.com\/lv\/76727\/","title":{"rendered":"\u0160obr\u012bd nav draudu, kuru d\u0113\u013c b\u016btu j\u0101demont\u0113 sliedes pie austrumu robe\u017eas, pau\u017e ministrija"},"content":{"rendered":"<p>Satiksmes ministrijas (SM) Dzelzce\u013ca departamenta direktors Patriks Mark\u0113vi\u010ds deput\u0101tiem sac\u012bja &#8211; \u0146emot v\u0113r\u0101 publisk\u0101s diskusijas par iesp\u0113jamo slie\u017eu demont\u0101\u017eu, ministrija sa\u0146\u0113musi asus sign\u0101lus no atsevi\u0161\u0137iem tranz\u012btbiznesa uz\u0146\u0113mumiem, jo \u0161iem uz\u0146\u0113mumiem dzelzce\u013ca sada\u013ca ir \u0101rk\u0101rt\u012bgi svar\u012bga.<\/p>\n<p>Mark\u0113vi\u010ds sprieda, ka \u0161\u0101d\u0101 strat\u0113\u0123isk\u0101 dro\u0161\u012bbas liet\u0101 &#8220;run\u0101t par naudu dro\u0161i vien \u012bsti nav viet\u0101&#8221;, bet jebkur\u0101 gad\u012bjum\u0101 dzelzce\u013ca infrastrukt\u016brai potenci\u0101ls ir \u0101rk\u0101rt\u012bgi liels. T\u0101pat nevar ne\u0146emt v\u0113r\u0101, ka ASV pl\u0101no atcelt sankcijas Baltkrievijas k\u0101lija miner\u0101lm\u0113slojumam, un Mark\u0113vi\u010ds negrib\u0113tu b\u016bt situ\u0101cij\u0101, kad k\u0101ds p\u0101rmet\u012bs, &#8220;kur m\u0113s bij\u0101m Latvij\u0101, ka viss k\u0101lija s\u0101ls aiziet uz Klaip\u0113du&#8221;.<\/p>\n<p>SM amatpersona l\u0113sa, ka Latgal\u0113 katra tre\u0161\u0101 \u0123imene ir saist\u012bta ar dzelzce\u013cu, kas attiec\u012bgi \u0123imen\u0113m nodro\u0161ina iztiku.<\/p>\n<p>Apak\u0161komisijas vad\u012bt\u0101js Edv\u012bns \u0160nore (NA) p\u0113c s\u0113des \u017eurn\u0101listiem teica, ka slie\u017eu iesp\u0113jam\u0101s demont\u0101\u017eas jaut\u0101jum\u0101 vi\u0146am radies iespaids, ka situ\u0101cija ir nedaudz haotiska. T\u0101pat publiski dzirdams, ka Latvij\u0101 ir &#8220;puses&#8221;, kuras ir \u013coti ieinteres\u0113tas ekonomiskaj\u0101 sadarb\u012bb\u0101 ar Krieviju. &#8220;Attiec\u012bgi ir lobijs, kas ir ieinteres\u0113ts, lai tas t\u0101 turpin\u0101tos. Ja ir jaut\u0101jumi, ka sliedes tiek nojauktas, tad, protams, lobijs iesl\u0113dzas,&#8221; izteic\u0101s \u0160nore.<\/p>\n<p>Jau zi\u0146ots, ka Saeima iepriek\u0161 noraid\u012bja opoz\u012bcij\u0101 eso\u0161\u0101s Nacion\u0101l\u0101s apvien\u012bbas (NA) l\u0113mumprojektu, kas paredz\u0113ja demont\u0113t Latvijas-Krievijas pierobe\u017eas dzelzce\u013ca infrastrukt\u016bru.<\/p>\n<p>Vair\u0101k\u0101m Latvijas ministrij\u0101m un dro\u0161\u012bbas iest\u0101d\u0113m ir uzdots l\u012bdz gada beig\u0101m sagatavot atzinumu par to, k\u0101du ietekmi Latvijai rad\u012btu slie\u017eu nojauk\u0161ana Krievijas pierobe\u017e\u0101. Turkl\u0101t Baltijas valstu prezidenti ir uzsv\u0113ru\u0161i, ka \u0161\u0101dam l\u0113mumam j\u0101b\u016bt kop\u012bgam.<\/p>\n","protected":false},"excerpt":{"rendered":"Satiksmes ministrijas (SM) Dzelzce\u013ca departamenta direktors Patriks Mark\u0113vi\u010ds deput\u0101tiem sac\u012bja &#8211; \u0146emot v\u0113r\u0101 publisk\u0101s diskusijas par iesp\u0113jamo slie\u017eu&hellip;\n","protected":false},"author":2,"featured_media":76728,"comment_status":"","ping_status":"","sticky":false,"template":"","format":"standard","meta":{"footnotes":""},"categories":[14],"tags":[1546,23,57,625,28,29,32,33,22,30,31,35,39,38,36,37,34,40,20,26,27,24,25,54,55,56,21,58],"class_list":{"0":"post-76727","1":"post","2":"type-post","3":"status-publish","4":"format-standard","5":"has-post-thumbnail","7":"category-zinas-no-arvalstim","8":"tag-aizsardziba","9":"tag-aktualitates","10":"tag-arvalstim","11":"tag-austrumu-robeza","12":"tag-breaking-news","13":"tag-breakingnews","14":"tag-featured-news","15":"tag-featurednews","16":"tag-headlines","17":"tag-latest-news","18":"tag-latestnews","19":"tag-latvia","20":"tag-latvian","21":"tag-latviesu","22":"tag-latviesu-valoda","23":"tag-latviesuvaloda","24":"tag-latvija","25":"tag-lv","26":"tag-news","27":"tag-popularakas-zinas","28":"tag-popularakaszinas","29":"tag-top-stories","30":"tag-topstories","31":"tag-world","32":"tag-world-news","33":"tag-worldnews","34":"tag-zinas","35":"tag-zinas-no-arvalstim"},"share_on_mastodon":{"url":"https:\/\/pubeurope.com\/@lv\/115730039668667762","error":""},"_links":{"self":[{"href":"https:\/\/www.europesays.com\/lv\/wp-json\/wp\/v2\/posts\/76727","targetHints":{"allow":["GET"]}}],"collection":[{"href":"https:\/\/www.europesays.com\/lv\/wp-json\/wp\/v2\/posts"}],"about":[{"href":"https:\/\/www.europesays.com\/lv\/wp-json\/wp\/v2\/types\/post"}],"author":[{"embeddable":true,"href":"https:\/\/www.europesays.com\/lv\/wp-json\/wp\/v2\/users\/2"}],"replies":[{"embeddable":true,"href":"https:\/\/www.europesays.com\/lv\/wp-json\/wp\/v2\/comments?post=76727"}],"version-history":[{"count":0,"href":"https:\/\/www.europesays.com\/lv\/wp-json\/wp\/v2\/posts\/76727\/revisions"}],"wp:featuredmedia":[{"embeddable":true,"href":"https:\/\/www.europesays.com\/lv\/wp-json\/wp\/v2\/media\/76728"}],"wp:attachment":[{"href":"https:\/\/www.europesays.com\/lv\/wp-json\/wp\/v2\/media?parent=76727"}],"wp:term":[{"taxonomy":"category","embeddable":true,"href":"https:\/\/www.europesays.com\/lv\/wp-json\/wp\/v2\/categories?post=76727"},{"taxonomy":"post_tag","embeddable":true,"href":"https:\/\/www.europesays.com\/lv\/wp-json\/wp\/v2\/tags?post=76727"}],"curies":[{"name":"wp","href":"https:\/\/api.w.org\/{rel}","templated":true}]}}