{"id":7686,"date":"2025-09-29T08:45:12","date_gmt":"2025-09-29T08:45:12","guid":{"rendered":"https:\/\/www.europesays.com\/lv\/7686\/"},"modified":"2025-09-29T08:45:12","modified_gmt":"2025-09-29T08:45:12","slug":"gaisa-temperatura-vietam-noslidejusi-zem-nulles-diena-bus-saulaina","status":"publish","type":"post","link":"https:\/\/www.europesays.com\/lv\/7686\/","title":{"rendered":"Gaisa temperat\u016bra viet\u0101m nosl\u012bd\u0113jusi zem nulles; diena b\u016bs saulaina"},"content":{"rendered":"<p>Atbilsto\u0161i Latvijas Vides, \u0123eolo\u0123ijas un meteorolo\u0123ijas centra (LV\u0122MC) datiem gaisa temperat\u016bra plkst.5 bija no -0,9 gr\u0101diem Zos\u0113nos l\u012bdz +8,7 gr\u0101diem M\u0113rsrag\u0101 un +9,9 gr\u0101diem Kolk\u0101.<\/p>\n<p>Debesis p\u0101rsvar\u0101 skaidras, nav nokri\u0161\u0146u. V\u0113j\u0161 l\u0113ni p\u016b\u0161 no austrumu puses. Gaisa kvalit\u0101te \u013coti laba.<\/p>\n<p>R\u012bg\u0101 skaidrs r\u012bts, p\u016b\u0161 austrumu v\u0113j\u0161 ar \u0101trumu tr\u012bs metri sekund\u0113, gaisa temperat\u016bra +4 gr\u0101di.<\/p>\n<p>Pirmdien Latvij\u0101 gaid\u0101ms sauss un saulains laiks, prognoz\u0113 sinopti\u0137i.<\/p>\n<p>P\u016b\u0161ot l\u0113nam l\u012bdz m\u0113renam austrumu v\u0113jam, gaisa temperat\u016bra nep\u0101rsniegs +10..+14 gr\u0101dus.<\/p>\n<p>R\u012bg\u0101 spo\u017ei sp\u012bd\u0113s saule un p\u016bt\u012bs l\u0113ns l\u012bdz m\u0113rens austrumu v\u0113j\u0161, gaiss iesils l\u012bdz +12..+13 gr\u0101diem.<\/p>\n<p>Laikapst\u0101k\u013cus nosaka pla\u0161s anticiklons. Atmosf\u0113ras spiediens 1032-1036 hektopask\u0101li j\u016bras l\u012bmen\u012b.<\/p>\n<p>Maksim\u0101l\u0101 gaisa temperat\u016bra sv\u0113tdien LV\u0122MC nov\u0113rojumu t\u012bkl\u0101 bija no +11,0 gr\u0101diem Zos\u0113nos l\u012bdz +16,3 gr\u0101diem P\u0101vilost\u0101.<\/p>\n<p>Augst\u0101k\u0101 gaisa temperat\u016bra Eirop\u0101 28.septembr\u012b bija +32 gr\u0101di Sp\u0101nij\u0101 un +35 gr\u0101di Kipr\u0101. Zem\u0101k\u0101 gaisa temperat\u016bra nakt\u012b uz pirmdienu -5..-6 gr\u0101di Krievij\u0101 un kalnos Centr\u0101leirop\u0101.<\/p>\n","protected":false},"excerpt":{"rendered":"Atbilsto\u0161i Latvijas Vides, \u0123eolo\u0123ijas un meteorolo\u0123ijas centra (LV\u0122MC) datiem gaisa temperat\u016bra plkst.5 bija no -0,9 gr\u0101diem Zos\u0113nos l\u012bdz&hellip;\n","protected":false},"author":2,"featured_media":7687,"comment_status":"","ping_status":"","sticky":false,"template":"","format":"standard","meta":{"footnotes":""},"categories":[12],"tags":[23,28,29,32,33,22,1811,397,30,31,35,39,38,36,37,34,40,20,26,27,24,25,21],"class_list":{"0":"post-7686","1":"post","2":"type-post","3":"status-publish","4":"format-standard","5":"has-post-thumbnail","7":"category-latvija","8":"tag-aktualitates","9":"tag-breaking-news","10":"tag-breakingnews","11":"tag-featured-news","12":"tag-featurednews","13":"tag-headlines","14":"tag-laika-zina","15":"tag-laikapstakli","16":"tag-latest-news","17":"tag-latestnews","18":"tag-latvia","19":"tag-latvian","20":"tag-latviesu","21":"tag-latviesu-valoda","22":"tag-latviesuvaloda","23":"tag-latvija","24":"tag-lv","25":"tag-news","26":"tag-popularakas-zinas","27":"tag-popularakaszinas","28":"tag-top-stories","29":"tag-topstories","30":"tag-zinas"},"share_on_mastodon":{"url":"","error":""},"_links":{"self":[{"href":"https:\/\/www.europesays.com\/lv\/wp-json\/wp\/v2\/posts\/7686","targetHints":{"allow":["GET"]}}],"collection":[{"href":"https:\/\/www.europesays.com\/lv\/wp-json\/wp\/v2\/posts"}],"about":[{"href":"https:\/\/www.europesays.com\/lv\/wp-json\/wp\/v2\/types\/post"}],"author":[{"embeddable":true,"href":"https:\/\/www.europesays.com\/lv\/wp-json\/wp\/v2\/users\/2"}],"replies":[{"embeddable":true,"href":"https:\/\/www.europesays.com\/lv\/wp-json\/wp\/v2\/comments?post=7686"}],"version-history":[{"count":0,"href":"https:\/\/www.europesays.com\/lv\/wp-json\/wp\/v2\/posts\/7686\/revisions"}],"wp:featuredmedia":[{"embeddable":true,"href":"https:\/\/www.europesays.com\/lv\/wp-json\/wp\/v2\/media\/7687"}],"wp:attachment":[{"href":"https:\/\/www.europesays.com\/lv\/wp-json\/wp\/v2\/media?parent=7686"}],"wp:term":[{"taxonomy":"category","embeddable":true,"href":"https:\/\/www.europesays.com\/lv\/wp-json\/wp\/v2\/categories?post=7686"},{"taxonomy":"post_tag","embeddable":true,"href":"https:\/\/www.europesays.com\/lv\/wp-json\/wp\/v2\/tags?post=7686"}],"curies":[{"name":"wp","href":"https:\/\/api.w.org\/{rel}","templated":true}]}}