{"id":7689,"date":"2025-09-29T08:47:07","date_gmt":"2025-09-29T08:47:07","guid":{"rendered":"https:\/\/www.europesays.com\/lv\/7689\/"},"modified":"2025-09-29T08:47:07","modified_gmt":"2025-09-29T08:47:07","slug":"komponists-esenvalds-atklata-vestule-versas-pret-muzikas-akademiju","status":"publish","type":"post","link":"https:\/\/www.europesays.com\/lv\/7689\/","title":{"rendered":"Komponists E\u0161envalds atkl\u0101t\u0101 v\u0113stul\u0113 v\u0113r\u0161as pret M\u016bzikas akad\u0113miju"},"content":{"rendered":"<blockquote class=\"quote ck-widget\" contenteditable=\"false\">\n<p>&#8220;Selekt\u012bva l\u0113mumu izsnieg\u0161ana&#8221; neatbilst ar\u012b labas p\u0101rvald\u012bbas un p\u0101rredzam\u012bbas principam, vi\u0146\u0161 ba\u017e\u012bjas.<\/p>\n<\/blockquote>\n<p>V\u0113stul\u0113 paustas ba\u017eas ar\u012b par studiju kvalit\u0101ti. Taup\u012bbas nol\u016bkos atsevi\u0161\u0137\u0101s programm\u0101s samazin\u0101ts kontaktstundu skaits, kas neatbilst akredit\u0113tajiem studiju pl\u0101niem un var apdraud\u0113t JVLMA reput\u0101ciju, apgalvo E\u0161envalds.<\/p>\n<p>P\u0113c vi\u0146a sac\u012bt\u0101, akad\u0113mijas padome vair\u0101kk\u0101rt p\u0101rsniegusi savas pilnvaras, tostarp centusies ietekm\u0113t p\u0113tniecisk\u0101s darb\u012bbas virzienu un tematu izv\u0113li un nav nodro\u0161in\u0101jusi caursp\u012bd\u012bgu l\u0113mumu pie\u0146em\u0161anu.<\/p>\n<p>Savuk\u0101rt iek\u0161\u0113j\u0101 kontroles sist\u0113ma faktiski nedarbojoties. E\u0161envalds nor\u0101da, ka JVLMA jurists D\u0101vis Mednis, kur\u0161 vienlaikus ir padomes sekret\u0101rs, iecelts ar\u012b par atbild\u012bgo personu trauksmes c\u0113l\u0101ju zi\u0146ojumu sa\u0146em\u0161an\u0101 un izskat\u012b\u0161an\u0101. \u0160\u0101du amatu apvieno\u0161ana, v\u0113stules autora ieskat\u0101, rada intere\u0161u konfliktu, jo persona nav uzskat\u0101ma par neitr\u0101lu &#8211; Mednis piedal\u012bjies v\u0113stul\u0113 min\u0113to l\u0113mumu un atbil\u017eu sagatavo\u0161an\u0101 un konsult\u0113\u0161an\u0101, k\u0101 ar\u012b bijis kl\u0101teso\u0161s procesos.<\/p>\n<p>&#8220;Sekojo\u0161i JVLMA iek\u0161\u0113j\u0101 trauksmes cel\u0161anas sist\u0113ma netiek \u012bstenota t\u0101d\u0101 veid\u0101, k\u0101ds ir t\u0101s noteiktais m\u0113r\u0137is, un netiek veicin\u0101ta tiesiskuma \u012bsteno\u0161ana un uzraudz\u012bba, bet glu\u017ei pret\u0113ji &#8211; tiek veikta vad\u012bbas r\u012bc\u012bbas attaisno\u0161ana,&#8221; uzskata E\u0161envalds.<\/p>\n<p>Vi\u0146\u0161 mudina Kult\u016bras ministriju veikt p\u0101rbaudi par JVLMA p\u0101rvald\u012bbu, t\u0101s tiesiskumu un darba organiz\u0101ciju.<\/p>\n<blockquote class=\"quote ck-widget\" contenteditable=\"false\">\n<p>JVLMA p\u0101rmetumiem nepiekr\u012bt, uzsverot, ka apgalvojumi, piem\u0113ram, par p\u0101rk\u0101pumu skaita pieaugumu, &#8220;nav balst\u012bti faktos&#8221;,<\/p>\n<\/blockquote>\n<p>izriet no augstskolas sniegt\u0101s atbildes a\u0123ent\u016brai LETA. Lai ar\u012b par akad\u0113miju sa\u0146emtas vair\u0101kas s\u016bdz\u012bbas VDI, visas administrat\u012bv\u0101 p\u0101rk\u0101puma lietas l\u012bdz \u0161im izbeigtas bez soda piem\u0113ro\u0161anas.<\/p>\n","protected":false},"excerpt":{"rendered":"&#8220;Selekt\u012bva l\u0113mumu izsnieg\u0161ana&#8221; neatbilst ar\u012b labas p\u0101rvald\u012bbas un p\u0101rredzam\u012bbas principam, vi\u0146\u0161 ba\u017e\u012bjas. V\u0113stul\u0113 paustas ba\u017eas ar\u012b par studiju&hellip;\n","protected":false},"author":2,"featured_media":7690,"comment_status":"","ping_status":"","sticky":false,"template":"","format":"standard","meta":{"footnotes":""},"categories":[19],"tags":[89,1380,3222,90,3220,35,39,38,36,37,34,40,3221],"class_list":{"0":"post-7689","1":"post","2":"type-post","3":"status-publish","4":"format-standard","5":"has-post-thumbnail","7":"category-izklaide","8":"tag-entertainment","9":"tag-eriks-esenvalds","10":"tag-guntars-pranis","11":"tag-izklaide","12":"tag-jvlma","13":"tag-latvia","14":"tag-latvian","15":"tag-latviesu","16":"tag-latviesu-valoda","17":"tag-latviesuvaloda","18":"tag-latvija","19":"tag-lv","20":"tag-solvita-zvidrina"},"share_on_mastodon":{"url":"","error":""},"_links":{"self":[{"href":"https:\/\/www.europesays.com\/lv\/wp-json\/wp\/v2\/posts\/7689","targetHints":{"allow":["GET"]}}],"collection":[{"href":"https:\/\/www.europesays.com\/lv\/wp-json\/wp\/v2\/posts"}],"about":[{"href":"https:\/\/www.europesays.com\/lv\/wp-json\/wp\/v2\/types\/post"}],"author":[{"embeddable":true,"href":"https:\/\/www.europesays.com\/lv\/wp-json\/wp\/v2\/users\/2"}],"replies":[{"embeddable":true,"href":"https:\/\/www.europesays.com\/lv\/wp-json\/wp\/v2\/comments?post=7689"}],"version-history":[{"count":0,"href":"https:\/\/www.europesays.com\/lv\/wp-json\/wp\/v2\/posts\/7689\/revisions"}],"wp:featuredmedia":[{"embeddable":true,"href":"https:\/\/www.europesays.com\/lv\/wp-json\/wp\/v2\/media\/7690"}],"wp:attachment":[{"href":"https:\/\/www.europesays.com\/lv\/wp-json\/wp\/v2\/media?parent=7689"}],"wp:term":[{"taxonomy":"category","embeddable":true,"href":"https:\/\/www.europesays.com\/lv\/wp-json\/wp\/v2\/categories?post=7689"},{"taxonomy":"post_tag","embeddable":true,"href":"https:\/\/www.europesays.com\/lv\/wp-json\/wp\/v2\/tags?post=7689"}],"curies":[{"name":"wp","href":"https:\/\/api.w.org\/{rel}","templated":true}]}}