{"id":76895,"date":"2025-12-16T18:57:05","date_gmt":"2025-12-16T18:57:05","guid":{"rendered":"https:\/\/www.europesays.com\/lv\/76895\/"},"modified":"2025-12-16T18:57:05","modified_gmt":"2025-12-16T18:57:05","slug":"pec-valsts-kontroles-zinojuma-par-veselibas-aprupi-policija-sak-kriminalprocesu","status":"publish","type":"post","link":"https:\/\/www.europesays.com\/lv\/76895\/","title":{"rendered":"P\u0113c Valsts kontroles zi\u0146ojuma par vesel\u012bbas apr\u016bpi policija s\u0101k krimin\u0101lprocesu"},"content":{"rendered":"<p>\u0160oruden VK publiskoja rev\u012bzijas zi\u0146ojumu, kur\u0101 p\u0113t\u012bja, vai stacion\u0101r\u0101 vesel\u012bbas apr\u016bpe tiek pl\u0101nota un organiz\u0113ta efekt\u012bvi. Revidenti secin\u0101ja, ka valst\u012b ir nesak\u0101rtots slimn\u012bcu t\u012bkls, k\u0101 ar\u012b tr\u016bkst cilv\u0113kresursu. Bet tie nebija vien\u012bgie atkl\u0101jumi.<\/p>\n<p>Iest\u0101de konstat\u0113ja gad\u012bjumus, kad viens \u0101rsts var b\u016bt nodarbin\u0101ts vai nu vair\u0101k\u0101s slimn\u012bc\u0101s uz\u0146em\u0161anas noda\u013c\u0101s, vai str\u0101d\u0101 vien\u0101 slimn\u012bc\u0101 gan uz\u0146em\u0161anas noda\u013c\u0101, gan ar\u012b slimn\u012bcas pamatstrukt\u016br\u0101. Turkl\u0101t bija \u0101rsti, kas m\u0113nes\u012b str\u0101d\u0101ja pat vair\u0101k nek\u0101 400 stundu.<\/p>\n<p>VK padomes locekle Maija \u0100boli\u0146a &#8220;Panor\u0101mai&#8221; st\u0101st\u012bja, ka \u0161\u0101du gad\u012bjumu ir sal\u012bdzino\u0161i daudz. Rev\u012bzij\u0101 VK str\u0101d\u0101ja ar izlasi un v\u0113rt\u0113ja \u0101rstu darb\u012bbu izlases veid\u0101, bet konstat\u0113ja apm\u0113ram desmit \u0161\u0101dus gad\u012bjumus, kad ir lielais stundu skaits.<\/p>\n<p>&#8220;Bet kopum\u0101 m\u0113s grib\u0113j\u0101m par\u0101d\u012bt, ka t\u0101 ir sist\u0113miska probl\u0113ma valst\u012b, ka, risinot cilv\u0113kresursu tr\u016bkumu, slimn\u012bcas ir spiestas \u0161\u0101d\u0101 veid\u0101 aizpild\u012bt t\u0101 saukto \u0161tatu sarakstus uz pap\u012bra, lai gan, visticam\u0101k, \u0101rsti tur nemaz neatrad\u012bsies,&#8221; skaidroja \u0100boli\u0146a.<\/p>\n","protected":false},"excerpt":{"rendered":"\u0160oruden VK publiskoja rev\u012bzijas zi\u0146ojumu, kur\u0101 p\u0113t\u012bja, vai stacion\u0101r\u0101 vesel\u012bbas apr\u016bpe tiek pl\u0101nota un organiz\u0113ta efekt\u012bvi. Revidenti secin\u0101ja,&hellip;\n","protected":false},"author":2,"featured_media":76896,"comment_status":"","ping_status":"","sticky":false,"template":"","format":"standard","meta":{"footnotes":""},"categories":[5],"tags":[23,28,29,32,33,22,30,31,35,39,38,36,37,34,40,20,26,27,24,25,8064,21],"class_list":{"0":"post-76895","1":"post","2":"type-post","3":"status-publish","4":"format-standard","5":"has-post-thumbnail","7":"category-aktualitates","8":"tag-aktualitates","9":"tag-breaking-news","10":"tag-breakingnews","11":"tag-featured-news","12":"tag-featurednews","13":"tag-headlines","14":"tag-latest-news","15":"tag-latestnews","16":"tag-latvia","17":"tag-latvian","18":"tag-latviesu","19":"tag-latviesu-valoda","20":"tag-latviesuvaloda","21":"tag-latvija","22":"tag-lv","23":"tag-news","24":"tag-popularakas-zinas","25":"tag-popularakaszinas","26":"tag-top-stories","27":"tag-topstories","28":"tag-valsts-kontroles-atzinumi","29":"tag-zinas"},"share_on_mastodon":{"url":"https:\/\/pubeurope.com\/@lv\/115730778877851822","error":""},"_links":{"self":[{"href":"https:\/\/www.europesays.com\/lv\/wp-json\/wp\/v2\/posts\/76895","targetHints":{"allow":["GET"]}}],"collection":[{"href":"https:\/\/www.europesays.com\/lv\/wp-json\/wp\/v2\/posts"}],"about":[{"href":"https:\/\/www.europesays.com\/lv\/wp-json\/wp\/v2\/types\/post"}],"author":[{"embeddable":true,"href":"https:\/\/www.europesays.com\/lv\/wp-json\/wp\/v2\/users\/2"}],"replies":[{"embeddable":true,"href":"https:\/\/www.europesays.com\/lv\/wp-json\/wp\/v2\/comments?post=76895"}],"version-history":[{"count":0,"href":"https:\/\/www.europesays.com\/lv\/wp-json\/wp\/v2\/posts\/76895\/revisions"}],"wp:featuredmedia":[{"embeddable":true,"href":"https:\/\/www.europesays.com\/lv\/wp-json\/wp\/v2\/media\/76896"}],"wp:attachment":[{"href":"https:\/\/www.europesays.com\/lv\/wp-json\/wp\/v2\/media?parent=76895"}],"wp:term":[{"taxonomy":"category","embeddable":true,"href":"https:\/\/www.europesays.com\/lv\/wp-json\/wp\/v2\/categories?post=76895"},{"taxonomy":"post_tag","embeddable":true,"href":"https:\/\/www.europesays.com\/lv\/wp-json\/wp\/v2\/tags?post=76895"}],"curies":[{"name":"wp","href":"https:\/\/api.w.org\/{rel}","templated":true}]}}