{"id":76921,"date":"2025-12-16T19:13:12","date_gmt":"2025-12-16T19:13:12","guid":{"rendered":"https:\/\/www.europesays.com\/lv\/76921\/"},"modified":"2025-12-16T19:13:12","modified_gmt":"2025-12-16T19:13:12","slug":"2025-gada-saharova-balva-parlaments-godina-andzeju-pocobutu-un-mziu-amaglobeli","status":"publish","type":"post","link":"https:\/\/www.europesays.com\/lv\/76921\/","title":{"rendered":"2025. gada Saharova balva: Parlaments godina And\u017eeju Po\u010dobutu un Mziu Amaglobeli"},"content":{"rendered":"<p>\u0160\u012b gada Saharova balva pie\u0161\u0137irta diviem Baltkrievij\u0101 un Gruzij\u0101 ieslodz\u012btajiem \u017eurn\u0101listiem, un otrdien, 16. decembr\u012b, Strasb\u016br\u0101 Eiropas Parlamenta priek\u0161s\u0113d\u0113t\u0101ja Roberta Metsola balvu pasniedza vi\u0146u p\u0101rst\u0101vjiem.<\/p>\n<p>Otrdien, 16. decembr\u012b, Saharova balvas pasnieg\u0161anas ceremonij\u0101 Strasb\u016br\u0101 Parlamenta priek\u0161s\u0113d\u0113t\u0101ja Roberta Metsola sac\u012bja: \u201cEs lepojos \u0161\u0101 gada Saharova balvu pasniegt \u017eurn\u0101listiem And\u017eejam Po\u010dobutam un Mziai Amaglobeli par vi\u0146u drosm\u012bgo c\u012b\u0146u par v\u0101rda br\u012bv\u012bbu un demokr\u0101tisku n\u0101kotni Baltkrievij\u0101 un Gruzij\u0101. Parlaments pau\u017e solidarit\u0101ti ar Mziu un And\u017eeju un aicina nekav\u0113joties atbr\u012bvot vi\u0146us no cietuma, jo teikt paties\u012bbu varai nedr\u012bkst b\u016bt noziegums.\u201d<\/p>\n<p>And\u017eejs Po\u010dobuts \u2013 Baltkrievij\u0101 ieslodz\u012btais \u017eurn\u0101lists<\/p>\n<p><a href=\"https:\/\/www.europarl.europa.eu\/news\/en\/press-room\/20251016IPR30949\/andrzej-poczobut-and-mzia-amaglobeli-laureates-of-the-2025-sakharov-prize\" target=\"_blank\" data-analytics-event-attached=\"true\" rel=\"nofollow noopener\">And\u017eejs Po\u010dobuts<\/a>\u00a0ir \u017eurn\u0101lists, rakstnieks un blogeris no Baltkrievijas po\u013cu minorit\u0101tes kopienas. Sa\u0146emt vi\u0146am pie\u0161\u0137irto balvu bija ieradusies vi\u0146a meita Jana Po\u010dobuta, kura Parlamenta deput\u0101tiem sac\u012bja: \u201cIr liels pagodin\u0101jums b\u016bt iel\u016bgtai \u0161eit un sa\u0146emt balvu t\u0113va v\u0101rd\u0101. [..] Jau gandr\u012bz piecus gadus manai \u0123imenei n\u0101kas dz\u012bvot nezi\u0146\u0101 un nenoteikt\u012bb\u0101 bez cilv\u0113ka, ko m\u012blam. \u0160odien v\u0113los no sirds pateikties Eiropas Parlamentam par to, ka tas godina manu t\u0113vu un visas citas \u0123imenes, kuras dz\u012bvo t\u0101d\u0101 pa\u0161\u0101 nezi\u0146\u0101.\u201d<\/p>\n<p>Run\u0101jot par Mikalaju Statkevi\u010du, pla\u0161i paz\u012bstamu Baltkrievijas opoz\u012bcijas locekli, kur\u0161 2025. gada septembr\u012b pazuda bez v\u0113sts, vi\u0146a piebilda: \u201cKad par vi\u0146iem run\u0101jam, vi\u0146i vairs nav tikai skait\u013ci statistik\u0101. Vi\u0146i atkal k\u013c\u016bst \u012bsti. Tie\u0161i t\u0101p\u0113c ir tik svar\u012bgi, ka j\u016bs, Eiropas Parlaments, piev\u0113r\u0161at \u0161im jaut\u0101jumam uzman\u012bbu. J\u016bs saglab\u0101jat cilv\u0113ka cie\u0146u, kad p\u0101r\u0113jie to cen\u0161as izn\u012bcin\u0101t.\u201d<\/p>\n<p>Eiropas Parlamenta deput\u0101ti ir pie\u0146\u0113mu\u0161i vair\u0101kas rezol\u016bcijas, kur\u0101s nosod\u012btas represijas Baltkrievij\u0101. Taj\u0101s deput\u0101ti pieprasa atbr\u012bvot politieslodz\u012btos (apl\u0113sts, ka to ir aptuveni 1200), pau\u017e nosod\u012bjumu par prezidenta Aleksandra Luka\u0161enko sadarb\u012bbu ar Krieviju t\u0101s kar\u0101 pret Ukrainu, prasa piem\u0113rot stingr\u0101kas sankcijas un aicina atbalst\u012bt Baltkrievijas demokr\u0101tiskos sp\u0113kus, neatkar\u012bgos medijus un cilv\u0113kties\u012bbu aizst\u0101vjus. Parlaments akt\u012bvi atbalsta demokr\u0101tisko opoz\u012bciju Baltkrievij\u0101 un\u00a0<a href=\"https:\/\/www.europarl.europa.eu\/topics\/en\/article\/20201210STO93502\/belarusian-opposition-receives-2020-sakharov-prize\" target=\"_blank\" data-analytics-event-attached=\"true\" rel=\"nofollow noopener\">2020. gad\u0101 tai pie\u0161\u0137\u012bra Saharova balvu par domas br\u012bv\u012bbu<\/a>. 2023. gad\u0101 tas pie\u0146\u0113ma\u00a0<a href=\"https:\/\/www.europarl.europa.eu\/doceo\/document\/TA-9-2023-0075_EN.html\" target=\"_blank\" data-analytics-event-attached=\"true\" rel=\"nofollow noopener\">rezol\u016bciju par And\u017eeja Po\u010dobuta lietu<\/a>.<\/p>\n<p>Mzia Amaglobeli \u2013 Gruzij\u0101 ieslodz\u012bt\u0101 \u017eurn\u0101liste<\/p>\n<p><a href=\"https:\/\/www.europarl.europa.eu\/news\/en\/press-room\/20251016IPR30949\/andrzej-poczobut-and-mzia-amaglobeli-laureates-of-the-2025-sakharov-prize\" target=\"_blank\" data-analytics-event-attached=\"true\" rel=\"nofollow noopener\">Mzia Amaglobeli<\/a>\u00a0ir gruz\u012bnu \u017eurn\u0101liste, mediju kan\u0101lu \u201cBatumelebi\u201d un \u201cNetgazeti\u201d direktore un l\u012bdzdibin\u0101t\u0101ja. Sa\u0146emt vi\u0146ai pie\u0161\u0137irto balvu bija ieradusies vi\u0146as kol\u0113\u0123e \u017eurn\u0101liste Irma Dimitradze, kura ar\u012b str\u0101d\u0101 \u201cBatumelebi\u201d. Uzrun\u0101jot Parlamentu, vi\u0146a nolas\u012bja Mzias Amaglobeli v\u0113stuli: \u201cEs pie\u0146emu (\u0161o balvu) savu kol\u0113\u0123u &#8211; \u017eurn\u0101listu, kuri Gruzij\u0101 c\u012bn\u0101s par \u017eurn\u0101listikas past\u0101v\u0113\u0161anu \u2013 v\u0101rd\u0101. Vi\u0146i nerimt\u012bgi str\u0101d\u0101, lai j\u016bs dzird\u0113tu Gruzijas pilso\u0146u balsi, lai paties\u012bba netiktu apklusin\u0101ta.\u201d<\/p>\n<p>Piev\u0113r\u0161oties varas iest\u0101d\u0113m dzimten\u0113, Mzia Amaglobeli raksta, ka \u201c\u0161is re\u017e\u012bms ir ne\u017e\u0113l\u012bgs [..]. Tas izn\u012bcina neatkar\u012bgu \u017eurn\u0101listiku, aizliedz opoz\u012bcijas partijas un iesloga to l\u012bderus, faktiski likvid\u0113 nevalstisk\u0101s organiz\u0101cijas, to darbiniekus pasludina par \u201c\u0101rzemju a\u0123entiem\u201d [..]. Tom\u0113r re\u017e\u012bmam nav izdevies aptur\u0113t preto\u0161anos. Iesp\u0113jams, tie\u0161i t\u0101p\u0113c Eiropas Savien\u012bbas pazi\u0146ojumi Gruzijas tautas atbalstam ir sp\u0113c\u012bg\u0101ki un prec\u012bz\u0101ki nek\u0101 jebkad iepriek\u0161. Par to es esmu dzi\u013ci pateic\u012bga.\u201d<\/p>\n<p>Atsaucoties uz Gruzijas tautas centieniem pievienoties ES, vi\u0146a savu v\u0113stuli nosl\u0113dza ar \u0161\u0101diem v\u0101rdiem: \u201eM\u016bsu c\u012b\u0146as izn\u0101kums nav atkar\u012bgs tikai no mums, jo m\u016bsu c\u012b\u0146a nav tikai par mums. [..] C\u012bnieties kop\u0101 ar mums un m\u016bsu lab\u0101. C\u012bnieties t\u0101pat, k\u0101 j\u016bs c\u012bn\u012btos par savu valstu br\u012bv\u012bbu. Izmantojiet visus j\u016bsu r\u012bc\u012bb\u0101 eso\u0161os l\u012bdzek\u013cus, un dariet to, pirms ir par v\u0113lu.\u201d<\/p>\n<p>Parlamenta deput\u0101ti ir paudu\u0161i stingru nosod\u012bjumu par demokr\u0101tijas iev\u0113rojamo regresu Gruzij\u0101, kura kop\u0161 2023. gada ir ES kandid\u0101tvalsts. Deput\u0101ti ar\u012b nosoda ieviestos repres\u012bvos ties\u012bbu aktus (piem\u0113ram, likumu par \u0101rvalstu a\u0123entiem), uzbrukumus v\u0101rda un preses br\u012bv\u012bbai un mierm\u012bl\u012bgu protestu apspie\u0161anu.<\/p>\n<p>Parlaments ir pras\u012bjis atk\u0101rtot 2024. gada oktobr\u012b notiku\u0161\u0101s v\u0113l\u0113\u0161anas, kur\u0101s sevi par uzvar\u0113t\u0101ju pasludin\u0101ja valdo\u0161\u0101 partija \u201cGruzijas sapnis\u201d. Tas ir paudis nosod\u012bjumu par Krievijas ietekmi valst\u012b un pras\u012bjis atbr\u012bvot aiztur\u0113tos. Tom\u0113r deput\u0101ti uzskata, ka ce\u013c\u0161 uz dal\u012bbu ES b\u016btu j\u0101turpina, ja vien valst\u012b tiks \u012bstenotas reformas un iev\u0113rots tiesiskums. Parlaments ar\u012b prasa piem\u0113rot individu\u0101las sankcijas tiem, kas valst\u012b atbild\u012bgi par vardarb\u012bbu.<\/p>\n<p>2025. gada j\u016bnij\u0101 tika pie\u0146emta rezol\u016bcija par\u00a0<a href=\"https:\/\/www.europarl.europa.eu\/news\/en\/press-room\/20250616IPR28962\/human-rights-breaches-in-georgia-iran-and-mali\" target=\"_blank\" data-analytics-event-attached=\"true\" rel=\"nofollow noopener\">preses br\u012bv\u012bbu Gruzij\u0101 un Mzias Amaglobeli lietu<\/a>.<\/p>\n<p>Papildu inform\u0101cija<\/p>\n<p>Saharova balva par domas br\u012bv\u012bbu ir nosaukta\u00a0<a href=\"https:\/\/www.europarl.europa.eu\/sakharovprize\/en\/the-prize\/andrei-sakharov\" target=\"_blank\" data-analytics-event-attached=\"true\" rel=\"nofollow noopener\">padomju fizi\u0137a un politisk\u0101 disidenta Andreja Saharova<\/a>\u00a0v\u0101rd\u0101, un tas ir Eiropas Savien\u012bbas augst\u0101kais apbalvojums cilv\u0113kties\u012bbu jom\u0101. Kop\u0161 1988. gada Parlaments balvu katru gadu pie\u0161\u0137ir cilv\u0113kiem, grup\u0101m vai organiz\u0101cij\u0101m, t\u0101 godinot vi\u0146u darbu cilv\u0113kties\u012bbu, v\u0101rda br\u012bv\u012bbas un demokr\u0101tisko v\u0113rt\u012bbu aizst\u0101v\u012bb\u0101. Balvas laure\u0101ti sa\u0146em 50 000 eiro.<\/p>\n<p>Balvu ir sa\u0146\u0113mu\u0161i vair\u0101ki \u017eurn\u0101listi, k\u0101 ar\u012b mediju un preses br\u012bv\u012bbas organiz\u0101cijas, tostarp nevalstisk\u0101 organiz\u0101cija \u201cReportieri bez robe\u017e\u0101m\u201d 2005. gad\u0101, Baltkrievijas \u017durn\u0101listu asoci\u0101cija 2004. gad\u0101, al\u017e\u012brie\u0161u \u017eurn\u0101liste un rakstniece Salima Gezali 1997. gad\u0101 un pla\u0161i paz\u012bstamais laikraksts \u201cOslobodenje\u201d 1993. gad\u0101, kur\u0161 populariz\u0113ja Bosnijas un Hercegovinas redz\u0113jumu par etnisko daudzveid\u012bbu. Parlaments apliecina savu nelok\u0101mo atbalstu p\u0113tnieciskajai \u017eurn\u0101listikai un uzsver preses br\u012bv\u012bbas noz\u012bmi, katru gadu pasniedzot ar\u012b\u00a0<a href=\"https:\/\/daphnejournalismprize.eu\/\" target=\"_blank\" data-analytics-event-attached=\"true\" rel=\"nofollow noopener\">Dafnes Karuanas Galicijas balvu<\/a>, kas ieviesta par godu 2017. gad\u0101 nogalin\u0101tajai maltie\u0161u \u017eurn\u0101listei.<\/p>\n<p>Saraksts ar visiem iepriek\u0161\u0113jo gadu laure\u0101tiem un pla\u0161\u0101ka inform\u0101cija ir pieejama\u00a0<a href=\"https:\/\/www.europarl.europa.eu\/sakharovprize\/en\/laureates\/around-the-world\" target=\"_blank\" data-analytics-event-attached=\"true\" rel=\"nofollow noopener\">Parlamenta t\u012bmek\u013cvietn\u0113 par Saharova balvu<\/a>. Balvas pasnieg\u0161anas ceremonijas ierakstu var skat\u012bt\u00a0<a href=\"https:\/\/multimedia.europarl.europa.eu\/fr\/event\/award-of-the-sakharov-prize-2025_av-20250701-4311?tab=overview\" target=\"_blank\" data-analytics-event-attached=\"true\" rel=\"nofollow noopener\">Parlamenta multimediju centra t\u012bmek\u013cvietn\u0113<\/a>.<\/p>\n","protected":false},"excerpt":{"rendered":"\u0160\u012b gada Saharova balva pie\u0161\u0137irta diviem Baltkrievij\u0101 un Gruzij\u0101 ieslodz\u012btajiem \u017eurn\u0101listiem, un otrdien, 16. decembr\u012b, Strasb\u016br\u0101 Eiropas Parlamenta&hellip;\n","protected":false},"author":2,"featured_media":76922,"comment_status":"","ping_status":"","sticky":false,"template":"","format":"standard","meta":{"footnotes":""},"categories":[14],"tags":[23,57,28,29,32,33,22,30,31,35,39,38,36,37,34,40,20,26,27,24,25,54,55,56,21,58],"class_list":{"0":"post-76921","1":"post","2":"type-post","3":"status-publish","4":"format-standard","5":"has-post-thumbnail","7":"category-zinas-no-arvalstim","8":"tag-aktualitates","9":"tag-arvalstim","10":"tag-breaking-news","11":"tag-breakingnews","12":"tag-featured-news","13":"tag-featurednews","14":"tag-headlines","15":"tag-latest-news","16":"tag-latestnews","17":"tag-latvia","18":"tag-latvian","19":"tag-latviesu","20":"tag-latviesu-valoda","21":"tag-latviesuvaloda","22":"tag-latvija","23":"tag-lv","24":"tag-news","25":"tag-popularakas-zinas","26":"tag-popularakaszinas","27":"tag-top-stories","28":"tag-topstories","29":"tag-world","30":"tag-world-news","31":"tag-worldnews","32":"tag-zinas","33":"tag-zinas-no-arvalstim"},"share_on_mastodon":{"url":"https:\/\/pubeurope.com\/@lv\/115730842143440252","error":""},"_links":{"self":[{"href":"https:\/\/www.europesays.com\/lv\/wp-json\/wp\/v2\/posts\/76921","targetHints":{"allow":["GET"]}}],"collection":[{"href":"https:\/\/www.europesays.com\/lv\/wp-json\/wp\/v2\/posts"}],"about":[{"href":"https:\/\/www.europesays.com\/lv\/wp-json\/wp\/v2\/types\/post"}],"author":[{"embeddable":true,"href":"https:\/\/www.europesays.com\/lv\/wp-json\/wp\/v2\/users\/2"}],"replies":[{"embeddable":true,"href":"https:\/\/www.europesays.com\/lv\/wp-json\/wp\/v2\/comments?post=76921"}],"version-history":[{"count":0,"href":"https:\/\/www.europesays.com\/lv\/wp-json\/wp\/v2\/posts\/76921\/revisions"}],"wp:featuredmedia":[{"embeddable":true,"href":"https:\/\/www.europesays.com\/lv\/wp-json\/wp\/v2\/media\/76922"}],"wp:attachment":[{"href":"https:\/\/www.europesays.com\/lv\/wp-json\/wp\/v2\/media?parent=76921"}],"wp:term":[{"taxonomy":"category","embeddable":true,"href":"https:\/\/www.europesays.com\/lv\/wp-json\/wp\/v2\/categories?post=76921"},{"taxonomy":"post_tag","embeddable":true,"href":"https:\/\/www.europesays.com\/lv\/wp-json\/wp\/v2\/tags?post=76921"}],"curies":[{"name":"wp","href":"https:\/\/api.w.org\/{rel}","templated":true}]}}