{"id":77059,"date":"2025-12-16T22:29:12","date_gmt":"2025-12-16T22:29:12","guid":{"rendered":"https:\/\/www.europesays.com\/lv\/77059\/"},"modified":"2025-12-16T22:29:12","modified_gmt":"2025-12-16T22:29:12","slug":"psg-bus-mbape-jamaksa-vairak-neka-60-miljoni-eiro","status":"publish","type":"post","link":"https:\/\/www.europesays.com\/lv\/77059\/","title":{"rendered":"PSG b\u016bs Mbap\u0113 j\u0101maks\u0101 vair\u0101k nek\u0101 60 miljoni eiro"},"content":{"rendered":"<p>P\u0113rn Francijas uzbruc\u0113js pameta <a href=\"https:\/\/sports.tvnet.lv\/term\/83543\/psg\" class=\"topicLink\" target=\"_blank\" rel=\"nofollow noopener\">PSG<\/a> un pievienoj\u0101s Madrides &#8220;Real&#8221;, kuram nebija j\u0101maks\u0101 l\u012bguma izpirkuma maksa.<\/p>\n<p>Ar\u012b PSG bija pretenzijas pret futbolistu, jo klubs, kas nebija pagarin\u0101jis ar sp\u0113l\u0113t\u0101ju l\u012bgumu, uzskat\u012bja, ka Mbap\u0113 vi\u0146iem ir par\u0101d\u0101 440 miljonus eiro. Savuk\u0101rt Mbap\u0113 no sava biju\u0161\u0101 kluba piepras\u012bja 263 miljonus eiro.<\/p>\n<p>Par\u012bzes tiesa nost\u0101jusies futbolista pus\u0113, ta\u010du gan PSG, gan klubam ir ties\u012bbas p\u0101rs\u016bdz\u0113t l\u0113mumu.<\/p>\n<p>Z\u012bm\u012bgi, ka PSG iepriek\u0161\u0113j\u0101 sezon\u0101 pirmo reizi triumf\u0113ja UEFA \u010cempionu l\u012bg\u0101 jau bez savas ilggad\u0113j\u0101s komandas zvaigznes.<\/p>\n","protected":false},"excerpt":{"rendered":"P\u0113rn Francijas uzbruc\u0113js pameta PSG un pievienoj\u0101s Madrides &#8220;Real&#8221;, kuram nebija j\u0101maks\u0101 l\u012bguma izpirkuma maksa. Ar\u012b PSG bija&hellip;\n","protected":false},"author":2,"featured_media":77060,"comment_status":"","ping_status":"","sticky":false,"template":"","format":"standard","meta":{"footnotes":""},"categories":[17],"tags":[9629,35,39,38,36,37,34,40,3630,2098,67,3589],"class_list":{"0":"post-77059","1":"post","2":"type-post","3":"status-publish","4":"format-standard","5":"has-post-thumbnail","7":"category-sports","8":"tag-kilians-mbape","9":"tag-latvia","10":"tag-latvian","11":"tag-latviesu","12":"tag-latviesu-valoda","13":"tag-latviesuvaloda","14":"tag-latvija","15":"tag-lv","16":"tag-madrides-real","17":"tag-psg","18":"tag-sports","19":"tag-uefa-cempionu-liga"},"share_on_mastodon":{"url":"https:\/\/pubeurope.com\/@lv\/115731612504079276","error":""},"_links":{"self":[{"href":"https:\/\/www.europesays.com\/lv\/wp-json\/wp\/v2\/posts\/77059","targetHints":{"allow":["GET"]}}],"collection":[{"href":"https:\/\/www.europesays.com\/lv\/wp-json\/wp\/v2\/posts"}],"about":[{"href":"https:\/\/www.europesays.com\/lv\/wp-json\/wp\/v2\/types\/post"}],"author":[{"embeddable":true,"href":"https:\/\/www.europesays.com\/lv\/wp-json\/wp\/v2\/users\/2"}],"replies":[{"embeddable":true,"href":"https:\/\/www.europesays.com\/lv\/wp-json\/wp\/v2\/comments?post=77059"}],"version-history":[{"count":0,"href":"https:\/\/www.europesays.com\/lv\/wp-json\/wp\/v2\/posts\/77059\/revisions"}],"wp:featuredmedia":[{"embeddable":true,"href":"https:\/\/www.europesays.com\/lv\/wp-json\/wp\/v2\/media\/77060"}],"wp:attachment":[{"href":"https:\/\/www.europesays.com\/lv\/wp-json\/wp\/v2\/media?parent=77059"}],"wp:term":[{"taxonomy":"category","embeddable":true,"href":"https:\/\/www.europesays.com\/lv\/wp-json\/wp\/v2\/categories?post=77059"},{"taxonomy":"post_tag","embeddable":true,"href":"https:\/\/www.europesays.com\/lv\/wp-json\/wp\/v2\/tags?post=77059"}],"curies":[{"name":"wp","href":"https:\/\/api.w.org\/{rel}","templated":true}]}}