{"id":7710,"date":"2025-09-29T09:11:07","date_gmt":"2025-09-29T09:11:07","guid":{"rendered":"https:\/\/www.europesays.com\/lv\/7710\/"},"modified":"2025-09-29T09:11:07","modified_gmt":"2025-09-29T09:11:07","slug":"jau-piekto-reizi-notiks-festivals-ukrainas-kino-dienas-riga","status":"publish","type":"post","link":"https:\/\/www.europesays.com\/lv\/7710\/","title":{"rendered":"Jau piekto reizi notiks festiv\u0101ls \u201cUkrainas kino dienas R\u012bg\u0101\u201d"},"content":{"rendered":"<p>\u0160\u012b gada programma papla\u0161ina dialoga horizontus starp draudz\u012bgaj\u0101m valst\u012bm \u2013 Ukrainu un Latviju. Festiv\u0101ls s\u0101ksies ar apa\u013c\u0101 galda diskusiju \u201cUkrainas kinematogr\u0101fijas att\u012bst\u012bbas perspekt\u012bvas un kopra\u017eo\u0161ana ar Eiropas kinematogr\u0101fistiem\u201d un turpin\u0101sies ar piecu ukrai\u0146u filmu demonstr\u0113\u0161anu \u2013 div\u0101m dokument\u0101laj\u0101m un trim sp\u0113lfilm\u0101m.<\/p>\n<p>Tr\u012bs dienu laik\u0101 skat\u012bt\u0101ji un festiv\u0101la viesi var\u0113s iepaz\u012bties ar jauniem un klasiskiem ukrai\u0146u re\u017eisoru darbiem, kas guvu\u0161i atzin\u012bbu starptautiskos festiv\u0101los. Programma apvieno dokument\u0101lo un sp\u0113les kino, skarot kara un miera, m\u012blest\u012bbas un identit\u0101tes, v\u0113stures un m\u016bsdienu t\u0113mas.<\/p>\n<ul>\n<li>Dokument\u0101l\u0101s filmas: \u201cM\u0113s bij\u0101m rekr\u016bti\u201d (re\u017e. Lubomirs Levickis), \u201cKrievijas imp\u0113rijas sak\u0101ves\u201d (re\u017e. Ivans Timsins) \u2013 dokument\u0101ls almanahs par Krievijas agres\u012bvajiem kariem ar cit\u0101m valst\u012bm, atmaskojot prokrieviskos narat\u012bvus par \u201clabv\u0113l\u012bg\u0101m kaimi\u0146attiec\u012bb\u0101m\u201d.<\/li>\n<li>Sp\u0113lfilmas: \u201cK\u0101p\u0113c es esmu dz\u012bvs\u201d (Why Am I Alive, re\u017e. Villens Novaks), \u201cTraki\u201d (Bo\u017eevilni, re\u017e. Deniss Tarasovs), k\u0101 ar\u012b viena no izcil\u0101kaj\u0101m ukrai\u0146u po\u0113tisk\u0101 kino film\u0101m \u201cT\u0101ds v\u0113ls, t\u0101ds silts rudens\u201d (Such a Late, Such a Warm Autumn, re\u017e. \u2013 le\u0123end\u0101rais Ivans Mikolaj\u010duks). \u0160\u012b filma st\u0101sta par pirmajiem emigrantiem padomju okup\u0101cijas gados, kuri p\u0113c daudziem desmitiem gadu atgrie\u017eas dzimtaj\u0101 Ukrain\u0101, lai atkal satiktu savas atmi\u0146as, m\u012blest\u012bbu un, iesp\u0113jams, ar\u012b pa\u0161i sevi.<\/li>\n<\/ul>\n<p>Le\u0123end\u0101r\u0101 ukrai\u0146u aktrise Galina Sulima, kas film\u0101 \u201cT\u0101ds v\u0113ls, t\u0101ds silts rudens\u201d atveidoja galveno lomu, piedal\u012bsies \u0161\u012b gada festiv\u0101la organiz\u0113\u0161an\u0101 un noris\u0113. Festiv\u0101ls, kas k\u013cuvis par noz\u012bm\u012bgu kult\u016bras diplom\u0101tijas tiltu starp Ukrainu un Latviju, aicina turpin\u0101t dialogu par kult\u016bras sadarb\u012bbas stiprin\u0101\u0161anu starp Kijivu un R\u012bgu, k\u0101 ar\u012b turpina trad\u012bciju populariz\u0113t Ukrainas kino Eirop\u0101.<\/p>\n<p>Ieeja uz visiem seansiem \u2013 bez maksas.<\/p>\n<p>Filmas demonstr\u0113s ukrai\u0146u valod\u0101 ar latvie\u0161u subtitriem.<\/p>\n","protected":false},"excerpt":{"rendered":"\u0160\u012b gada programma papla\u0161ina dialoga horizontus starp draudz\u012bgaj\u0101m valst\u012bm \u2013 Ukrainu un Latviju. Festiv\u0101ls s\u0101ksies ar apa\u013c\u0101 galda&hellip;\n","protected":false},"author":2,"featured_media":7711,"comment_status":"","ping_status":"","sticky":false,"template":"","format":"standard","meta":{"footnotes":""},"categories":[19],"tags":[63,65,60,89,59,90,70,64,35,39,38,36,37,34,40,68,69,66,67,62,21,61],"class_list":{"0":"post-7710","1":"post","2":"type-post","3":"status-publish","4":"format-standard","5":"has-post-thumbnail","7":"category-izklaide","8":"tag-arvalstis","9":"tag-auto","10":"tag-egoiste","11":"tag-entertainment","12":"tag-financenet","13":"tag-izklaide","14":"tag-klik","15":"tag-kultura","16":"tag-latvia","17":"tag-latvian","18":"tag-latviesu","19":"tag-latviesu-valoda","20":"tag-latviesuvaloda","21":"tag-latvija","22":"tag-lv","23":"tag-maja","24":"tag-receptes","25":"tag-sejas","26":"tag-sports","27":"tag-viedokli","28":"tag-zinas","29":"tag-zinatne"},"share_on_mastodon":{"url":"","error":""},"_links":{"self":[{"href":"https:\/\/www.europesays.com\/lv\/wp-json\/wp\/v2\/posts\/7710","targetHints":{"allow":["GET"]}}],"collection":[{"href":"https:\/\/www.europesays.com\/lv\/wp-json\/wp\/v2\/posts"}],"about":[{"href":"https:\/\/www.europesays.com\/lv\/wp-json\/wp\/v2\/types\/post"}],"author":[{"embeddable":true,"href":"https:\/\/www.europesays.com\/lv\/wp-json\/wp\/v2\/users\/2"}],"replies":[{"embeddable":true,"href":"https:\/\/www.europesays.com\/lv\/wp-json\/wp\/v2\/comments?post=7710"}],"version-history":[{"count":0,"href":"https:\/\/www.europesays.com\/lv\/wp-json\/wp\/v2\/posts\/7710\/revisions"}],"wp:featuredmedia":[{"embeddable":true,"href":"https:\/\/www.europesays.com\/lv\/wp-json\/wp\/v2\/media\/7711"}],"wp:attachment":[{"href":"https:\/\/www.europesays.com\/lv\/wp-json\/wp\/v2\/media?parent=7710"}],"wp:term":[{"taxonomy":"category","embeddable":true,"href":"https:\/\/www.europesays.com\/lv\/wp-json\/wp\/v2\/categories?post=7710"},{"taxonomy":"post_tag","embeddable":true,"href":"https:\/\/www.europesays.com\/lv\/wp-json\/wp\/v2\/tags?post=7710"}],"curies":[{"name":"wp","href":"https:\/\/api.w.org\/{rel}","templated":true}]}}