{"id":77110,"date":"2025-12-17T02:05:07","date_gmt":"2025-12-17T02:05:07","guid":{"rendered":"https:\/\/www.europesays.com\/lv\/77110\/"},"modified":"2025-12-17T02:05:07","modified_gmt":"2025-12-17T02:05:07","slug":"bendikas-neveiksmiga-diena-ugunslinija-igaunijas-biatloniste-sasniedz-desmitnieku-hohfilce-lente-lv","status":"publish","type":"post","link":"https:\/\/www.europesays.com\/lv\/77110\/","title":{"rendered":"Bendikas neveiksm\u012bg\u0101 diena ugunsl\u012bnij\u0101; Igaunijas biatloniste sasniedz desmitnieku Hohf\u012blc\u0113\u00a0\u2014\u00a0Lente.lv"},"content":{"rendered":"<p>Bendikas neveiksm\u012bg\u0101 diena un Igaunijas sportistes pan\u0101kums Hohf\u012blc\u0113<\/p>\n<p>Pasaules kausa posms biatlon\u0101 Austrijas tras\u0113 Hohf\u012blc\u0113 nosl\u0113dzies ar aizraujo\u0161\u0101m sievie\u0161u iedz\u012b\u0161anas sacens\u012bb\u0101m, kur\u0101s diem\u017e\u0113l Latvijas vien\u012bgajai p\u0101rst\u0101vei Baibai Bendikai diena izr\u0101d\u012bj\u0101s emocion\u0101li un sportiski smaga. Vi\u0146a, saskaroties ar gr\u016bt\u012bb\u0101m ugunsl\u012bnij\u0101, sa\u0146\u0113ma se\u0161us soda ap\u013cus, kas galarezult\u0101t\u0101 liedza ie\u0146emt augst\u0101ku vietu nek\u0101 56. poz\u012bcija. \u0160\u0101ds rezult\u0101ts neap\u0161aub\u0101mi ir vil\u0161an\u0101s gan sportistei, gan vi\u0146as atbalst\u012bt\u0101jiem, ta\u010du biatlona pasaule ir ne\u017e\u0113l\u012bga, un katra k\u013c\u016bda uz \u0161autuves var maks\u0101t d\u0101rgi.<\/p>\n<p>Savuk\u0101rt par pat\u012bkamu p\u0101rsteigumu r\u016bp\u0113j\u0101s kaimi\u0146valsts Igaunijas sportiste Regina Ermitsa. Vi\u0146a demonstr\u0113ja izcilu sniegumu, ie\u0146emot 8. vietu, kas ir iev\u0113rojams sasniegums un apliecina vi\u0146as augo\u0161o meistar\u012bbu. Ermitsa sp\u0113ja uzlabot savu poz\u012bciju par vesel\u0101m 16 viet\u0101m, par\u0101dot, ka ar neatlaid\u012bgu darbu un precizit\u0101ti ir iesp\u0113jams p\u0101rvar\u0113t jebkurus \u0161\u0137\u0113r\u0161\u013cus. Vi\u0146as pan\u0101kums dod cer\u012bbu un iedvesmu ar\u012b citiem sportistiem, kuri tiecas sasniegt virsotnes.<\/p>\n<p>Hohf\u012blces trases izaicin\u0101jumi un Bendikas sniegums<\/p>\n<p>Hohf\u012blces trase ir zin\u0101ma ar saviem sare\u017e\u0123\u012btajiem apst\u0101k\u013ciem un prasa sportistiem maksim\u0101lu koncentr\u0113\u0161anos gan sl\u0113pojum\u0101, gan \u0161au\u0161an\u0101. \u0160oreiz liktenis nebija \u017e\u0113l\u012bgs pret Baibu Bendiku, kura, neraugoties uz centieniem, nesp\u0113ja par\u0101d\u012bt savu lab\u0101ko sniegumu ugunsl\u012bnij\u0101. Se\u0161u soda ap\u013cu uzkr\u0101\u0161an\u0101s ir skumj\u0161 r\u0101d\u012bt\u0101js, ka \u0161au\u0161anas precizit\u0101te nebija t\u0101d\u0101 l\u012bmen\u012b, k\u0101du m\u0113s v\u0113l\u0113tos redz\u0113t. Tas ir k\u0101 sp\u0113le ar likteni, kur\u0101 viss atkar\u012bgs no s\u012bk\u0101k\u0101s nianses. \u0160\u0101da veida sacens\u012bbas var b\u016bt \u012bsts p\u0101rbaud\u012bjums nerviem un fiziskajai notur\u012bbai.<\/p>\n<p>Lai gan 56. vieta nav tas, ko Bendika cer\u0113ja, ir svar\u012bgi atcer\u0113ties, ka vi\u0146as karjera ir pilna ar uzlabojumiem un sasniegumiem. Biatlon\u0101 ir nepiecie\u0161ams laiks un paciet\u012bba, lai sasniegtu augst\u0101ko l\u012bmeni. \u0160\u0101da neveiksme var kalpot k\u0101 motiv\u0101cija turpin\u0101t str\u0101d\u0101t v\u0113l intens\u012bv\u0101k, lai n\u0101kamaj\u0101s sacens\u012bb\u0101s par\u0101d\u012btu sp\u012bdo\u0161\u0101ku sniegumu. Vi\u0146as ce\u013c\u0161 biatlon\u0101 ir k\u0101 gar\u0161 un l\u012bkumots ce\u013c\u0161, kur\u0101 ir gan k\u0101pumi, gan kritumi.<\/p>\n<p>Igaunijas biatlonistes spo\u017eais starts un ce\u013c\u0161 uz desmitnieku<\/p>\n<p>Reg\u012bnas Ermitsas sniegums bija patie\u0161\u0101m iespaid\u012bgs. Vi\u0146as sp\u0113ja pak\u0101pties par 16 poz\u012bcij\u0101m un iek\u013c\u016bt lab\u0101ko desmitniek\u0101 liecina par izcilu gatav\u012bbu un sp\u0113ju izmantot katru iesp\u0113ju. Vi\u0146as astot\u0101 vieta ir ne tikai personisks pan\u0101kums, bet ar\u012b sign\u0101ls visai biatlona pasaulei, ka Igaunijai ir talant\u012bga un c\u012bn\u012btsp\u0113j\u012bga sportiste. \u0160\u0101ds rezult\u0101ts dod vi\u0146ai p\u0101rliec\u012bbu un ener\u0123iju turpin\u0101t c\u012b\u0146u par augst\u0101kaj\u0101m viet\u0101m.<\/p>\n<p>Ermitsas sp\u0113ju uzlabot savu rezult\u0101tu var\u0113tu sal\u012bdzin\u0101t ar k\u0101p\u0161anu kaln\u0101 \u2013 katrs solis ir r\u016bp\u012bgi izsv\u0113rts, un rezult\u0101ts ir skaidrs redzams aug\u0161\u0101. Vi\u0146as pan\u0101kums ir k\u0101 spo\u017ea zvaigzne debes\u012bs, kas atg\u0101dina, ka ar\u012b no maz\u0101k\u0101m valst\u012bm var n\u0101kt lieli sportisti. \u0160is ir apliecin\u0101jums tam, ka ar dzel\u017eainu gribu un pareizu pieeju var sasniegt gandr\u012bz jebko. Igaunijas biatlona entuziasti noteikti ar lielu prieku sagaida \u0161o zi\u0146u.<\/p>\n<p>N\u0101kotnes perspekt\u012bvas un biatlona kop\u0113j\u0101 aina<\/p>\n<p>\u0160\u012bs sacens\u012bbas ir v\u0113lreiz pier\u0101d\u012bju\u0161as, cik nepast\u0101v\u012bgs un aizraujo\u0161s ir biatlons. Katra sacens\u012bba sniedz jaunas iesp\u0113jas gan sportistiem, gan skat\u012bt\u0101jiem. Lai gan Baibas Bendikas rezult\u0101ts \u0161oreiz nebija iepriecino\u0161s, vi\u0146as potenci\u0101ls ir nep\u0101rprotams, un ir pamats cer\u0113t uz lab\u0101kiem rezult\u0101tiem n\u0101kotn\u0113. Savuk\u0101rt Reg\u012bnas Ermitsas pan\u0101kums ir k\u0101 spilgts piem\u0113rs tam, ka ar cent\u012bbu un talantu ir iesp\u0113jams sasniegt augstas virsotnes.<\/p>\n<p>Biatlona sezona turpin\u0101s, un priek\u0161\u0101 v\u0113l daudz aizraujo\u0161u sacens\u012bbu. M\u0113s ceram, ka Baiba Bendika sp\u0113s atg\u016bties no \u0161\u012b br\u012b\u017ea gr\u016bt\u012bb\u0101m un turpin\u0101s p\u0101rsteigt ar saviem sasniegumiem. Taj\u0101 pa\u0161\u0101 laik\u0101 m\u0113s apsveicam Reg\u012bnu Ermitsu ar vi\u0146as izcilo sniegumu un nov\u0113lam veiksmi turpm\u0101kaj\u0101 karjer\u0101. \u0160ie notikumi atg\u0101dina, ka sport\u0101 viss ir iesp\u0113jams, un katra sacens\u012bba ir jauns st\u0101sts.<\/p>\n","protected":false},"excerpt":{"rendered":"Bendikas neveiksm\u012bg\u0101 diena un Igaunijas sportistes pan\u0101kums Hohf\u012blc\u0113 Pasaules kausa posms biatlon\u0101 Austrijas tras\u0113 Hohf\u012blc\u0113 nosl\u0113dzies ar aizraujo\u0161\u0101m&hellip;\n","protected":false},"author":2,"featured_media":77111,"comment_status":"","ping_status":"","sticky":false,"template":"","format":"standard","meta":{"footnotes":""},"categories":[17],"tags":[16007,1499,19466,35,39,38,36,37,34,40,2560,19465,67],"class_list":{"0":"post-77110","1":"post","2":"type-post","3":"status-publish","4":"format-standard","5":"has-post-thumbnail","7":"category-sports","8":"tag-baiba-bendika","9":"tag-biatlons","10":"tag-hohfilce","11":"tag-latvia","12":"tag-latvian","13":"tag-latviesu","14":"tag-latviesu-valoda","15":"tag-latviesuvaloda","16":"tag-latvija","17":"tag-lv","18":"tag-pasaules-kauss","19":"tag-regina-ermitsa","20":"tag-sports"},"share_on_mastodon":{"url":"https:\/\/pubeurope.com\/@lv\/115732461827856099","error":""},"_links":{"self":[{"href":"https:\/\/www.europesays.com\/lv\/wp-json\/wp\/v2\/posts\/77110","targetHints":{"allow":["GET"]}}],"collection":[{"href":"https:\/\/www.europesays.com\/lv\/wp-json\/wp\/v2\/posts"}],"about":[{"href":"https:\/\/www.europesays.com\/lv\/wp-json\/wp\/v2\/types\/post"}],"author":[{"embeddable":true,"href":"https:\/\/www.europesays.com\/lv\/wp-json\/wp\/v2\/users\/2"}],"replies":[{"embeddable":true,"href":"https:\/\/www.europesays.com\/lv\/wp-json\/wp\/v2\/comments?post=77110"}],"version-history":[{"count":0,"href":"https:\/\/www.europesays.com\/lv\/wp-json\/wp\/v2\/posts\/77110\/revisions"}],"wp:featuredmedia":[{"embeddable":true,"href":"https:\/\/www.europesays.com\/lv\/wp-json\/wp\/v2\/media\/77111"}],"wp:attachment":[{"href":"https:\/\/www.europesays.com\/lv\/wp-json\/wp\/v2\/media?parent=77110"}],"wp:term":[{"taxonomy":"category","embeddable":true,"href":"https:\/\/www.europesays.com\/lv\/wp-json\/wp\/v2\/categories?post=77110"},{"taxonomy":"post_tag","embeddable":true,"href":"https:\/\/www.europesays.com\/lv\/wp-json\/wp\/v2\/tags?post=77110"}],"curies":[{"name":"wp","href":"https:\/\/api.w.org\/{rel}","templated":true}]}}