{"id":7712,"date":"2025-09-29T09:12:08","date_gmt":"2025-09-29T09:12:08","guid":{"rendered":"https:\/\/www.europesays.com\/lv\/7712\/"},"modified":"2025-09-29T09:12:08","modified_gmt":"2025-09-29T09:12:08","slug":"video-%e2%9f%a9-mma-legenda-tiek-brutali-nokautets-pec-duela-beigam","status":"publish","type":"post","link":"https:\/\/www.europesays.com\/lv\/7712\/","title":{"rendered":"VIDEO \u27e9 MMA le\u0123enda tiek brut\u0101li nokaut\u0113ts&#8230; p\u0113c due\u013ca beig\u0101m"},"content":{"rendered":"<p>Aizvad\u012btaj\u0101 ned\u0113\u013cas nogal\u0113 49 gadus vecais Silva paraugc\u012b\u0146\u0101 boks\u0101 tik\u0101s ar tautieti Aselinu Freitasu, ta\u010du tika diskvalific\u0113ts par vair\u0101kiem neat\u013cautiem sitieniem ar galvu. Uzreiz p\u0113c due\u013ca starp abu sportistu p\u0101rst\u0101vjiem s\u0101k\u0101s asas v\u0101rdu apmai\u0146as, kas \u0101tri p\u0101rauga masveida kauti\u0146\u0101.<\/p>\n<p>Haosa laik\u0101 Silva patr\u0101p\u012bj\u0101s ce\u013c\u0101 k\u0101das personas sitienam un zaud\u0113ja sama\u0146u.<\/p>\n<blockquote class=\"twitter-tweet\" data-media-max-width=\"560\">\n<p lang=\"pt\" dir=\"ltr\">simplesmente a maior porradaria generalizada ap\u00f3s a luta do Pop\u00f3 x Wanderlei Silva<\/p>\n<p>que loucura<a target=\"_blank\" rel=\"noopener noreferrer nofollow\" href=\"https:\/\/t.co\/heV17G0uLN\">pic.twitter.com\/heV17G0uLN<\/a><\/p>\n<p>\u2014 Central do Braga (@CentralDoBrega) <a target=\"_blank\" rel=\"noopener noreferrer nofollow\" href=\"https:\/\/twitter.com\/CentralDoBrega\/status\/1972141675993845929?ref_src=twsrc%5Etfw\">September 28, 2025<\/a><\/p>\n<\/blockquote>\n<p>ESPN v\u0113sta, ka uzbruc\u0113js, iesp\u0113jams, bijis Freitasa d\u0113ls, lai gan nav skaidrs, vai sitiens bija tie\u0161i v\u0113rsts pret Silvu. C\u012bkstonim tika lauzts deguns un n\u0101c\u0101s uzlikt \u0161uves. Silvas komandas biedrs un MMA le\u0123enda Fabrisiu Verdums notiku\u0161o nosauca par \u013caundar\u012bbu: &#8220;Es nezinu, vai vi\u0146\u0161 tr\u0101p\u012bja piln\u012bgi prec\u012bzi, bet tas var\u0113ja beigties \u013coti nopietni.&#8221;<\/p>\n<p>Savuk\u0101rt Freitass vainu par haosu ring\u0101 uzvel tie\u0161i Verdumam, apgalvojot, ka vi\u0146a darb\u012bbas esot izprovoc\u0113ju\u0161as konfliktu.<\/p>\n<p>\u0160\u012b bija Silvas pirm\u0101 c\u012b\u0146a kop\u0161 2018. gada un debija boks\u0101. Karjeras laik\u0101 braz\u012blietis aizvad\u012bjis 51 MMA dueli (35-14-1 (1)), liel\u0101ko da\u013cu pasaules liel\u0101kaj\u0101s organiz\u0101cij\u0101s UFC un &#8221;Pride&#8221;. No 2000. l\u012bdz 2004. gadam vi\u0146\u0161 uzvar\u0113ja 16 no 18 due\u013ciem, vienu nosl\u0113dzot neiz\u0161\u0137irti, bet v\u0113l vienu bez rezult\u0101ta.<\/p>\n<p>Tikm\u0113r 50 gadus vecais Freitass ir biju\u0161ais pasaules \u010dempions boks\u0101 div\u0101s svara kategorij\u0101s, izc\u012bnot 41 uzvaru 43 c\u012b\u0146\u0101s. Vi\u0146\u0161 profesion\u0101lo karjeru praktiski nosl\u0113dza 2007. gad\u0101, n\u0101kamo desmit gadu laik\u0101 aizvadot tr\u012bs due\u013cus. Kop\u0161 2022. gada Freitass piedal\u0101s paraugc\u012b\u0146\u0101s.<\/p>\n<p><script async src=\"https:\/\/platform.twitter.com\/widgets.js\" charset=\"utf-8\"><\/script><\/p>\n","protected":false},"excerpt":{"rendered":"Aizvad\u012btaj\u0101 ned\u0113\u013cas nogal\u0113 49 gadus vecais Silva paraugc\u012b\u0146\u0101 boks\u0101 tik\u0101s ar tautieti Aselinu Freitasu, ta\u010du tika diskvalific\u0113ts par&hellip;\n","protected":false},"author":2,"featured_media":7713,"comment_status":"","ping_status":"","sticky":false,"template":"","format":"standard","meta":{"footnotes":""},"categories":[17],"tags":[65,1900,1901,1898,760,1899,90,1897,35,39,38,36,37,34,40,1896,67,1895,285,21],"class_list":{"0":"post-7712","1":"post","2":"type-post","3":"status-publish","4":"format-standard","5":"has-post-thumbnail","7":"category-sports","8":"tag-auto","9":"tag-brivbridis","10":"tag-daba-un-dzivnieki","11":"tag-galerijas","12":"tag-horoskopi","13":"tag-itech","14":"tag-izklaide","15":"tag-kriminalzinas","16":"tag-latvia","17":"tag-latvian","18":"tag-latviesu","19":"tag-latviesu-valoda","20":"tag-latviesuvaloda","21":"tag-latvija","22":"tag-lv","23":"tag-sieviete","24":"tag-sports","25":"tag-tava-balss","26":"tag-zala-dzive","27":"tag-zinas"},"share_on_mastodon":{"url":"","error":""},"_links":{"self":[{"href":"https:\/\/www.europesays.com\/lv\/wp-json\/wp\/v2\/posts\/7712","targetHints":{"allow":["GET"]}}],"collection":[{"href":"https:\/\/www.europesays.com\/lv\/wp-json\/wp\/v2\/posts"}],"about":[{"href":"https:\/\/www.europesays.com\/lv\/wp-json\/wp\/v2\/types\/post"}],"author":[{"embeddable":true,"href":"https:\/\/www.europesays.com\/lv\/wp-json\/wp\/v2\/users\/2"}],"replies":[{"embeddable":true,"href":"https:\/\/www.europesays.com\/lv\/wp-json\/wp\/v2\/comments?post=7712"}],"version-history":[{"count":0,"href":"https:\/\/www.europesays.com\/lv\/wp-json\/wp\/v2\/posts\/7712\/revisions"}],"wp:featuredmedia":[{"embeddable":true,"href":"https:\/\/www.europesays.com\/lv\/wp-json\/wp\/v2\/media\/7713"}],"wp:attachment":[{"href":"https:\/\/www.europesays.com\/lv\/wp-json\/wp\/v2\/media?parent=7712"}],"wp:term":[{"taxonomy":"category","embeddable":true,"href":"https:\/\/www.europesays.com\/lv\/wp-json\/wp\/v2\/categories?post=7712"},{"taxonomy":"post_tag","embeddable":true,"href":"https:\/\/www.europesays.com\/lv\/wp-json\/wp\/v2\/tags?post=7712"}],"curies":[{"name":"wp","href":"https:\/\/api.w.org\/{rel}","templated":true}]}}