{"id":77139,"date":"2025-12-17T04:03:07","date_gmt":"2025-12-17T04:03:07","guid":{"rendered":"https:\/\/www.europesays.com\/lv\/77139\/"},"modified":"2025-12-17T04:03:07","modified_gmt":"2025-12-17T04:03:07","slug":"ogres-koalicija-neatbalsta-mera-egila-helmana-gasanu-no-amata-lente-lv","status":"publish","type":"post","link":"https:\/\/www.europesays.com\/lv\/77139\/","title":{"rendered":"Ogres koal\u012bcija neatbalsta m\u0113ra Egila Helma\u0146a g\u0101\u0161anu no amata\u00a0\u2014\u00a0Lente.lv"},"content":{"rendered":"<p>Ogres novada koal\u012bcija nepl\u0101no atbalst\u012bt m\u0113ra Egila Helma\u0146a g\u0101\u0161anu<\/p>\n<p>Ogres novada pa\u0161vald\u012bbas valdo\u0161\u0101s koal\u012bcijas deput\u0101ti ir apliecin\u0101ju\u0161i, ka vi\u0146i nepl\u0101no atbalst\u012bt opoz\u012bcijas iesniegto priek\u0161likumu par novada m\u0113ra Egila Helma\u0146a (NA) atbr\u012bvo\u0161anu no amata. \u0160o nost\u0101ju paudis ar\u012b Ogres novada domes priek\u0161s\u0113d\u0113t\u0101ja vietnieks Andris Krauja (NA). K\u0101 inform\u0113 port\u0101ls jauns.lv, Krauja gan atzinis, ka nav person\u012bgi run\u0101jis ar visiem koal\u012bcijas kol\u0113\u0123iem par \u0161o jaut\u0101jumu, ta\u010du vi\u0146am ir stingra p\u0101rliec\u012bba, ka koal\u012bcijas vair\u0101kumam nav nodoma atbalst\u012bt opoz\u012bcijas piepras\u012bjumu. Priek\u0161likums par Helma\u0146a atbr\u012bvo\u0161anu no amata tiks izskat\u012bts gaid\u0101maj\u0101 domes s\u0113d\u0113, kas paredz\u0113ta 18. decembr\u012b.<\/p>\n<p>Opoz\u012bcijas iebildumi un koal\u012bcijas skaidrojumi<\/p>\n<p>Opoz\u012bcijas deput\u0101ti, kuri rosin\u0101ju\u0161i m\u0113ra demisiju, savus argumentus galvenok\u0101rt balsta uz Egila Helma\u0146a ilgsto\u0161o promb\u016btni un pien\u0101kumu nepild\u012b\u0161anu. Vi\u0146i nor\u0101da, ka kop\u0161 iev\u0113l\u0113\u0161anas amat\u0101 Helmanis savus darba pien\u0101kumus pild\u012bjis maz\u0101k nek\u0101 m\u0113nesi. Kop\u0161 2025. gada 18. j\u016blija vi\u0146\u0161 atradies promb\u016btn\u0113 \u2013 s\u0101kotn\u0113ji izmantojot kompens\u0113jo\u0161o atp\u016btu, p\u0113c tam atva\u013cin\u0101jum\u0101, un kop\u0161 augusta beig\u0101m vi\u0146\u0161 ir darbnesp\u0113j\u0101. Opoz\u012bcija pau\u017e nopietnas ba\u017eas par pa\u0161vald\u012bbas darba nep\u0101rtraukt\u012bbu, \u012bpa\u0161i uzsverot, ka dome ilgsto\u0161i darbojas bez pilnv\u0113rt\u012bga vad\u012bt\u0101ja, ko vada tikai viens vietnieks, kuram nav aizvietot\u0101ja. T\u0101pat tiek kritiz\u0113ts fakts, ka Helmanis nav savlaic\u012bgi pieteicies speci\u0101l\u0101s at\u013caujas sa\u0146em\u0161anai darbam ar valsts nosl\u0113pumu, kas rada dro\u0161\u012bbas jaut\u0101jumus. Opoz\u012bciju satrauc ar\u012b tas, ka, neskatoties uz Helma\u0146a promb\u016btni, par novembra m\u0113nesi vi\u0146am izmaks\u0101ta atl\u012bdz\u012bba vair\u0101k nek\u0101 4000 eiro, ko opoz\u012bcija uzskata par nesaprotamu, ja amata pien\u0101kumi netiek pild\u012bti.<\/p>\n<p>Savuk\u0101rt domes priek\u0161s\u0113d\u0113t\u0101ja vietnieks Andris Krauja skaidro, ka Helmanim izmaks\u0101t\u0101 summa ir ikgad\u0113j\u0101 naudas balva, kas pien\u0101kas ar\u012b citiem pa\u0161vald\u012bbas darbiniekiem, un t\u0101 nav bijusi tikai vi\u0146am. Vi\u0146\u0161 pie\u013cauj, ka, atgrie\u017eoties amat\u0101, Helmanis pieteiksies pielaidei valsts nosl\u0113pumam. Kraujam nav prec\u012bzi zin\u0101ms datums, kad Helmanis var\u0113s ats\u0101kt darbu, ta\u010du vi\u0146\u0161 ir p\u0101rliecin\u0101ts par koal\u012bcijas vienoto nost\u0101ju neatbalst\u012bt m\u0113ra atsauk\u0161anu.<\/p>\n<p>Politisk\u0101 ainava Ogres novad\u0101<\/p>\n<p>Ogres novada dom\u0113 ir 23 deput\u0101ti. Opoz\u012bcij\u0101 str\u0101d\u0101jo\u0161ie devi\u0146i deput\u0101ti p\u0101rst\u0101v partijas \u201cJaun\u0101 Vienot\u012bba\u201d, kust\u012bbu \u201cPar!\u201d un Jauno konservat\u012bvo partiju, k\u0101 ar\u012b Latvijas Re\u0123ionu apvien\u012bbu. Valdo\u0161aj\u0101 koal\u012bcij\u0101 ietilpst Nacion\u0101l\u0101 apvien\u012bba, Latvijas Zemnieku savien\u012bba un Latvijas Za\u013c\u0101 partija. \u0160\u0101da situat\u012bva spriedze politik\u0101 nav nekas neparasts, ta\u010du t\u0101 vienm\u0113r prasa no deput\u0101tiem papildu ener\u0123iju un v\u0113lmi rast kompromisus kop\u012bg\u0101 m\u0113r\u0137a lab\u0101 \u2013 Ogres novada att\u012bst\u012bbai.<\/p>\n","protected":false},"excerpt":{"rendered":"Ogres novada koal\u012bcija nepl\u0101no atbalst\u012bt m\u0113ra Egila Helma\u0146a g\u0101\u0161anu Ogres novada pa\u0161vald\u012bbas valdo\u0161\u0101s koal\u012bcijas deput\u0101ti ir apliecin\u0101ju\u0161i, ka&hellip;\n","protected":false},"author":2,"featured_media":77140,"comment_status":"","ping_status":"","sticky":false,"template":"","format":"standard","meta":{"footnotes":""},"categories":[5],"tags":[23,19476,28,29,11231,32,33,22,351,30,31,35,39,38,36,37,34,40,20,11228,1858,794,26,27,24,25,21],"class_list":{"0":"post-77139","1":"post","2":"type-post","3":"status-publish","4":"format-standard","5":"has-post-thumbnail","7":"category-aktualitates","8":"tag-aktualitates","9":"tag-andris-krauja","10":"tag-breaking-news","11":"tag-breakingnews","12":"tag-egils-helmanis","13":"tag-featured-news","14":"tag-featurednews","15":"tag-headlines","16":"tag-koalicija","17":"tag-latest-news","18":"tag-latestnews","19":"tag-latvia","20":"tag-latvian","21":"tag-latviesu","22":"tag-latviesu-valoda","23":"tag-latviesuvaloda","24":"tag-latvija","25":"tag-lv","26":"tag-news","27":"tag-ogres-novads","28":"tag-opozicija","29":"tag-pasvaldiba","30":"tag-popularakas-zinas","31":"tag-popularakaszinas","32":"tag-top-stories","33":"tag-topstories","34":"tag-zinas"},"share_on_mastodon":{"url":"https:\/\/pubeurope.com\/@lv\/115732925787791496","error":""},"_links":{"self":[{"href":"https:\/\/www.europesays.com\/lv\/wp-json\/wp\/v2\/posts\/77139","targetHints":{"allow":["GET"]}}],"collection":[{"href":"https:\/\/www.europesays.com\/lv\/wp-json\/wp\/v2\/posts"}],"about":[{"href":"https:\/\/www.europesays.com\/lv\/wp-json\/wp\/v2\/types\/post"}],"author":[{"embeddable":true,"href":"https:\/\/www.europesays.com\/lv\/wp-json\/wp\/v2\/users\/2"}],"replies":[{"embeddable":true,"href":"https:\/\/www.europesays.com\/lv\/wp-json\/wp\/v2\/comments?post=77139"}],"version-history":[{"count":0,"href":"https:\/\/www.europesays.com\/lv\/wp-json\/wp\/v2\/posts\/77139\/revisions"}],"wp:featuredmedia":[{"embeddable":true,"href":"https:\/\/www.europesays.com\/lv\/wp-json\/wp\/v2\/media\/77140"}],"wp:attachment":[{"href":"https:\/\/www.europesays.com\/lv\/wp-json\/wp\/v2\/media?parent=77139"}],"wp:term":[{"taxonomy":"category","embeddable":true,"href":"https:\/\/www.europesays.com\/lv\/wp-json\/wp\/v2\/categories?post=77139"},{"taxonomy":"post_tag","embeddable":true,"href":"https:\/\/www.europesays.com\/lv\/wp-json\/wp\/v2\/tags?post=77139"}],"curies":[{"name":"wp","href":"https:\/\/api.w.org\/{rel}","templated":true}]}}