{"id":77210,"date":"2025-12-17T05:55:09","date_gmt":"2025-12-17T05:55:09","guid":{"rendered":"https:\/\/www.europesays.com\/lv\/77210\/"},"modified":"2025-12-17T05:55:09","modified_gmt":"2025-12-17T05:55:09","slug":"tramps-aizliedz-iebraukt-asv-vel-septinu-valstu-pilsoniem-un-palestiniesiem","status":"publish","type":"post","link":"https:\/\/www.europesays.com\/lv\/77210\/","title":{"rendered":"Tramps aizliedz iebraukt ASV v\u0113l septi\u0146u valstu pilso\u0146iem un palest\u012bnie\u0161iem"},"content":{"rendered":"<p>Tramps, kur\u0161 ilgi centies ierobe\u017eot imigr\u0101ciju, pie\u0146\u0113ma \u0161o l\u0113mumu, lai aizliegtu iebraukt \u0101rzemniekiem, kas &#8220;gras\u0101s apdraud\u0113t&#8221; amerik\u0101\u0146us, pazi\u0146oja Balt\u0101 nama administr\u0101cija.<\/p>\n<p>Prezidents ar\u012b grib nov\u0113rst t\u0101du \u0101rzemnieku iera\u0161anos valst\u012b, kas &#8220;grautu vai destabiliz\u0113tu t\u0101s kult\u016bru, vald\u012bbu, instit\u016bcijas vai dibin\u0101\u0161anas principus&#8221;, teikts Balt\u0101 nama pazi\u0146ojum\u0101.<\/p>\n<p>Pirms da\u017e\u0101m dien\u0101m divi <a href=\"https:\/\/www.tvnet.lv\/term\/555410\/asv\" class=\"topicLink\" target=\"_blank\" rel=\"nofollow noopener\">ASV<\/a> karav\u012bri un viens civilists tika nogalin\u0101ti S\u012brij\u0101, kuru Tramps ir m\u0113\u0123in\u0101jis starptautiski reabilit\u0113t kop\u0161 prezidenta Ba\u0161ara al Asada re\u017e\u012bma g\u0101\u0161anas.<\/p>\n<p>S\u012brijas varas iest\u0101des pazi\u0146oja, ka uzbrukuma vaininieks bija dro\u0161\u012bbas sp\u0113ku loceklis, kuru b\u016btu vajadz\u0113jis atlaist vi\u0146a &#8220;ekstr\u0113mistisko isl\u0101mistu ideju&#8221; d\u0113\u013c.<\/p>\n<p>Trampa administr\u0101cija jau bija neofici\u0101li aizliegusi iebraukt Palest\u012bnas pa\u0161p\u0101rvaldes pasu tur\u0113t\u0101jiem, solidariz\u0113joties ar Izra\u0113lu pret Palest\u012bnas valsts atz\u012b\u0161anu.<\/p>\n<p>Piln\u012bgam iebrauk\u0161anas aizliegumam tika pak\u013cauti ne tikai S\u012brijas, bet ar\u012b Burkinafaso, Dienvidsud\u0101nas, Laosas, Mali, Nig\u0113ras un Sjerraleones pilso\u0146i.<\/p>\n<p>Piln\u012bgs iebrauk\u0161anas aizliegums jau pirms tam tika noteikts Afganist\u0101nas, \u010cadas, Ekvatori\u0101l\u0101s Gvinejas, Eritrejas, Haiti, Ir\u0101nas, Jemenas, Kongo Republikas, L\u012bbijas, Mjanmas, Som\u0101lijas un Sud\u0101nas pilso\u0146iem.<\/p>\n<p>Baltais nams pazi\u0146oja, ka Tramps ar\u012b nosaka da\u013c\u0113ju iebrauk\u0161anas aizliegumu vair\u0101ku valstu pilso\u0146iem. \u0160\u012bs valstis ir Angola, Antigva un Barbuda, Benina, Dominika, Gabona, Gambija, Kotdivu\u0101ra, Mal\u0101vi, Maurit\u0101nija, Nig\u0113rija, Seneg\u0101la, Tanz\u0101nija, Tonga, Zambija un Zimbabve.<\/p>\n","protected":false},"excerpt":{"rendered":"Tramps, kur\u0161 ilgi centies ierobe\u017eot imigr\u0101ciju, pie\u0146\u0113ma \u0161o l\u0113mumu, lai aizliegtu iebraukt \u0101rzemniekiem, kas &#8220;gras\u0101s apdraud\u0113t&#8221; amerik\u0101\u0146us, pazi\u0146oja&hellip;\n","protected":false},"author":2,"featured_media":77211,"comment_status":"","ping_status":"","sticky":false,"template":"","format":"standard","meta":{"footnotes":""},"categories":[14],"tags":[23,57,292,28,29,542,32,33,22,9994,30,31,35,39,38,36,37,34,40,7958,20,26,27,4282,24,25,54,55,56,21,58],"class_list":{"0":"post-77210","1":"post","2":"type-post","3":"status-publish","4":"format-standard","5":"has-post-thumbnail","7":"category-zinas-no-arvalstim","8":"tag-aktualitates","9":"tag-arvalstim","10":"tag-asv","11":"tag-breaking-news","12":"tag-breakingnews","13":"tag-donalds-tramps","14":"tag-featured-news","15":"tag-featurednews","16":"tag-headlines","17":"tag-imigracijas-problemas","18":"tag-latest-news","19":"tag-latestnews","20":"tag-latvia","21":"tag-latvian","22":"tag-latviesu","23":"tag-latviesu-valoda","24":"tag-latviesuvaloda","25":"tag-latvija","26":"tag-lv","27":"tag-nelegala-migracija","28":"tag-news","29":"tag-popularakas-zinas","30":"tag-popularakaszinas","31":"tag-terorisms","32":"tag-top-stories","33":"tag-topstories","34":"tag-world","35":"tag-world-news","36":"tag-worldnews","37":"tag-zinas","38":"tag-zinas-no-arvalstim"},"share_on_mastodon":{"url":"https:\/\/pubeurope.com\/@lv\/115733366271926730","error":""},"_links":{"self":[{"href":"https:\/\/www.europesays.com\/lv\/wp-json\/wp\/v2\/posts\/77210","targetHints":{"allow":["GET"]}}],"collection":[{"href":"https:\/\/www.europesays.com\/lv\/wp-json\/wp\/v2\/posts"}],"about":[{"href":"https:\/\/www.europesays.com\/lv\/wp-json\/wp\/v2\/types\/post"}],"author":[{"embeddable":true,"href":"https:\/\/www.europesays.com\/lv\/wp-json\/wp\/v2\/users\/2"}],"replies":[{"embeddable":true,"href":"https:\/\/www.europesays.com\/lv\/wp-json\/wp\/v2\/comments?post=77210"}],"version-history":[{"count":0,"href":"https:\/\/www.europesays.com\/lv\/wp-json\/wp\/v2\/posts\/77210\/revisions"}],"wp:featuredmedia":[{"embeddable":true,"href":"https:\/\/www.europesays.com\/lv\/wp-json\/wp\/v2\/media\/77211"}],"wp:attachment":[{"href":"https:\/\/www.europesays.com\/lv\/wp-json\/wp\/v2\/media?parent=77210"}],"wp:term":[{"taxonomy":"category","embeddable":true,"href":"https:\/\/www.europesays.com\/lv\/wp-json\/wp\/v2\/categories?post=77210"},{"taxonomy":"post_tag","embeddable":true,"href":"https:\/\/www.europesays.com\/lv\/wp-json\/wp\/v2\/tags?post=77210"}],"curies":[{"name":"wp","href":"https:\/\/api.w.org\/{rel}","templated":true}]}}