{"id":77226,"date":"2025-12-17T06:08:11","date_gmt":"2025-12-17T06:08:11","guid":{"rendered":"https:\/\/www.europesays.com\/lv\/77226\/"},"modified":"2025-12-17T06:08:11","modified_gmt":"2025-12-17T06:08:11","slug":"foto-%e2%9f%a9-atverta-teologa-jura-rubena-jauna-gramata-uguns-pavedieni-par-muzigiem-jautajumiem-grutos-laikos","status":"publish","type":"post","link":"https:\/\/www.europesays.com\/lv\/77226\/","title":{"rendered":"FOTO \u27e9 Atv\u0113rta teologa Jura Rube\u0146a jaun\u0101 gr\u0101mata &#8220;Uguns pavedieni&#8221; par m\u016b\u017e\u012bgiem jaut\u0101jumiem gr\u016btos laikos"},"content":{"rendered":"<p>Ik pa br\u012bdim m\u016bsu uzman\u012bbu sasniedz atzi\u0146as, ka dz\u012bvojam sare\u017e\u0123\u012btos, polariz\u0113tos un izaicino\u0161os laikos, kuros atrast dz\u012bves (vai pat eksistences!) j\u0113gu var \u0161\u0137ist teju neiesp\u0113jami. \u0160aj\u0101 kontekst\u0101 teologa un gar\u012bgo prak\u0161u speci\u0101lista Jura Rube\u0146a jaun\u0101 gr\u0101mata &#8220;Uguns pavedieni&#8221;, kuru klaj\u0101 laidusi izdevniec\u012bba &#8220;Apg\u0101ds Zvaigzne ABC&#8221; var k\u013c\u016bt par noz\u012bm\u012bgu ce\u013cvedi, atkl\u0101jot paties\u012bbas par dzi\u013cas un autentiskas dz\u012bves dz\u012bvo\u0161anu, kas balst\u012btas v\u0113sturisku person\u012bbu pieredz\u0113, no kur\u0101m katra p\u0101rdz\u012bvojusi da\u017e\u0101dus v\u0113trainus laikmetus.<\/p>\n","protected":false},"excerpt":{"rendered":"Ik pa br\u012bdim m\u016bsu uzman\u012bbu sasniedz atzi\u0146as, ka dz\u012bvojam sare\u017e\u0123\u012btos, polariz\u0113tos un izaicino\u0161os laikos, kuros atrast dz\u012bves (vai&hellip;\n","protected":false},"author":2,"featured_media":77227,"comment_status":"","ping_status":"","sticky":false,"template":"","format":"standard","meta":{"footnotes":""},"categories":[12],"tags":[4158,23,28,29,32,33,19494,22,19492,30,31,35,39,38,36,37,34,40,20,26,27,19493,24,25,21],"class_list":{"0":"post-77226","1":"post","2":"type-post","3":"status-publish","4":"format-standard","5":"has-post-thumbnail","7":"category-latvija","8":"tag-zvaigzne-abc","9":"tag-aktualitates","10":"tag-breaking-news","11":"tag-breakingnews","12":"tag-featured-news","13":"tag-featurednews","14":"tag-garigie-meklejumi","15":"tag-headlines","16":"tag-juris-rubenis","17":"tag-latest-news","18":"tag-latestnews","19":"tag-latvia","20":"tag-latvian","21":"tag-latviesu","22":"tag-latviesu-valoda","23":"tag-latviesuvaloda","24":"tag-latvija","25":"tag-lv","26":"tag-news","27":"tag-popularakas-zinas","28":"tag-popularakaszinas","29":"tag-teologija","30":"tag-top-stories","31":"tag-topstories","32":"tag-zinas"},"share_on_mastodon":{"url":"https:\/\/pubeurope.com\/@lv\/115733417434859762","error":""},"_links":{"self":[{"href":"https:\/\/www.europesays.com\/lv\/wp-json\/wp\/v2\/posts\/77226","targetHints":{"allow":["GET"]}}],"collection":[{"href":"https:\/\/www.europesays.com\/lv\/wp-json\/wp\/v2\/posts"}],"about":[{"href":"https:\/\/www.europesays.com\/lv\/wp-json\/wp\/v2\/types\/post"}],"author":[{"embeddable":true,"href":"https:\/\/www.europesays.com\/lv\/wp-json\/wp\/v2\/users\/2"}],"replies":[{"embeddable":true,"href":"https:\/\/www.europesays.com\/lv\/wp-json\/wp\/v2\/comments?post=77226"}],"version-history":[{"count":0,"href":"https:\/\/www.europesays.com\/lv\/wp-json\/wp\/v2\/posts\/77226\/revisions"}],"wp:featuredmedia":[{"embeddable":true,"href":"https:\/\/www.europesays.com\/lv\/wp-json\/wp\/v2\/media\/77227"}],"wp:attachment":[{"href":"https:\/\/www.europesays.com\/lv\/wp-json\/wp\/v2\/media?parent=77226"}],"wp:term":[{"taxonomy":"category","embeddable":true,"href":"https:\/\/www.europesays.com\/lv\/wp-json\/wp\/v2\/categories?post=77226"},{"taxonomy":"post_tag","embeddable":true,"href":"https:\/\/www.europesays.com\/lv\/wp-json\/wp\/v2\/tags?post=77226"}],"curies":[{"name":"wp","href":"https:\/\/api.w.org\/{rel}","templated":true}]}}