{"id":77287,"date":"2025-12-17T07:16:10","date_gmt":"2025-12-17T07:16:10","guid":{"rendered":"https:\/\/www.europesays.com\/lv\/77287\/"},"modified":"2025-12-17T07:16:10","modified_gmt":"2025-12-17T07:16:10","slug":"latviesu-estrades-karaliene-margarita-vilcane-svin-85-jubileju-lente-lv","status":"publish","type":"post","link":"https:\/\/www.europesays.com\/lv\/77287\/","title":{"rendered":"Latvie\u0161u estr\u0101des karaliene Margarita Vilc\u0101ne svin 85. jubileju\u00a0\u2014\u00a0Lente.lv"},"content":{"rendered":"<p>M\u016b\u017ea jubil\u0101re \u2013 latvie\u0161u estr\u0101des karaliene Margarita Vilc\u0101ne<\/p>\n<p>\u0160odien, 16. decembr\u012b, Latvijas estr\u0101des zelta laikmeta d\u012bva, le\u0123end\u0101r\u0101 dzied\u0101t\u0101ja Margarita Vilc\u0101ne svin savu 85. dzim\u0161anas dienu. Vi\u0146as unik\u0101l\u0101 balss un karalisk\u0101 skatuves kl\u0101tb\u016btne daudzas paaudzes ir lutin\u0101jusi ar neatk\u0101rtojamiem muzik\u0101liem baud\u012bjumiem, padarot vi\u0146u par patiesu ikonu Latvijas kult\u016bras ainav\u0101. <\/p>\n<p>Muzik\u0101lais ce\u013c\u0161 un spo\u017e\u0101k\u0101s virsotnes<\/p>\n<p>Margaritas Vilc\u0101nes muzik\u0101lais ce\u013c\u0161 s\u0101k\u0101s jau pag\u0101ju\u0161\u0101 gadsimta 50. gados, bet vi\u0146as talants uzplauka piln\u012bb\u0101 60. un 70. gados, \u012bpa\u0161i sadarb\u012bb\u0101 ar maestro Raimondu Paulu un R\u012bgas estr\u0101des or\u0137estri (REO). \u0160aj\u0101 zelta laikmet\u0101 dzied\u0101t\u0101ja iekarojusi neskait\u0101mas sirdis ar t\u0101d\u0101m dziesm\u0101m k\u0101 &#8220;Balt\u0101 saule&#8221;, kas 1970. gad\u0101 ieguva 1. vietu Mikrofona aptauj\u0101, un &#8220;Teic, kur zeme t\u0101&#8221;, kas to pa\u0161u aptauju uzvar\u0113ja 1971. gad\u0101 kop\u0101 ar Noru Bumbieri, Oj\u0101ru Gr\u012bnbergu un Viktoru Lap\u010denoku. Vi\u0146as sp\u0113ja izpild\u012bt gan jutekliski emocion\u0101las bal\u0101des, gan ener\u0123isk\u0101kus ska\u0146darbus, apliecin\u0101ja ne tikai vi\u0146as izcilo vok\u0101lo meistar\u012bbu, bet ar\u012b dzi\u013co muzik\u0101lo inteli\u0123enci un daudzpus\u012bbu.<\/p>\n<p>Vilc\u0101nes karjera ir cie\u0161i saist\u012bta ar\u012b ar popul\u0101ro duetu ar dzied\u0101t\u0101ju Oj\u0101ru Gr\u012bnbergu, ar kuru kop\u0101 rad\u012bti daudzi m\u012bl\u0113ti ska\u0146darbi, tostarp &#8220;Lapas dzeltens&#8221; (ori\u0123. &#8220;\u041b\u0438\u0441\u0442\u044c\u044f \u0436\u0435\u043b\u0442\u044b\u0435&#8221;), kas ieguva pla\u0161u popularit\u0101ti vis\u0101 Padomju Savien\u012bb\u0101. Vi\u0146as izpild\u012bt\u0101s dziesmas, piem\u0113ram, &#8220;T\u0101ls Par\u012bzes radio&#8221; un &#8220;Kad gulbji kliedz&#8221;, joproj\u0101m skan radio \u0113ter\u0101 un atg\u0101dina par laikmeta elpu.<\/p>\n<p>Atzin\u012bba un ieguld\u012bjums Latvijas kult\u016br\u0101<\/p>\n<p>Par savu ieguld\u012bjumu Latvijas m\u016bzikas att\u012bst\u012bb\u0101 Margarita Vilc\u0101ne sa\u0146\u0113musi virkni apbalvojumu, tai skait\u0101 Latvijas PSR Nopelniem bag\u0101t\u0101s skatuves m\u0101kslinieces goda nosaukumu 1977. gad\u0101. Vi\u0146a ir ar\u012b god\u0101ta ar Latvijas M\u016bzikas ierakstu gada balvu par m\u016b\u017ea ieguld\u012bjumu 2006. gad\u0101 un Triju Zvaig\u017e\u0146u orde\u0146a virsnieces godu. Vi\u0146as devums kult\u016brai nav aprobe\u017eojies tikai ar dzied\u0101\u0161anu; dzied\u0101t\u0101ja ir bijusi ar\u012b da\u017e\u0101du muzik\u0101lu projektu un pas\u0101kumu atbalst\u012bt\u0101ja, akt\u012bvi veicinot latvie\u0161u m\u016bzikas populariz\u0113\u0161anu.<\/p>\n<p>Savas karjeras laik\u0101 Margarita Vilc\u0101ne sevi ir apliecin\u0101jusi ne tikai k\u0101 talant\u012bga dzied\u0101t\u0101ja, bet ar\u012b k\u0101 izcila skatuves person\u012bba, kura vienm\u0113r r\u016bp\u0113jusies par savu t\u0113lu. Vi\u0146as skaist\u0101kie skatuves t\u0113rpi ir biju\u0161i apskat\u0101mi patst\u0101v\u012bg\u0101 izst\u0101d\u0113, apliecinot vi\u0146as gaumi un rado\u0161o sadarb\u012bbu ar m\u0101ksliniekiem, piem\u0113ram, \u0100riju Punenovu.<\/p>\n<p>Dz\u012bves l\u012bklo\u010di un nesatricin\u0101m\u0101 dv\u0113sele<\/p>\n<p>Dz\u012bves ce\u013c\u0161 Margaritai Vilc\u0101nei nav bijis vienm\u0113r ro\u017eu kais\u012bts. Vi\u0146a ir piedz\u012bvojusi gan karjeras uzplaukumu, gan ar\u012b negaid\u012btus pagriezienus, piem\u0113ram, p\u0113c Latvijas neatkar\u012bbas atg\u016b\u0161anas, kad da\u013ca agr\u0101k\u0101s sist\u0113mas sabruka, ietekm\u0113jot daudzu m\u0101kslinieku darb\u012bbas iesp\u0113jas. Lai ar\u012b piedz\u012bvojusi gr\u016bt\u012bbas, Margarita Vilc\u0101ne vienm\u0113r ir demonstr\u0113jusi iek\u0161\u0113ju sp\u0113ku un sp\u0113ju nepadoties r\u016bgtumam.<\/p>\n<p>\u0160obr\u012bd dzied\u0101t\u0101ja dz\u012bvo Upesgr\u012bv\u0101, kur vi\u0146as d\u0113ls, komponists Andris Vilc\u0101ns, kur\u0161 dz\u012bvo ASV, par\u016bp\u0113jies par sv\u0113tku atmosf\u0113ru. Vi\u0146a ir pateic\u012bga par katru sa\u0146emto sveicienu un atz\u012bst, ka draugu pulks laika gait\u0101 sarucis, ta\u010du vi\u0146a joproj\u0101m alkst p\u0113c dz\u012bves un priec\u0101jas par katru saull\u0113ktu. &#8220;Lai man Dievi\u0146\u0161 v\u0113l k\u0101du laiku atv\u0113l uz \u0161\u012bs zemes,&#8221; vi\u0146a saka, nov\u0113rt\u0113jot katru mirkli.<\/p>\n<p>Margaritas Vilc\u0101nes 85. jubileja ir ne tikai atskats uz izcil\u0101s m\u0101kslinieces karjeru, bet ar\u012b apliecin\u0101jums vi\u0146as m\u016b\u017eza\u013cajai dv\u0113selei un sp\u0113jai iedvesmot caur savu dai\u013cradi un dz\u012bvesprieku. Vi\u0146as dziesmas un piemi\u0146a dz\u012bvos latvie\u0161u sird\u012bs v\u0113l ilgi.<\/p>\n","protected":false},"excerpt":{"rendered":"M\u016b\u017ea jubil\u0101re \u2013 latvie\u0161u estr\u0101des karaliene Margarita Vilc\u0101ne \u0160odien, 16. decembr\u012b, Latvijas estr\u0101des zelta laikmeta d\u012bva, le\u0123end\u0101r\u0101 dzied\u0101t\u0101ja&hellip;\n","protected":false},"author":2,"featured_media":77288,"comment_status":"","ping_status":"","sticky":false,"template":"","format":"standard","meta":{"footnotes":""},"categories":[19],"tags":[89,90,2916,35,39,38,6175,19507,36,37,34,40,19284,19508],"class_list":{"0":"post-77287","1":"post","2":"type-post","3":"status-publish","4":"format-standard","5":"has-post-thumbnail","7":"category-izklaide","8":"tag-entertainment","9":"tag-izklaide","10":"tag-jubileja","11":"tag-latvia","12":"tag-latvian","13":"tag-latviesu","14":"tag-latviesu-dziedataja","15":"tag-latviesu-estrades-muzika","16":"tag-latviesu-valoda","17":"tag-latviesuvaloda","18":"tag-latvija","19":"tag-lv","20":"tag-margarita-vilcane","21":"tag-muzikas-legenda"},"share_on_mastodon":{"url":"https:\/\/pubeurope.com\/@lv\/115733684779619560","error":""},"_links":{"self":[{"href":"https:\/\/www.europesays.com\/lv\/wp-json\/wp\/v2\/posts\/77287","targetHints":{"allow":["GET"]}}],"collection":[{"href":"https:\/\/www.europesays.com\/lv\/wp-json\/wp\/v2\/posts"}],"about":[{"href":"https:\/\/www.europesays.com\/lv\/wp-json\/wp\/v2\/types\/post"}],"author":[{"embeddable":true,"href":"https:\/\/www.europesays.com\/lv\/wp-json\/wp\/v2\/users\/2"}],"replies":[{"embeddable":true,"href":"https:\/\/www.europesays.com\/lv\/wp-json\/wp\/v2\/comments?post=77287"}],"version-history":[{"count":0,"href":"https:\/\/www.europesays.com\/lv\/wp-json\/wp\/v2\/posts\/77287\/revisions"}],"wp:featuredmedia":[{"embeddable":true,"href":"https:\/\/www.europesays.com\/lv\/wp-json\/wp\/v2\/media\/77288"}],"wp:attachment":[{"href":"https:\/\/www.europesays.com\/lv\/wp-json\/wp\/v2\/media?parent=77287"}],"wp:term":[{"taxonomy":"category","embeddable":true,"href":"https:\/\/www.europesays.com\/lv\/wp-json\/wp\/v2\/categories?post=77287"},{"taxonomy":"post_tag","embeddable":true,"href":"https:\/\/www.europesays.com\/lv\/wp-json\/wp\/v2\/tags?post=77287"}],"curies":[{"name":"wp","href":"https:\/\/api.w.org\/{rel}","templated":true}]}}