{"id":77406,"date":"2025-12-17T08:55:09","date_gmt":"2025-12-17T08:55:09","guid":{"rendered":"https:\/\/www.europesays.com\/lv\/77406\/"},"modified":"2025-12-17T08:55:09","modified_gmt":"2025-12-17T08:55:09","slug":"lideri-steidzami-lemj-par-ukrainas-finansejumu-sarunas-par-krievijas-aktiviem-klust-sarezgitakas-lente-lv","status":"publish","type":"post","link":"https:\/\/www.europesays.com\/lv\/77406\/","title":{"rendered":"L\u012bderi steidzami lemj par Ukrainas finans\u0113jumu, sarunas par Krievijas akt\u012bviem k\u013c\u016bst sare\u017e\u0123\u012bt\u0101kas\u00a0\u2014\u00a0Lente.lv"},"content":{"rendered":"<p>ES l\u012bderi steidzami lemj par Ukrainas finansi\u0101lo atbalstu<\/p>\n<p>Eiropas Savien\u012bbai \u0161oned\u0113\u013c gaid\u0101maj\u0101 samit\u0101 ir j\u0101sper sp\u0113r\u012bgi so\u013ci, lai nodro\u0161in\u0101tu turpm\u0101ku finansi\u0101lo pal\u012bdz\u012bbu Ukrainai. K\u0101 zi\u0146o av\u012bze Diena, ES augst\u0101k\u0101 p\u0101rst\u0101ve \u0101rliet\u0101s un dro\u0161\u012bbas politik\u0101 Kaja Kallasa uzsv\u0113rusi, ka l\u0113mumu pie\u0146em\u0161ana ir kritiski svar\u012bga, un piebildusi, ka sarunas par iesald\u0113to Krievijas l\u012bdzek\u013cu izmanto\u0161anu k\u013c\u016bst aizvien sare\u017e\u0123\u012bt\u0101kas. &#8220;M\u0113s nepamet\u012bsim san\u0101ksmi, pirms neb\u016bsim pan\u0101ku\u0161i rezult\u0101tu,&#8221; vi\u0146a nor\u0101d\u012bja, pau\u017eot ap\u0146\u0113m\u012bbu pan\u0101kt vieno\u0161anos. <\/p>\n<p>Finansi\u0101l\u0101s pal\u012bdz\u012bbas meh\u0101nismi un iebildumi<\/p>\n<p>Viena no galvenaj\u0101m apspriestaj\u0101m iesp\u0113j\u0101m ir t\u0101 d\u0113v\u0113tais &#8220;repar\u0101ciju aizdevuma&#8221; instruments, kas paredz\u0113tu Ukrainai pie\u0161\u0137irt l\u012bdz pat 90 miljardiem eiro no iesald\u0113tajiem Krievijas Centr\u0101l\u0101s bankas l\u012bdzek\u013ciem. \u0160is pl\u0101ns, ko atbalsta virkne dal\u012bbvalstu, tiek uzskat\u012bts par efekt\u012bv\u0101ko veidu, k\u0101 pal\u012bdz\u0113t Ukrainai nov\u0113rst bud\u017eeta defic\u012btu, \u012bpa\u0161i \u0146emot v\u0113r\u0101 nepilnus \u010detrus gadus ilgu\u0161o karu. Tom\u0113r \u0161is priek\u0161likums saskaras ar nopietniem iebildumiem. Be\u013c\u0123ija, kur\u0101 atrodas finan\u0161u iest\u0101de &#8220;Euroclear&#8221;, kas glab\u0101 liel\u0101ko da\u013cu no iesald\u0113tajiem Krievijas akt\u012bviem (aptuveni 210 miljardu eiro v\u0113rt\u012bb\u0101), pau\u017e ba\u017eas par iesp\u0113jam\u0101m juridisk\u0101m un finansi\u0101l\u0101m sek\u0101m, ko var\u0113tu rad\u012bt \u0161\u0101ds solis. Ba\u017eas past\u0101v ar\u012b par iesp\u0113jam\u0101m Krievijas juridiskaj\u0101m represij\u0101m. <\/p>\n<p>Alternat\u012bvas un starptautisk\u0101 solidarit\u0101te<\/p>\n<p>Iebildumu vid\u016b ir pievienoju\u0161\u0101s ar\u012b It\u0101lija, Bulg\u0101rija, Malta un \u010cehija, aicinot mekl\u0113t &#8220;alternat\u012bvus risin\u0101jumus&#8221; ar maz\u0101kiem riskiem. Lai gan Eiropas Komisija ir centusies mazin\u0101t Be\u013c\u0123ijas ba\u017eas, pied\u0101v\u0101jot garantijas un aizsardz\u012bbas meh\u0101nismus, iebildumi saglab\u0101jas. Krievijas Centr\u0101l\u0101 banka jau ir s\u0101kusi tiesved\u012bbu pret &#8220;Euroclear&#8221;, kas v\u0113l vair\u0101k sare\u017e\u0123\u012b situ\u0101ciju. <\/p>\n<p>Neskatoties uz sare\u017e\u0123\u012bjumiem, ES l\u012bderi ir ap\u0146\u0113m\u012bbas pilni pan\u0101kt rezult\u0101tu. Papildus finansi\u0101lajam atbalstam, ES ir pie\u0161\u0137\u012brusi ar\u012b vienu miljonu eiro Starptautisk\u0101s kompens\u0101cijas komisijas izveidei Ukrain\u0101, lai risin\u0101tu kara rad\u012btos zaud\u0113jumus. Latvija, savuk\u0101rt, akt\u012bvi iest\u0101jas par Krievijas iesald\u0113to l\u012bdzek\u013cu izmanto\u0161anu Ukrainas atbalstam, uzsverot nepiecie\u0161am\u012bbu p\u0113c prognoz\u0113jama un stabila finans\u0113juma. <\/p>\n<p>Cer\u012bba uz stabilu n\u0101kotni<\/p>\n<p>\u0160oned\u0113\u013c gaid\u0101mais ES samits ir iz\u0161\u0137iro\u0161s br\u012bdis, lai nodro\u0161in\u0101tu Ukrainas finansi\u0101lo stabilit\u0101ti un pal\u012bdz\u0113tu tai p\u0101rvar\u0113t kara rad\u012btos post\u012bjumus. L\u0113mumi, kas tiks pie\u0146emti, ne tikai ietekm\u0113s Ukrainas n\u0101kotni, bet ar\u012b apliecin\u0101s Eiropas Savien\u012bbas sp\u0113ju r\u012bkoties vienoti un izl\u0113m\u012bgi kr\u012bzes situ\u0101cij\u0101s. Ir cer\u012bba, ka kop\u012bgs un sp\u0113c\u012bgs finansi\u0101lais atbalsts dos Ukrainai nepiecie\u0161amo pamatu, lai atjaunotu savu infrastrukt\u016bru un virz\u012btos uz dro\u0161\u0101ku n\u0101kotni. <\/p>\n","protected":false},"excerpt":{"rendered":"ES l\u012bderi steidzami lemj par Ukrainas finansi\u0101lo atbalstu Eiropas Savien\u012bbai \u0161oned\u0113\u013c gaid\u0101maj\u0101 samit\u0101 ir j\u0101sper sp\u0113r\u012bgi so\u013ci, lai&hellip;\n","protected":false},"author":2,"featured_media":77407,"comment_status":"","ping_status":"","sticky":false,"template":"","format":"standard","meta":{"footnotes":""},"categories":[14],"tags":[23,57,28,29,19524,19523,32,33,19525,22,12744,11185,30,31,35,39,38,36,37,34,40,20,26,27,24,25,54,55,56,21,58],"class_list":{"0":"post-77406","1":"post","2":"type-post","3":"status-publish","4":"format-standard","5":"has-post-thumbnail","7":"category-zinas-no-arvalstim","8":"tag-aktualitates","9":"tag-arvalstim","10":"tag-breaking-news","11":"tag-breakingnews","12":"tag-eiropas-savienibas-samits","13":"tag-es-finansejums-ukrainai","14":"tag-featured-news","15":"tag-featurednews","16":"tag-finansialais-atbalsts-ukrainai","17":"tag-headlines","18":"tag-kaja-kallas","19":"tag-krievijas-iesaldetie-aktivi","20":"tag-latest-news","21":"tag-latestnews","22":"tag-latvia","23":"tag-latvian","24":"tag-latviesu","25":"tag-latviesu-valoda","26":"tag-latviesuvaloda","27":"tag-latvija","28":"tag-lv","29":"tag-news","30":"tag-popularakas-zinas","31":"tag-popularakaszinas","32":"tag-top-stories","33":"tag-topstories","34":"tag-world","35":"tag-world-news","36":"tag-worldnews","37":"tag-zinas","38":"tag-zinas-no-arvalstim"},"share_on_mastodon":{"url":"","error":"Validation failed: Text character limit of 500 exceeded"},"_links":{"self":[{"href":"https:\/\/www.europesays.com\/lv\/wp-json\/wp\/v2\/posts\/77406","targetHints":{"allow":["GET"]}}],"collection":[{"href":"https:\/\/www.europesays.com\/lv\/wp-json\/wp\/v2\/posts"}],"about":[{"href":"https:\/\/www.europesays.com\/lv\/wp-json\/wp\/v2\/types\/post"}],"author":[{"embeddable":true,"href":"https:\/\/www.europesays.com\/lv\/wp-json\/wp\/v2\/users\/2"}],"replies":[{"embeddable":true,"href":"https:\/\/www.europesays.com\/lv\/wp-json\/wp\/v2\/comments?post=77406"}],"version-history":[{"count":0,"href":"https:\/\/www.europesays.com\/lv\/wp-json\/wp\/v2\/posts\/77406\/revisions"}],"wp:featuredmedia":[{"embeddable":true,"href":"https:\/\/www.europesays.com\/lv\/wp-json\/wp\/v2\/media\/77407"}],"wp:attachment":[{"href":"https:\/\/www.europesays.com\/lv\/wp-json\/wp\/v2\/media?parent=77406"}],"wp:term":[{"taxonomy":"category","embeddable":true,"href":"https:\/\/www.europesays.com\/lv\/wp-json\/wp\/v2\/categories?post=77406"},{"taxonomy":"post_tag","embeddable":true,"href":"https:\/\/www.europesays.com\/lv\/wp-json\/wp\/v2\/tags?post=77406"}],"curies":[{"name":"wp","href":"https:\/\/api.w.org\/{rel}","templated":true}]}}