{"id":77502,"date":"2025-12-17T10:21:09","date_gmt":"2025-12-17T10:21:09","guid":{"rendered":"https:\/\/www.europesays.com\/lv\/77502\/"},"modified":"2025-12-17T10:21:09","modified_gmt":"2025-12-17T10:21:09","slug":"neuzveikts-tris-diviziju-absolutais-cempions-nosledzas-legendara-boksera-karjera","status":"publish","type":"post","link":"https:\/\/www.europesays.com\/lv\/77502\/","title":{"rendered":"Neuzveikts tr\u012bs div\u012bziju absol\u016btais \u010dempions: nosl\u0113dzas le\u0123end\u0101ra boksera karjera"},"content":{"rendered":"<p>38 gadus vecais Krofords septembr\u012b k\u013cuva par v\u0113stur\u0113 pirmo bokseri, kur\u0161 savas karjeras laik\u0101 k\u013cuvis par absol\u016bto \u010dempionu tr\u012bs svara kategorij\u0101s.<\/p>\n<p>Otr\u0101 vid\u0113j\u0101 svara kategorijas titulc\u012b\u0146\u0101 Krofords aizvad\u012bja 12 raundu c\u012b\u0146u ar slaveno meksik\u0101ni Saulu Kanelo Alvaresu, tiesne\u0161iem p\u0113c punktiem pie\u0161\u0137irot uzvaru amerik\u0101nim.<\/p>\n<p>ASV bokseris ieguva pirms tam Alvaresam pieder\u0113ju\u0161\u0101s \u010dempiona jostas Pasaules Boksa padomes (WBC), Pasaules Boksa asoci\u0101cijas (WBA), Starptautisk\u0101s Boksa feder\u0101cijas (IBF) un Pasaules Boksa organiz\u0101cijas (WBO) versij\u0101s, k\u0101 ar\u012b &#8220;The Ring&#8221; \u010dempiona jostu.<\/p>\n<p>Pirms tam karjer\u0101 Krofords bija k\u013cuvis par absol\u016bto \u010dempionu div\u0101s zem\u0101k eso\u0161aj\u0101s kategorij\u0101s &#8211; pusvid\u0113j\u0101 svar\u0101 un pirmaj\u0101 pusvid\u0113j\u0101 svar\u0101.<\/p>\n<p>&#8220;Katrs bokseris zina, ka \u0161is br\u012bdis pien\u0101ks. Tikai nezina, kad tie\u0161i,&#8221; par aizie\u0161anu no profesion\u0101l\u0101 sporta sac\u012bja Krofords. &#8220;\u0160is sports man devis visu. C\u012bn\u012bjos par savu \u0123imeni, par savu pils\u0113tu. C\u012bn\u012bjos par puiku, k\u0101ds reiz biju, kuram bija tikai sap\u0146i un boksa cimdu p\u0101ris. Un es nog\u0101ju visu ce\u013cu l\u012bdz galam.&#8221;<\/p>\n<p>Krofords profesion\u0101laj\u0101 boks\u0101 debit\u0113ja 2008. gad\u0101 un kop\u0161 t\u0101 laika uzvar\u0113ja vis\u0101s 42 c\u012b\u0146\u0101s, 31 no t\u0101m nosl\u0113dzot ar nokautu.<\/p>\n<p>&#8220;Esmu samierin\u0101jies ar to, kas b\u016bs,&#8221; piebilda izcilais bokseris. &#8220;Ir pien\u0101cis laiks.&#8221;<\/p>\n","protected":false},"excerpt":{"rendered":"38 gadus vecais Krofords septembr\u012b k\u013cuva par v\u0113stur\u0113 pirmo bokseri, kur\u0161 savas karjeras laik\u0101 k\u013cuvis par absol\u016bto \u010dempionu&hellip;\n","protected":false},"author":2,"featured_media":77503,"comment_status":"","ping_status":"","sticky":false,"template":"","format":"standard","meta":{"footnotes":""},"categories":[17],"tags":[2153,2235,35,39,38,36,37,34,40,67],"class_list":{"0":"post-77502","1":"post","2":"type-post","3":"status-publish","4":"format-standard","5":"has-post-thumbnail","7":"category-sports","8":"tag-bokss","9":"tag-cinas-sports","10":"tag-latvia","11":"tag-latvian","12":"tag-latviesu","13":"tag-latviesu-valoda","14":"tag-latviesuvaloda","15":"tag-latvija","16":"tag-lv","17":"tag-sports"},"share_on_mastodon":{"url":"https:\/\/pubeurope.com\/@lv\/115734412280569833","error":""},"_links":{"self":[{"href":"https:\/\/www.europesays.com\/lv\/wp-json\/wp\/v2\/posts\/77502","targetHints":{"allow":["GET"]}}],"collection":[{"href":"https:\/\/www.europesays.com\/lv\/wp-json\/wp\/v2\/posts"}],"about":[{"href":"https:\/\/www.europesays.com\/lv\/wp-json\/wp\/v2\/types\/post"}],"author":[{"embeddable":true,"href":"https:\/\/www.europesays.com\/lv\/wp-json\/wp\/v2\/users\/2"}],"replies":[{"embeddable":true,"href":"https:\/\/www.europesays.com\/lv\/wp-json\/wp\/v2\/comments?post=77502"}],"version-history":[{"count":0,"href":"https:\/\/www.europesays.com\/lv\/wp-json\/wp\/v2\/posts\/77502\/revisions"}],"wp:featuredmedia":[{"embeddable":true,"href":"https:\/\/www.europesays.com\/lv\/wp-json\/wp\/v2\/media\/77503"}],"wp:attachment":[{"href":"https:\/\/www.europesays.com\/lv\/wp-json\/wp\/v2\/media?parent=77502"}],"wp:term":[{"taxonomy":"category","embeddable":true,"href":"https:\/\/www.europesays.com\/lv\/wp-json\/wp\/v2\/categories?post=77502"},{"taxonomy":"post_tag","embeddable":true,"href":"https:\/\/www.europesays.com\/lv\/wp-json\/wp\/v2\/tags?post=77502"}],"curies":[{"name":"wp","href":"https:\/\/api.w.org\/{rel}","templated":true}]}}