{"id":77539,"date":"2025-12-17T10:48:17","date_gmt":"2025-12-17T10:48:17","guid":{"rendered":"https:\/\/www.europesays.com\/lv\/77539\/"},"modified":"2025-12-17T10:48:17","modified_gmt":"2025-12-17T10:48:17","slug":"komisija-atbalsta-sauliti-seplp-locekla-amata","status":"publish","type":"post","link":"https:\/\/www.europesays.com\/lv\/77539\/","title":{"rendered":"Komisija atbalsta Saul\u012bti SEPLP locek\u013ca amat\u0101"},"content":{"rendered":"<p><a rel=\"noopener nofollow\" target=\"_blank\" href=\"https:\/\/www.delfi.lv\/temas\/38952207\/saeima\" tag-id=\"38952207\">Saeimas<\/a> Cilv\u0113kties\u012bbu un sabiedrisko lietu komisija tre\u0161dien atbalst\u012bja soci\u0101lo zin\u0101t\u0146u p\u0113tnieka Andra Saul\u012b\u0161a virz\u012b\u0161anu Sabiedrisko elektronisko pla\u0161sazi\u0146as l\u012bdzek\u013cu padomes (SEPLP) locek\u013ca amat\u0101.<\/p>\n<p>Saul\u012b\u0161a kandidat\u016bru atbalst\u012bja deput\u0101ti J\u0101nis Zari\u0146\u0161 (JV), Anna Ranc\u0101ne (JV), <a rel=\"noopener nofollow\" target=\"_blank\" href=\"https:\/\/www.delfi.lv\/temas\/40409827\/augusts-brigmanis\" tag-id=\"40409827\">Augusts Brigmanis<\/a> (ZZS), Leila Rasima (P), <a rel=\"noopener nofollow\" target=\"_blank\" href=\"https:\/\/www.delfi.lv\/temas\/50363565\/janis-grasbergs\" tag-id=\"50363565\">J\u0101nis Grasbergs<\/a> (NA) un Didzis Zemmers (ZZS). Savuk\u0101rt pret bija <a rel=\"noopener nofollow\" target=\"_blank\" href=\"https:\/\/www.delfi.lv\/temas\/40411527\/aleksandrs-kirsteins\" tag-id=\"40411527\">Aleksandrs Kir\u0161teins<\/a>, Jur\u0123is Kloti\u0146\u0161 (NA) un <a rel=\"noopener nofollow\" target=\"_blank\" href=\"https:\/\/www.delfi.lv\/temas\/53196299\/maija-armaneva\" tag-id=\"53196299\">Maija Arma\u0146eva<\/a> (LPV). Nebalsoja &#8220;Stabilit\u0101tei&#8221; deput\u0101ts I\u013cja Ivanovs.<\/p>\n<p>Saul\u012btis komisijas deput\u0101tiem pie sav\u0101m priorit\u0101t\u0113m nosauca m\u0101ksl\u012bgo intelektu un t\u0101 darb\u012bbu satura veido\u0161an\u0101 sabiedriskaj\u0101 medij\u0101, k\u0101 ar\u012b adapt\u0101ciju lietot\u0101ju jaunaj\u0101m satura pat\u0113ri\u0146a praks\u0113m. Avots \u0161iem m\u0101ksl\u012bg\u0101 intelekta mode\u013ciem gan sabiedrisko mediju veidotajiem, gan jebkuriem, kas var\u0113tu tapt, ir kvalitat\u012bva, objekt\u012bva un daudzveid\u012bga \u017eurn\u0101listika, kas ne tikai atspogu\u013co da\u017e\u0101dus sabiedr\u012bbas viedok\u013cus, bet tiek veidota redakcij\u0101s, kas ir daudzveid\u012bgas un nav segreg\u0113tas p\u0113c etnisk\u0101 principa, savu redz\u0113jumu kl\u0101st\u012bja Saul\u012btis.<\/p>\n<p>Vi\u0146\u0161 uzskata, ka b\u016btu nepiecie\u0161ams veikt ieguld\u012bjumus att\u012bst\u012bb\u0101 un p\u0113tniec\u012bb\u0101, lai sabiedriskais medijs b\u016btu eksportsp\u0113j\u012bgs uz\u0146\u0113mums liel\u0101k\u0101 m\u0113r\u0101 nek\u0101 tas ir \u0161obr\u012bd.<\/p>\n<p>Komisijas deput\u0101ti Saul\u012bti \u0161odienas s\u0113d\u0113 iztauj\u0101ja aptuveni stundu. Tostarp vair\u0101kas reizes tika piesaukta vi\u0146a l\u012bdz\u0161in\u0113j\u0101 p\u0113tnieka karjera. Saul\u012btis atzina, ka gad\u012bjum\u0101, ja vi\u0146\u0161 tiks iev\u0113l\u0113ts SEPLP, savu p\u0113tniecisko darb\u012bbu vi\u0146\u0161 iesp\u0113ju robe\u017e\u0101s saglab\u0101s.<\/p>\n<p>Saul\u012btim no deput\u0101tu puses izskan\u0113ja jaut\u0101jumi par da\u017e\u0101d\u0101m t\u0113m\u0101m. Piem\u0113ram, Kir\u0161teins vaic\u0101ja par to, vai medija neatkar\u012bbu neietekm\u0113 tas, ka Latvij\u0101 sabiedriskais medijs 100% apm\u0113r\u0101 tiek finans\u0113ts no valsts. Deput\u0101ts uzskata, ka \u0161\u0101ds finans\u0113\u0161anas modelis ir postkomunistisks. Tom\u0113r Saul\u012btis tam nepiekrita. Vi\u0146\u0161, atsaucoties ar\u012b uz &#8220;Eurostat&#8221; datiem, nor\u0101d\u012bja, ka uztic\u0113\u0161an\u0101s l\u012bmenis t\u0101 d\u0113v\u0113taj\u0101s postkomunistiskaj\u0101s valst\u012bs sabiedriskajiem medijiem nav zem\u0101ks k\u0101 rietumu valst\u012bs.<\/p>\n<p>Saul\u012btis ar\u012b nedom\u0101, ka valstij nevajadz\u0113tu sabiedriskaj\u0101 medij\u0101 piedal\u012bties ar maz\u0101k nek\u0101 50% finans\u0113jumu. &#8220;Tas, kas ir nepiecie\u0161ams, ir skaidrs meh\u0101nisms, k\u0101 \u0161is finans\u0113jums veidojas,&#8221; dom\u0101 Saul\u012btis.<\/p>\n<p>Savuk\u0101rt deput\u0101ts Kloti\u0146\u0161 uzskat\u012bja, ka SEPLP amata kandid\u0101tam svar\u012bgi ir atbild\u0113t uz jaut\u0101jumiem par to, kas ir dzimums un \u0123imene. Tom\u0113r Saul\u012btis nor\u0101d\u012bja, ka uz SEPLP nedodas ar k\u0101du savu ideolo\u0123iju, bet dodas ar sav\u0101m zin\u0101\u0161an\u0101m, t\u0101p\u0113c neuzskata, ka \u0161\u0101di jaut\u0101jumi uz to attiektos.<\/p>\n<p>Pl\u0101nots, ka Saeima par Saul\u012b\u0161a kandidat\u016bru lems \u0161\u0101 gada p\u0113d\u0113j\u0101 s\u0113d\u0113 ceturtdien, 18. decembr\u012b.<\/p>\n<p>Ja Saeima ceturtdien apstiprin\u0101s Saul\u012b\u0161a kandidat\u016bru, vi\u0146\u0161 darbu SEPLP s\u0101ks 2. febru\u0101r\u012b. Tas saist\u012bts ar to, ka tad kad Saul\u012btim tika pazi\u0146ots, ka vi\u0146\u0161 nav uzvar\u0113jis otraj\u0101 Nevalstisko organiz\u0101ciju (<a rel=\"noopener nofollow\" target=\"_blank\" href=\"https:\/\/www.delfi.lv\/temas\/44427638\/nvo\" tag-id=\"44427638\">NVO<\/a>) un Ministru kabineta (MK) sadarb\u012bbas memoranda padomes (Memoranda padomes) organiz\u0113taj\u0101 konkurs\u0101, vi\u0146\u0161 pieteic\u0101s SEPLP atkl\u0101taj\u0101 iepirkum\u0101 par p\u0113t\u012bjuma veik\u0161anu, un \u0161aj\u0101 iepirkum\u0101 uzvar\u0113ja. T\u0101d\u0113j\u0101di Saul\u012btis \u0161obr\u012bd ir SEPLP pakalpojuma nodro\u0161in\u0101t\u0101js.<\/p>\n<p>LETA jau v\u0113st\u012bja, ka Saeima \u0161ogad ir noraid\u012bjusi divus Memoranda padomes virz\u012btus kandid\u0101tus SEPLP locek\u013ca amatam. Vispirms tika izbr\u0101\u0137\u0113ts biju\u0161ais Latvijas Telev\u012bzijas vad\u012bt\u0101js Ivars Belte, bet 13. novembr\u012b \u2013 ar\u012b biju\u0161ais SEPLP un Latvijas Radio vad\u012bt\u0101js <a rel=\"noopener nofollow\" target=\"_blank\" href=\"https:\/\/www.delfi.lv\/temas\/42057444\/janis-siksnis\" tag-id=\"42057444\">J\u0101nis Siksnis<\/a>.<\/p>\n<p>P\u0113c jau otr\u0101 kandid\u0101ta noraid\u012b\u0161anas padomes vad\u012bt\u0101ja vietnieks Georgs Rubenis atzina, ka padome j\u016btas iedz\u012bta strupce\u013c\u0101.<\/p>\n<p>Savuk\u0101rt Latvijas Mediju \u0113tikas padome pazi\u0146oja, ka, izv\u0113rt\u0113jot SEPLP locek\u013ca atlases proced\u016bras gaitu, t\u0101 neredz iesp\u0113ju turpin\u0101t darbu Memoranda padomes virz\u012bta SEPLP kandid\u0101ta atlas\u0113.<\/p>\n<p>\u0112tikas padome uzskata, ka b\u016btu lietder\u012bgi atcelt normu, kas paredz, ka Memoranda padomes virz\u012bto kandid\u0101tu apstiprina Saeima, t\u0101 viet\u0101 dele\u0123\u0113jot kandid\u0101ta apstiprin\u0101\u0161anu Memoranda padomei vai citai instit\u016bcijai, kas maz\u0101k pak\u013cauta politiskai konjunkt\u016brai.<\/p>\n<p>L\u012bdz br\u012bdim, kad \u0161\u0101ds proced\u016bras tr\u016bkums b\u016bs nov\u0113rsts, \u0112tikas padomes p\u0101rst\u0101vji nepiedal\u012bsies turpm\u0101kaj\u0101 SEPLP locek\u013ca atlases proces\u0101, pazi\u0146oja padome.<\/p>\n<p>Aptuveni ned\u0113\u013cu v\u0113l\u0101k Memoranda padome \u0101rk\u0101rtas s\u0113d\u0113 8. decembr\u012b nol\u0113ma uz tre\u0161o SEPLP locek\u013ca amata vietu apstiprin\u0101\u0161anai Saeim\u0101 virz\u012bt Saul\u012bti.<\/p>\n<p>SEPLP sast\u0101v\u0101 ir tr\u012bs locek\u013ci, kurus apstiprina Saeima. Vienu locekli apstiprin\u0101\u0161anai izvirza Valsts prezidents, vienu \u2013 Memoranda padome, bet v\u0113l vienu \u2013 Saeima. SEPLP locekli var apstiprin\u0101t amat\u0101 ne vair\u0101k k\u0101 divas reizes p\u0113c k\u0101rtas.<\/p>\n<p>SEPLP ir neatkar\u012bga, pilnties\u012bga, autonoma instit\u016bcija, kas atbilsto\u0161i savai kompetencei p\u0101rst\u0101v sabiedr\u012bbas intereses sabiedrisko mediju jom\u0101.<\/p>\n<p class=\"m-0\">Seko &#8220;Delfi&#8221; ar\u012b  <a target=\"_blank\" href=\"https:\/\/www.instagram.com\/delfi.lv\/\" rel=\"nofollow noopener\">Instagram<\/a>  un <a target=\"_blank\" href=\"https:\/\/www.youtube.com\/channel\/UCw5foWtcJvAbUm64rv7jwUQ\" rel=\"nofollow noopener\">YouTube<\/a>  profil\u0101 \u2013 pievienojies, lai uzzin\u0101tu svar\u012bg\u0101ko un interesant\u0101ko pirmais!<\/p>\n<p>Publik\u0101cijas saturs vai t\u0101s jebk\u0101da apjoma da\u013ca ir aizsarg\u0101ts autorties\u012bbu objekts Autorties\u012bbu likuma izpratn\u0113, un t\u0101 izmanto\u0161ana bez izdev\u0113ja at\u013caujas ir aizliegta. Vair\u0101k lasi  <a target=\"_blank\" href=\"https:\/\/www.delfi.lv\/noteikumi#autortiesibas\" rel=\"nofollow noopener\">\u0161eit<\/a><script async src=\"\/\/www.instagram.com\/embed.js\"><\/script><\/p>\n","protected":false},"excerpt":{"rendered":"Saeimas Cilv\u0113kties\u012bbu un sabiedrisko lietu komisija tre\u0161dien atbalst\u012bja soci\u0101lo zin\u0101t\u0146u p\u0113tnieka Andra Saul\u012b\u0161a virz\u012b\u0161anu Sabiedrisko elektronisko pla\u0161sazi\u0146as l\u012bdzek\u013cu&hellip;\n","protected":false},"author":2,"featured_media":77540,"comment_status":"","ping_status":"","sticky":false,"template":"","format":"standard","meta":{"footnotes":""},"categories":[12],"tags":[23,19548,11567,28,29,32,33,22,8397,11331,30,31,35,39,38,36,37,34,40,14830,20,19549,26,27,141,24,25,21],"class_list":{"0":"post-77539","1":"post","2":"type-post","3":"status-publish","4":"format-standard","5":"has-post-thumbnail","7":"category-latvija","8":"tag-aktualitates","9":"tag-aleksandrs-kirsteins","10":"tag-augusts-brigmanis","11":"tag-breaking-news","12":"tag-breakingnews","13":"tag-featured-news","14":"tag-featurednews","15":"tag-headlines","16":"tag-janis-grasbergs","17":"tag-janis-siksnis","18":"tag-latest-news","19":"tag-latestnews","20":"tag-latvia","21":"tag-latvian","22":"tag-latviesu","23":"tag-latviesu-valoda","24":"tag-latviesuvaloda","25":"tag-latvija","26":"tag-lv","27":"tag-maija-armaneva","28":"tag-news","29":"tag-nvo","30":"tag-popularakas-zinas","31":"tag-popularakaszinas","32":"tag-saeima","33":"tag-top-stories","34":"tag-topstories","35":"tag-zinas"},"share_on_mastodon":{"url":"https:\/\/pubeurope.com\/@lv\/115734518417940949","error":""},"_links":{"self":[{"href":"https:\/\/www.europesays.com\/lv\/wp-json\/wp\/v2\/posts\/77539","targetHints":{"allow":["GET"]}}],"collection":[{"href":"https:\/\/www.europesays.com\/lv\/wp-json\/wp\/v2\/posts"}],"about":[{"href":"https:\/\/www.europesays.com\/lv\/wp-json\/wp\/v2\/types\/post"}],"author":[{"embeddable":true,"href":"https:\/\/www.europesays.com\/lv\/wp-json\/wp\/v2\/users\/2"}],"replies":[{"embeddable":true,"href":"https:\/\/www.europesays.com\/lv\/wp-json\/wp\/v2\/comments?post=77539"}],"version-history":[{"count":0,"href":"https:\/\/www.europesays.com\/lv\/wp-json\/wp\/v2\/posts\/77539\/revisions"}],"wp:featuredmedia":[{"embeddable":true,"href":"https:\/\/www.europesays.com\/lv\/wp-json\/wp\/v2\/media\/77540"}],"wp:attachment":[{"href":"https:\/\/www.europesays.com\/lv\/wp-json\/wp\/v2\/media?parent=77539"}],"wp:term":[{"taxonomy":"category","embeddable":true,"href":"https:\/\/www.europesays.com\/lv\/wp-json\/wp\/v2\/categories?post=77539"},{"taxonomy":"post_tag","embeddable":true,"href":"https:\/\/www.europesays.com\/lv\/wp-json\/wp\/v2\/tags?post=77539"}],"curies":[{"name":"wp","href":"https:\/\/api.w.org\/{rel}","templated":true}]}}