{"id":77612,"date":"2025-12-17T11:38:21","date_gmt":"2025-12-17T11:38:21","guid":{"rendered":"https:\/\/www.europesays.com\/lv\/77612\/"},"modified":"2025-12-17T11:38:21","modified_gmt":"2025-12-17T11:38:21","slug":"provinces-dziesminieks-mikus-frisfelds-publice-ironisku-dziesmu-korporativs-lente-lv","status":"publish","type":"post","link":"https:\/\/www.europesays.com\/lv\/77612\/","title":{"rendered":"Provinces dziesminieks Mikus Fri\u0161felds public\u0113 ironisku dziesmu &#8220;Korporat\u012bvs&#8221;\u00a0\u2014\u00a0Lente.lv"},"content":{"rendered":"<p>Mikus Fri\u0161felds pied\u0101v\u0101 sezon\u0101li ironisku dziesmu &#8220;Korporat\u012bvs&#8221;<\/p>\n<p>K\u0101 inform\u0113 port\u0101ls NRA, provinces dziesminieks no Valmieras, Mikus Fri\u0161felds, atkal sevi pieteicis ar jaunu, interesantu muzik\u0101lu darbu. Vi\u0146a jaun\u0101k\u0101 dziesma, ko vi\u0146\u0161 raksturo k\u0101 &#8220;sezon\u0101li ironiski labdab\u012bgu&#8221;, saucas &#8220;Korporat\u012bvs&#8221;. \u0160is jaunievedums liecina par Fri\u0161felda sp\u0113ju sav\u0101s dziesm\u0101s ietvert gan aktu\u0101lo, gan ar\u012b vieglu, pa\u0161ironisku skat\u012bjumu uz dz\u012bvi.<\/p>\n<p>Dziesminieka rado\u0161\u0101 odiseja<\/p>\n<p>Mikus Fri\u0161felds, kur\u0161 sevi d\u0113v\u0113 par &#8220;provinces dziesminieku&#8221;, nav sve\u0161inieks Latvijas m\u016bzikas ainav\u0101. Vi\u0146a dai\u013crade raksturojama ar daudzpus\u012bbu un sp\u0113ju vienm\u0113r atrast jaunus veidus, k\u0101 uzrun\u0101t klaus\u012bt\u0101jus. Pag\u0101tn\u0113 Mikus ir izdevis t\u0101dus singlus k\u0101 &#8220;37 divi&#8221;, kas guvis pan\u0101kumus soci\u0101lajos t\u012bklos, un &#8220;\u010cempions (40+ klas\u0113)&#8221;, kas ironiski piev\u0113r\u0161as pusm\u016b\u017ea p\u0101rdom\u0101m. Vi\u0146\u0161 ir zin\u0101ms ar\u012b ar savu akt\u012bvo darb\u012bbu soci\u0101lajos t\u012bklos, \u012bpa\u0161i platform\u0101 TikTok, kur vi\u0146a \u012bs\u0101s, v\u0101rdos bag\u0101t\u0101s dziesmas g\u016bst popularit\u0101ti.<\/p>\n<p>Fri\u0161felda karjera aizs\u0101k\u0101s jau agr\u0101k, kad vi\u0146\u0161 ar grupu &#8220;The Signals&#8221; ieguva atpaz\u012bstam\u012bbu. V\u0113l\u0101k, uzs\u0101kot solo karjeru, vi\u0146\u0161 izdeva albumus &#8220;Egoland&#8221; un &#8220;Indi\u0101\u0146u vasaras&#8221;. Vi\u0146a dziesmu rakst\u012b\u0161anas process bie\u017ei vien s\u0101kas ar vienk\u0101r\u0161u sp\u0113l\u0113\u0161anos uz \u0123it\u0101ras, un teksts kop\u0101 ar melodiju rodas organiski. K\u0101 pats Mikus ir atzinis, iedvesmu vi\u0146\u0161 sme\u013cas gan no apk\u0101rt\u0113j\u0101s pasaules, gan no sav\u0101m iek\u0161\u0113j\u0101m izj\u016bt\u0101m, bie\u017ei vien v\u0113rojot ikdienas situ\u0101cijas un cilv\u0113kus. Vi\u0146\u0161 ar\u012b ir eksperiment\u0113jis ar da\u017e\u0101diem \u017eanriem, tostarp radot &#8220;alternat\u012bv\u0101 \u0161lagera&#8221; albumu, kur\u0101 iek\u013c\u0101va kokles un akordeona skan\u0113jumu.<\/p>\n<p>Humors, ironija un dzi\u013c\u0101ka j\u0113ga<\/p>\n<p>Mikus Fri\u0161felds sav\u0101s dziesm\u0101s bie\u017ei vien apvieno humoru un ironiju ar dzi\u013c\u0101ku domu vai v\u0113st\u012bjumu. Vi\u0146a dziesmas var likt pasmieties, bet vienlaikus ar\u012b aizdom\u0101ties par dz\u012bves absurdiem vai aktu\u0101l\u0101m probl\u0113m\u0101m. Dziesminieks uzsver, ka jokot dr\u012bkst par visu, ta\u010du ir svar\u012bgi, lai visi saprastu, ka tas ir joks, lai netiktu aizskartas nevajadz\u012bgas j\u016btas. \u0160\u012b pa\u0161ironijas sp\u0113ja ir b\u016btiska vi\u0146a rado\u0161aj\u0101 proces\u0101, pal\u012bdzot gan vi\u0146am pa\u0161am, gan klaus\u012bt\u0101jiem ar smaidu uztvert dz\u012bves izaicin\u0101jumus un izvair\u012bties no depresijas.<\/p>\n<p>Dziesma &#8220;Korporat\u012bvs&#8221; ir lielisks piem\u0113rs \u0161ai pieejai. T\u0101s nosaukums un apraksts liecina par ironisku skat\u012bjumu uz darba vid\u0113 notieko\u0161ajiem pas\u0101kumiem, iesp\u0113jams, piev\u0113r\u0161ot uzman\u012bbu form\u0101laj\u0101m un reiz\u0113m absurdiem aspektiem, kas raksturo korporat\u012bv\u0101s kult\u016bras. Fri\u0161felds nov\u0113l &#8220;eleganti korporat\u012bvi &#8211; t\u0101di, lai v\u0113l\u0101k darb\u0101 ir nedaudz kauns&#8221;, kas lieliski ilustr\u0113 vi\u0146a rakstur\u012bgo aspr\u0101t\u012bbu un sp\u0113ju saskat\u012bt komisko pat ikdieni\u0161\u0137\u0101s situ\u0101cij\u0101s.<\/p>\n<p>M\u016bzi\u0137a daudzpus\u012bba un n\u0101kotnes pl\u0101ni<\/p>\n<p>Mikus Fri\u0161felds ir ne tikai dziesminieks un dziesmu autors, bet ar\u012b pas\u0101kumu vad\u012bt\u0101js un te\u0101tra m\u016bzikas rad\u012bt\u0101js. Vi\u0146\u0161 ir rakst\u012bjis tekstus ar\u012b citiem Latvijas m\u016bzi\u0137iem, tostarp &#8220;Eirov\u012bzijas&#8221; fin\u0101listam Donam. Neskatoties uz savu pieredzi, Fri\u0161felds turpina mekl\u0113t jaunus rado\u0161os izaicin\u0101jumus, tostarp darbojoties te\u0101tra jom\u0101, kur vi\u0146\u0161 var rad\u012bt m\u016bziku un b\u016bt v\u0113rot\u0101ja poz\u012bcij\u0101, \u013caujot savam darbam skan\u0113t bez tie\u0161as sevis k\u0101 izpild\u012bt\u0101ja kl\u0101tb\u016btnes.<\/p>\n<p>M\u016bzi\u0137a dz\u012bv\u0113 bijis ar\u012b nopietns notikums \u2013 infarkts 40 gadu vecum\u0101, kas likusi vi\u0146am main\u012bt skat\u012bjumu uz vesel\u012bbu un aicin\u0101t citus r\u016bp\u0113ties par sevi, uzsverot, ka tas ir ar\u012b atbild\u012bba pret saviem tuv\u0101kajiem. \u0160is pieredzes bag\u0101tin\u0101jums noteikti atspogu\u013cojas ar\u012b vi\u0146a dziesmu emocion\u0101laj\u0101 dzi\u013cum\u0101 un v\u0113st\u012bjum\u0101.<\/p>\n","protected":false},"excerpt":{"rendered":"Mikus Fri\u0161felds pied\u0101v\u0101 sezon\u0101li ironisku dziesmu &#8220;Korporat\u012bvs&#8221; K\u0101 inform\u0113 port\u0101ls NRA, provinces dziesminieks no Valmieras, Mikus Fri\u0161felds, atkal&hellip;\n","protected":false},"author":2,"featured_media":77613,"comment_status":"","ping_status":"","sticky":false,"template":"","format":"standard","meta":{"footnotes":""},"categories":[19],"tags":[8722,89,90,19575,35,39,38,194,36,37,34,40,19574,481],"class_list":{"0":"post-77612","1":"post","2":"type-post","3":"status-publish","4":"format-standard","5":"has-post-thumbnail","7":"category-izklaide","8":"tag-dziesminieks","9":"tag-entertainment","10":"tag-izklaide","11":"tag-korporativs","12":"tag-latvia","13":"tag-latvian","14":"tag-latviesu","15":"tag-latviesu-muzika","16":"tag-latviesu-valoda","17":"tag-latviesuvaloda","18":"tag-latvija","19":"tag-lv","20":"tag-mikus-frisfelds","21":"tag-valmiera"},"share_on_mastodon":{"url":"https:\/\/pubeurope.com\/@lv\/115734714958480779","error":""},"_links":{"self":[{"href":"https:\/\/www.europesays.com\/lv\/wp-json\/wp\/v2\/posts\/77612","targetHints":{"allow":["GET"]}}],"collection":[{"href":"https:\/\/www.europesays.com\/lv\/wp-json\/wp\/v2\/posts"}],"about":[{"href":"https:\/\/www.europesays.com\/lv\/wp-json\/wp\/v2\/types\/post"}],"author":[{"embeddable":true,"href":"https:\/\/www.europesays.com\/lv\/wp-json\/wp\/v2\/users\/2"}],"replies":[{"embeddable":true,"href":"https:\/\/www.europesays.com\/lv\/wp-json\/wp\/v2\/comments?post=77612"}],"version-history":[{"count":0,"href":"https:\/\/www.europesays.com\/lv\/wp-json\/wp\/v2\/posts\/77612\/revisions"}],"wp:featuredmedia":[{"embeddable":true,"href":"https:\/\/www.europesays.com\/lv\/wp-json\/wp\/v2\/media\/77613"}],"wp:attachment":[{"href":"https:\/\/www.europesays.com\/lv\/wp-json\/wp\/v2\/media?parent=77612"}],"wp:term":[{"taxonomy":"category","embeddable":true,"href":"https:\/\/www.europesays.com\/lv\/wp-json\/wp\/v2\/categories?post=77612"},{"taxonomy":"post_tag","embeddable":true,"href":"https:\/\/www.europesays.com\/lv\/wp-json\/wp\/v2\/tags?post=77612"}],"curies":[{"name":"wp","href":"https:\/\/api.w.org\/{rel}","templated":true}]}}