{"id":7766,"date":"2025-09-29T10:14:07","date_gmt":"2025-09-29T10:14:07","guid":{"rendered":"https:\/\/www.europesays.com\/lv\/7766\/"},"modified":"2025-09-29T10:14:07","modified_gmt":"2025-09-29T10:14:07","slug":"moldova-velesanas-ir-izvelejusies-brivibu-un-demokratiju-norada-rinkevics","status":"publish","type":"post","link":"https:\/\/www.europesays.com\/lv\/7766\/","title":{"rendered":"Moldova v\u0113l\u0113\u0161an\u0101s ir izv\u0113l\u0113jusies br\u012bv\u012bbu un demokr\u0101tiju, nor\u0101da Rink\u0113vi\u010ds"},"content":{"rendered":"<p>Vi\u0146\u0161 apsveic Moldovu ar aizvad\u012btaj\u0101m parlamenta v\u0113l\u0113\u0161an\u0101m, kur\u0101s uzvar\u0113jusi valdo\u0161\u0101 prorietumniecisk\u0101 R\u012bc\u012bbas un solidarit\u0101tes partija (PAS). Latvijas prezidenta ieskat\u0101 p\u0113c v\u0113l\u0113\u0161an\u0101m Eiropas n\u0101kotne Moldovai &#8220;mirdz spo\u017e\u0101k nek\u0101 jebkad agr\u0101k&#8221;.<\/p>\n<p>Jau rakst\u012bts, ka sv\u0113tdien notiku\u0161aj\u0101s parlamenta v\u0113l\u0113\u0161an\u0101s PAS izc\u012bn\u012bjusi 50,03% balsu, bet galvenais, PAS s\u0101ncensis prokrieviskais Patriotiskais bloks (BEP), ieguvis 24,26% balsu, p\u0113c 99,5% balsu saskait\u012b\u0161anas pav\u0113st\u012bja Centr\u0101l\u0101 v\u0113l\u0113\u0161anu komisija.<\/p>\n<p>PAS parlament\u0101 b\u016bs absol\u016btais vair\u0101kums, un tas partijai dos ties\u012bbas veidot n\u0101kamo vald\u012bbu patst\u0101v\u012bgi.<\/p>\n<p>Iek\u013c\u016b\u0161anai parlament\u0101 partiju blokiem j\u0101p\u0101rvar 7% slieksnis, bet partij\u0101m &#8211; 5%. \u0160o slieksni nep\u0101rvar\u0113ju\u0161o sarakstu balsis tiek sadal\u012btas parlament\u0101 iek\u013cuvu\u0161o politisko sp\u0113ku starp\u0101.<\/p>\n<p>Krievijai draudz\u012bgie politiskie sp\u0113ki &#8211; bloks &#8220;Alternat\u012bva&#8221; un uz\u0146\u0113m\u0113ja Renato Usatija M\u016bsu partija &#8211; sa\u0146\u0113mu\u0161i attiec\u012bgi 7,99% un 6,21% balsu. Savuk\u0101rt partija &#8220;Demokr\u0101tija m\u0101j\u0101s&#8221;, kas s\u0101kotn\u0113ji dibin\u0101ta, lai atbalst\u012btu apvieno\u0161anos ar Rum\u0101niju, negaid\u012bti p\u0101rvar\u0113jusi 5% slieksni un sa\u0146\u0113musi 5,63% balsu.<\/p>\n<p>Sv\u0113tdien p\u0113c v\u0113l\u0113\u0161anu iecirk\u0146u sl\u0113g\u0161anas plkst.21 p\u0113c viet\u0113j\u0101 un Latvijas laika Centr\u0101l\u0101 v\u0113l\u0113\u0161anu komisija pazi\u0146oja, ka v\u0113l\u0113\u0161an\u0101s nobalsoju\u0161i vair\u0101k nek\u0101 1,59 miljoni cilv\u0113ku jeb aptuveni 51,9% v\u0113l\u0113t\u0101ju, tai skait\u0101 264 000 Moldovas pilso\u0146u, kuri nobalsoja \u0101rvalst\u012bs.<\/p>\n<p>Jau v\u0113st\u012bts, ka v\u0113l\u0113\u0161anu dienu Moldov\u0101 aiz\u0113noja viltus spridzin\u0101\u0161anas draudi, kas \u012bslaic\u012bgi aptur\u0113ja v\u0113l\u0113\u0161anu iecirk\u0146u darbu vair\u0101k\u0101s Eiropas pils\u0113t\u0101s, un kiberuzbrukumi. Nevalstisk\u0101 organiz\u0101cija &#8220;Promo-Lex&#8221;, kas sekoja l\u012bdzi v\u0113l\u0113\u0161anu norisei, p\u0101ris stundas pirms v\u0113l\u0113\u0161anu iecirk\u0146u sl\u0113g\u0161anas zi\u0146oja par vair\u0101k nek\u0101 300 apstiprin\u0101tiem incidentiem, s\u0101kot ar nepiedero\u0161\u0101m person\u0101m v\u0113l\u0113\u0161anu iecirk\u0146os un beidzot ar cilv\u0113kiem, kas fotograf\u0113ja vai film\u0113ja savus v\u0113l\u0113\u0161anu bi\u013cetenus.<\/p>\n<p>Policija neilgi pirms balso\u0161anas beig\u0101m pazi\u0146oja, ka aiztur\u0113jusi tr\u012bs cilv\u0113kus, kuri pl\u0101noja izrais\u012bt haosu un nemierus p\u0113c v\u0113l\u0113\u0161an\u0101m. Pie vi\u0146iem tika atrasta pirotehnika un viegli uzliesmojo\u0161i materi\u0101li.<\/p>\n","protected":false},"excerpt":{"rendered":"Vi\u0146\u0161 apsveic Moldovu ar aizvad\u012btaj\u0101m parlamenta v\u0113l\u0113\u0161an\u0101m, kur\u0101s uzvar\u0113jusi valdo\u0161\u0101 prorietumniecisk\u0101 R\u012bc\u012bbas un solidarit\u0101tes partija (PAS). Latvijas prezidenta&hellip;\n","protected":false},"author":2,"featured_media":7739,"comment_status":"","ping_status":"","sticky":false,"template":"","format":"standard","meta":{"footnotes":""},"categories":[14],"tags":[23,57,28,29,816,32,33,22,30,31,35,39,38,36,37,34,40,1453,20,26,27,24,25,54,55,56,21,58],"class_list":{"0":"post-7766","1":"post","2":"type-post","3":"status-publish","4":"format-standard","5":"has-post-thumbnail","7":"category-zinas-no-arvalstim","8":"tag-aktualitates","9":"tag-arvalstim","10":"tag-breaking-news","11":"tag-breakingnews","12":"tag-edgars-rinkevics","13":"tag-featured-news","14":"tag-featurednews","15":"tag-headlines","16":"tag-latest-news","17":"tag-latestnews","18":"tag-latvia","19":"tag-latvian","20":"tag-latviesu","21":"tag-latviesu-valoda","22":"tag-latviesuvaloda","23":"tag-latvija","24":"tag-lv","25":"tag-moldova","26":"tag-news","27":"tag-popularakas-zinas","28":"tag-popularakaszinas","29":"tag-top-stories","30":"tag-topstories","31":"tag-world","32":"tag-world-news","33":"tag-worldnews","34":"tag-zinas","35":"tag-zinas-no-arvalstim"},"share_on_mastodon":{"url":"","error":""},"_links":{"self":[{"href":"https:\/\/www.europesays.com\/lv\/wp-json\/wp\/v2\/posts\/7766","targetHints":{"allow":["GET"]}}],"collection":[{"href":"https:\/\/www.europesays.com\/lv\/wp-json\/wp\/v2\/posts"}],"about":[{"href":"https:\/\/www.europesays.com\/lv\/wp-json\/wp\/v2\/types\/post"}],"author":[{"embeddable":true,"href":"https:\/\/www.europesays.com\/lv\/wp-json\/wp\/v2\/users\/2"}],"replies":[{"embeddable":true,"href":"https:\/\/www.europesays.com\/lv\/wp-json\/wp\/v2\/comments?post=7766"}],"version-history":[{"count":0,"href":"https:\/\/www.europesays.com\/lv\/wp-json\/wp\/v2\/posts\/7766\/revisions"}],"wp:featuredmedia":[{"embeddable":true,"href":"https:\/\/www.europesays.com\/lv\/wp-json\/wp\/v2\/media\/7739"}],"wp:attachment":[{"href":"https:\/\/www.europesays.com\/lv\/wp-json\/wp\/v2\/media?parent=7766"}],"wp:term":[{"taxonomy":"category","embeddable":true,"href":"https:\/\/www.europesays.com\/lv\/wp-json\/wp\/v2\/categories?post=7766"},{"taxonomy":"post_tag","embeddable":true,"href":"https:\/\/www.europesays.com\/lv\/wp-json\/wp\/v2\/tags?post=7766"}],"curies":[{"name":"wp","href":"https:\/\/api.w.org\/{rel}","templated":true}]}}