{"id":77724,"date":"2025-12-17T13:17:13","date_gmt":"2025-12-17T13:17:13","guid":{"rendered":"https:\/\/www.europesays.com\/lv\/77724\/"},"modified":"2025-12-17T13:17:13","modified_gmt":"2025-12-17T13:17:13","slug":"arlietu-ministre-nav-gatava-zilet-vai-nakamais-gads-nesis-taisnigu-mieru-ukraina","status":"publish","type":"post","link":"https:\/\/www.europesays.com\/lv\/77724\/","title":{"rendered":"\u0100rlietu ministre nav gatava &#8220;z\u012bl\u0113t&#8221;, vai n\u0101kamais gads nes\u012bs taisn\u012bgu mieru Ukrain\u0101"},"content":{"rendered":"<p>Neesmu z\u012blniece, \u0161\u0101diem v\u0101rdiem Latvijas \u0101rlietu ministre Baiba Bra\u017ee (JV) \u0161or\u012bt intervij\u0101 LTV &#8220;R\u012bta panor\u0101m\u0101&#8221; atbild\u0113ja uz jaut\u0101jumu, vai n\u0101kamais gads nes\u012bs taisn\u012bgu mieru Ukrain\u0101.<\/p>\n<p>Politi\u0137e pauda, ka zinot tikai to, ka Latvija kop\u0101 ar Eiropas partneriem dar\u012bs visu, lai ar\u012b n\u0101kamgad visos veidos pal\u012bdz\u0113tu Ukrainai.<\/p>\n<p>Vienlaikus vi\u0146a situ\u0101ciju ar miera sarun\u0101m nov\u0113rt\u0113ja k\u0101 cer\u012bgu, lai ar\u012b konstat\u0113ja, ka Krievija mieru negrib.<\/p>\n<p>V\u0113rt\u0113jot progresu miera sarun\u0101s, Bra\u017ee sprieda, ka da\u013ca jaut\u0101jumu \u0161\u0101d\u0101s sarun\u0101s vienm\u0113r paliek atrisin\u0101\u0161anai uz p\u0113d\u0113jo br\u012bdi. \u0160aj\u0101 gad\u012bjum\u0101 \u0161\u0101di jaut\u0101jumi ir Krievijas izvirz\u012bt\u0101s pras\u012bbas sagr\u0101bt teritorijas, no kur\u0101m Ukrainai b\u016btu j\u0101atsak\u0101s bez c\u012b\u0146as, k\u0101 ar\u012b jaut\u0101jums par okup\u0113to teritoriju starptautisku atz\u012b\u0161anu.<\/p>\n<p>Bra\u017ee uzsv\u0113ra, ka Latvija negras\u0101s atz\u012bt okup\u0113t\u0101s Ukrainas teritorijas par Krievijas da\u013cu, un l\u012bdz\u012bga nost\u0101ja ir lielai da\u013cai starptautisk\u0101s sabiedr\u012bbas. Vi\u0146a ar\u012b uzsv\u0113ra, ka Ukraina negras\u0101s atdot Krievijai t\u0101s neiekarot\u0101s teritorijas Donbas\u0101, jo tur atrodas \u013coti b\u016btiski Ukrainas nocietin\u0101jumi, kas kalpo p\u0101r\u0113j\u0101s valsts da\u013cas dro\u0161\u012bbas nodro\u0161in\u0101\u0161anai.<\/p>\n<p>Latvijas politi\u0137e sprieda, ka Eiropai j\u0101turpina str\u0101d\u0101t ar ASV partneriem, kas pal\u012bdzot uzlabot t\u0101s virz\u012btos miera pl\u0101nus. \u0160\u0101d\u0101s sarun\u0101s tiekot audz\u0113ta ASV izpratne par situ\u0101ciju, kas liekot dom\u0101t, ka no ASV \u0161aj\u0101s sarun\u0101s v\u0113l b\u016bs ar\u012b spiediens uz Krieviju, v\u0113rt\u0113ja Bra\u017ee.<\/p>\n<p>Kopum\u0101 ASV centieni izbeigt bru\u0146otus konfliktus pasaul\u0113 ir apsveicami, pauda ministre, gan atz\u012bstot, ka kopum\u0101 dro\u0161\u012bbas situ\u0101cija vis\u0101 pasaul\u0113 p\u0113d\u0113j\u0101 gada laik\u0101 nav neko uzlabojusies.<\/p>\n","protected":false},"excerpt":{"rendered":"Neesmu z\u012blniece, \u0161\u0101diem v\u0101rdiem Latvijas \u0101rlietu ministre Baiba Bra\u017ee (JV) \u0161or\u012bt intervij\u0101 LTV &#8220;R\u012bta panor\u0101m\u0101&#8221; atbild\u0113ja uz jaut\u0101jumu,&hellip;\n","protected":false},"author":2,"featured_media":77725,"comment_status":"","ping_status":"","sticky":false,"template":"","format":"standard","meta":{"footnotes":""},"categories":[14],"tags":[23,57,28,29,47,32,33,22,381,64,30,31,35,39,38,36,37,34,40,20,385,26,27,172,382,384,383,24,25,54,55,56,21,58],"class_list":{"0":"post-77724","1":"post","2":"type-post","3":"status-publish","4":"format-standard","5":"has-post-thumbnail","7":"category-zinas-no-arvalstim","8":"tag-aktualitates","9":"tag-arvalstim","10":"tag-breaking-news","11":"tag-breakingnews","12":"tag-ekonomika","13":"tag-featured-news","14":"tag-featurednews","15":"tag-headlines","16":"tag-jaunumi","17":"tag-kultura","18":"tag-latest-news","19":"tag-latestnews","20":"tag-latvia","21":"tag-latvian","22":"tag-latviesu","23":"tag-latviesu-valoda","24":"tag-latviesuvaloda","25":"tag-latvija","26":"tag-lv","27":"tag-news","28":"tag-pieriga","29":"tag-popularakas-zinas","30":"tag-popularakaszinas","31":"tag-riga","32":"tag-sabiedriba","33":"tag-sludinajumi","34":"tag-sports-afisa","35":"tag-top-stories","36":"tag-topstories","37":"tag-world","38":"tag-world-news","39":"tag-worldnews","40":"tag-zinas","41":"tag-zinas-no-arvalstim"},"share_on_mastodon":{"url":"https:\/\/pubeurope.com\/@lv\/115735104345354932","error":""},"_links":{"self":[{"href":"https:\/\/www.europesays.com\/lv\/wp-json\/wp\/v2\/posts\/77724","targetHints":{"allow":["GET"]}}],"collection":[{"href":"https:\/\/www.europesays.com\/lv\/wp-json\/wp\/v2\/posts"}],"about":[{"href":"https:\/\/www.europesays.com\/lv\/wp-json\/wp\/v2\/types\/post"}],"author":[{"embeddable":true,"href":"https:\/\/www.europesays.com\/lv\/wp-json\/wp\/v2\/users\/2"}],"replies":[{"embeddable":true,"href":"https:\/\/www.europesays.com\/lv\/wp-json\/wp\/v2\/comments?post=77724"}],"version-history":[{"count":0,"href":"https:\/\/www.europesays.com\/lv\/wp-json\/wp\/v2\/posts\/77724\/revisions"}],"wp:featuredmedia":[{"embeddable":true,"href":"https:\/\/www.europesays.com\/lv\/wp-json\/wp\/v2\/media\/77725"}],"wp:attachment":[{"href":"https:\/\/www.europesays.com\/lv\/wp-json\/wp\/v2\/media?parent=77724"}],"wp:term":[{"taxonomy":"category","embeddable":true,"href":"https:\/\/www.europesays.com\/lv\/wp-json\/wp\/v2\/categories?post=77724"},{"taxonomy":"post_tag","embeddable":true,"href":"https:\/\/www.europesays.com\/lv\/wp-json\/wp\/v2\/tags?post=77724"}],"curies":[{"name":"wp","href":"https:\/\/api.w.org\/{rel}","templated":true}]}}