{"id":77736,"date":"2025-12-17T13:24:10","date_gmt":"2025-12-17T13:24:10","guid":{"rendered":"https:\/\/www.europesays.com\/lv\/77736\/"},"modified":"2025-12-17T13:24:10","modified_gmt":"2025-12-17T13:24:10","slug":"saskanoto-pazinojumu-turpmak-vares-aizpildit-lietotne-whatsapp","status":"publish","type":"post","link":"https:\/\/www.europesays.com\/lv\/77736\/","title":{"rendered":"Saska\u0146oto pazi\u0146ojumu turpm\u0101k var\u0113s aizpild\u012bt lietotn\u0113 &#8220;WhatsApp&#8221;"},"content":{"rendered":"<p>LTAB valdes priek\u0161s\u0113d\u0113t\u0101js J\u0101nis Ab\u0101\u0161ins skaidro, ka ikdienas praks\u0113 nereti var sastapties ar autovad\u012bt\u0101ju viedokli, ka ce\u013cu satiksmes negad\u012bjuma noform\u0113\u0161ana, iesaistot policiju, ir vienk\u0101r\u0161\u0101ka un dro\u0161\u0101ka.<\/p>\n<p>&#8220;Ir situ\u0101cijas, kad ce\u013cu satiksmes negad\u012bjum\u0101 iesaist\u012btie nevar vienoties par negad\u012bjuma apst\u0101k\u013ciem, ir cietu\u0161i cilv\u0113ki vai k\u0101ds no iesaist\u012btajiem ir alkohola reibum\u0101 un taml\u012bdz\u012bgi, tom\u0113r daudzos gad\u012bjumos policijas iesaiste nav pamatota,&#8221; pau\u017e Ab\u0101\u0161ins.<\/p>\n<p>Vi\u0146\u0161 nor\u0101da, ka \u0161is ir unik\u0101ls risin\u0101jums saska\u0146ot\u0101 pazi\u0146ojuma pieejam\u012bbas nodro\u0161in\u0101\u0161anai, jo nekur Eirop\u0101 saska\u0146ot\u0101 pazi\u0146ojuma noform\u0113\u0161anai l\u012bdz \u0161im nav izmantoti zi\u0146apmai\u0146as lietotn\u0113s integr\u0113ti sarunboti.<\/p>\n<p>Elektronisk\u0101 saska\u0146ot\u0101 pazi\u0146ojuma aizpild\u012b\u0161anas funkciju lietotn\u0113 &#8220;LTAB <a href=\"https:\/\/www.tvnet.lv\/term\/570581\/octa\" class=\"topicLink\" target=\"_blank\" rel=\"nofollow noopener\">OCTA<\/a>&#8220;, kas darbojas kop\u0161 2018. gada, joproj\u0101m ir akt\u012bva un paliks izmantojama ar\u012b turpm\u0101k.<\/p>\n<p>\u0160obr\u012bd elektroniski ik m\u0113nesi tiek noform\u0113ti aptuveni 20% no visiem ce\u013cu satiksmes negad\u012bjumiem, kas fiks\u0113ti ar saska\u0146ot\u0101 pazi\u0146ojuma pal\u012bdz\u012bbu, liecina LTAB dati.<\/p>\n<p>LTAB nodro\u0161ina OCTA apdro\u0161in\u0101\u0161anas sist\u0113mas darb\u012bbu Latvij\u0101. OCTA Latvij\u0101 tika ieviesta 1997. gad\u0101, lai nodro\u0161in\u0101tu ce\u013cu satiksmes negad\u012bjumos cietu\u0161o tre\u0161o personu intere\u0161u aizsardz\u012bbu. S\u0101kotn\u0113ji LTAB darboj\u0101s Finan\u0161u ministrijas pak\u013caut\u012bb\u0101, bet kop\u0161 2004. gada t\u0101 ir neatkar\u012bga instit\u016bcija.<\/p>\n","protected":false},"excerpt":{"rendered":"LTAB valdes priek\u0161s\u0113d\u0113t\u0101js J\u0101nis Ab\u0101\u0161ins skaidro, ka ikdienas praks\u0113 nereti var sastapties ar autovad\u012bt\u0101ju viedokli, ka ce\u013cu satiksmes&hellip;\n","protected":false},"author":2,"featured_media":77737,"comment_status":"","ping_status":"","sticky":false,"template":"","format":"standard","meta":{"footnotes":""},"categories":[12],"tags":[23,65,28,29,32,33,22,30,31,35,39,38,36,37,34,15760,19617,40,20,6477,19616,26,27,24,25,14845,21],"class_list":{"0":"post-77736","1":"post","2":"type-post","3":"status-publish","4":"format-standard","5":"has-post-thumbnail","7":"category-latvija","8":"tag-aktualitates","9":"tag-auto","10":"tag-breaking-news","11":"tag-breakingnews","12":"tag-featured-news","13":"tag-featurednews","14":"tag-headlines","15":"tag-latest-news","16":"tag-latestnews","17":"tag-latvia","18":"tag-latvian","19":"tag-latviesu","20":"tag-latviesu-valoda","21":"tag-latviesuvaloda","22":"tag-latvija","23":"tag-likumi","24":"tag-ltab","25":"tag-lv","26":"tag-news","27":"tag-nodokli-un-likumi","28":"tag-octa","29":"tag-popularakas-zinas","30":"tag-popularakaszinas","31":"tag-top-stories","32":"tag-topstories","33":"tag-whatsapp","34":"tag-zinas"},"share_on_mastodon":{"url":"https:\/\/pubeurope.com\/@lv\/115735131932867719","error":""},"_links":{"self":[{"href":"https:\/\/www.europesays.com\/lv\/wp-json\/wp\/v2\/posts\/77736","targetHints":{"allow":["GET"]}}],"collection":[{"href":"https:\/\/www.europesays.com\/lv\/wp-json\/wp\/v2\/posts"}],"about":[{"href":"https:\/\/www.europesays.com\/lv\/wp-json\/wp\/v2\/types\/post"}],"author":[{"embeddable":true,"href":"https:\/\/www.europesays.com\/lv\/wp-json\/wp\/v2\/users\/2"}],"replies":[{"embeddable":true,"href":"https:\/\/www.europesays.com\/lv\/wp-json\/wp\/v2\/comments?post=77736"}],"version-history":[{"count":0,"href":"https:\/\/www.europesays.com\/lv\/wp-json\/wp\/v2\/posts\/77736\/revisions"}],"wp:featuredmedia":[{"embeddable":true,"href":"https:\/\/www.europesays.com\/lv\/wp-json\/wp\/v2\/media\/77737"}],"wp:attachment":[{"href":"https:\/\/www.europesays.com\/lv\/wp-json\/wp\/v2\/media?parent=77736"}],"wp:term":[{"taxonomy":"category","embeddable":true,"href":"https:\/\/www.europesays.com\/lv\/wp-json\/wp\/v2\/categories?post=77736"},{"taxonomy":"post_tag","embeddable":true,"href":"https:\/\/www.europesays.com\/lv\/wp-json\/wp\/v2\/tags?post=77736"}],"curies":[{"name":"wp","href":"https:\/\/api.w.org\/{rel}","templated":true}]}}