{"id":77764,"date":"2025-12-17T13:42:13","date_gmt":"2025-12-17T13:42:13","guid":{"rendered":"https:\/\/www.europesays.com\/lv\/77764\/"},"modified":"2025-12-17T13:42:13","modified_gmt":"2025-12-17T13:42:13","slug":"sakts-kriminalprocess-pret-virieti-kurs-ar-nazi-un-cirvi-uzbrucis-pasvaldibas-policistiem","status":"publish","type":"post","link":"https:\/\/www.europesays.com\/lv\/77764\/","title":{"rendered":"S\u0101kts krimin\u0101lprocess pret v\u012brieti, kur\u0161 ar nazi un cirvi uzbrucis pa\u0161vald\u012bbas policistiem"},"content":{"rendered":"<p>Valsts policij\u0101 par notiku\u0161o s\u0101kts <a href=\"https:\/\/www.tvnet.lv\/term\/570822\/kriminalprocess\" class=\"topicLink\" target=\"_blank\" rel=\"nofollow noopener\">krimin\u0101lprocess<\/a> par uzbrukumu varas p\u0101rst\u0101vim un v\u012brietis atz\u012bts par aizdom\u0101s tur\u0113to. L\u012bdz \u0161im izmekl\u0113\u0161an\u0101 noskaidrots, ka <a href=\"https:\/\/www.tvnet.lv\/term\/3053\/ventspils\" class=\"topicLink\" target=\"_blank\" rel=\"nofollow noopener\">Ventspils<\/a> pa\u0161vald\u012bbas policija ap pulksten 11.10 sa\u0146\u0113ma izsaukumu uz k\u0101du daudzdz\u012bvok\u013cu namu Ventspil\u012b, kur tiek atska\u0146ota ska\u013ca m\u016bzika.<\/p>\n<p>Ventspils pa\u0161vald\u012bbas policijas inspektori ierad\u0101s adres\u0113, noskaidroja, kur\u0101 dz\u012bvokl\u012b \u0161\u012b m\u016bzika tiek atska\u0146ota, un dev\u0101s pie dz\u012bvok\u013ca iem\u012btnieka. Abi Ventspils pa\u0161vald\u012bbas policijas inspektori paskaidroja noteikumus, kuri j\u0101iev\u0113ro, dz\u012bvojot daudzdz\u012bvok\u013cu m\u0101j\u0101, un l\u016bdza uzr\u0101d\u012bt personu apliecino\u0161u dokumentu.<\/p>\n<p>V\u012brietis ieg\u0101ja dz\u012bvokl\u012b p\u0113c dokumentiem, bet atgriez\u0101s ar nazi un cirvi rok\u0101s. Pa\u0161vald\u012bbas policijas amatpersonas, to ieraugot, atk\u0101p\u0101s da\u017eus so\u013cus, bet v\u012brietis izteica draudus, p\u0113c k\u0101 ar rok\u0101s pa\u0146emto nazi un cirvi izdar\u012bja m\u0113r\u0137tiec\u012bgu vicin\u0101\u0161anos pa\u0161vald\u012bbas policista virzien\u0101, netr\u0101pot vi\u0146am. Policisti, iev\u0113rojot piesardz\u012bbas pas\u0101kumus, lai pa\u0161i neciestu, p\u0101rvarot v\u012brie\u0161a preto\u0161anos, veica v\u012brie\u0161a aiztur\u0113\u0161anu.<\/p>\n<p>Notikuma viet\u0101 ierad\u0101s <a href=\"https:\/\/www.tvnet.lv\/term\/555407\/valsts-policija\" class=\"topicLink\" target=\"_blank\" rel=\"nofollow noopener\">Valsts policija<\/a> un pal\u012bdz\u0113ja v\u012brieti savald\u012bt. Valsts policijas Kurzemes re\u0123iona p\u0101rvaldes Zieme\u013ckurzemes iecirk\u0146a Izmekl\u0113\u0161anas noda\u013cas amatpersonas dev\u0101s uz tiesu l\u016bgt piem\u0113rot aiztur\u0113tajam dro\u0161\u012bbas l\u012bdzekli \u2013 apcietin\u0101jumu, ta\u010du tiesa \u0161o l\u016bgumu noraid\u012bja, t\u0101p\u0113c policija piem\u0113roja dro\u0161\u012bbas l\u012bdzekli \u2013 policijas uzraudz\u012bbu.<\/p>\n<p>Valsts policijas amatpersonas turpina izmekl\u0113\u0161anu krimin\u0101lproces\u0101 par uzbrukumu varas p\u0101rst\u0101vim. Saska\u0146\u0101 ar Krimin\u0101llikumu par \u0161\u0101du noziedz\u012bgu nodar\u012bjumu soda ar br\u012bv\u012bbas at\u0146em\u0161anu uz laiku l\u012bdz pieciem gadiem vai ar \u012bslaic\u012bgu br\u012bv\u012bbas at\u0146em\u0161anu, vai ar prob\u0101cijas uzraudz\u012bbu.<\/p>\n<p>Valsts policija atg\u0101dina, ka neviena persona netiek uzskat\u012bta par vain\u012bgu, kam\u0113r t\u0101s vaina noziedz\u012bga nodar\u012bjuma izdar\u012b\u0161an\u0101 netiek pier\u0101d\u012bta likum\u0101 noteiktaj\u0101 k\u0101rt\u012bb\u0101.<\/p>\n","protected":false},"excerpt":{"rendered":"Valsts policij\u0101 par notiku\u0161o s\u0101kts krimin\u0101lprocess par uzbrukumu varas p\u0101rst\u0101vim un v\u012brietis atz\u012bts par aizdom\u0101s tur\u0113to. L\u012bdz \u0161im&hellip;\n","protected":false},"author":2,"featured_media":77765,"comment_status":"","ping_status":"","sticky":false,"template":"","format":"standard","meta":{"footnotes":""},"categories":[12],"tags":[23,28,29,32,33,22,6786,30,31,35,39,38,36,37,34,40,20,26,27,24,25,138,2988,21],"class_list":{"0":"post-77764","1":"post","2":"type-post","3":"status-publish","4":"format-standard","5":"has-post-thumbnail","7":"category-latvija","8":"tag-aktualitates","9":"tag-breaking-news","10":"tag-breakingnews","11":"tag-featured-news","12":"tag-featurednews","13":"tag-headlines","14":"tag-kriminalprocess","15":"tag-latest-news","16":"tag-latestnews","17":"tag-latvia","18":"tag-latvian","19":"tag-latviesu","20":"tag-latviesu-valoda","21":"tag-latviesuvaloda","22":"tag-latvija","23":"tag-lv","24":"tag-news","25":"tag-popularakas-zinas","26":"tag-popularakaszinas","27":"tag-top-stories","28":"tag-topstories","29":"tag-valsts-policija","30":"tag-ventspils","31":"tag-zinas"},"share_on_mastodon":{"url":"https:\/\/pubeurope.com\/@lv\/115735202740011026","error":""},"_links":{"self":[{"href":"https:\/\/www.europesays.com\/lv\/wp-json\/wp\/v2\/posts\/77764","targetHints":{"allow":["GET"]}}],"collection":[{"href":"https:\/\/www.europesays.com\/lv\/wp-json\/wp\/v2\/posts"}],"about":[{"href":"https:\/\/www.europesays.com\/lv\/wp-json\/wp\/v2\/types\/post"}],"author":[{"embeddable":true,"href":"https:\/\/www.europesays.com\/lv\/wp-json\/wp\/v2\/users\/2"}],"replies":[{"embeddable":true,"href":"https:\/\/www.europesays.com\/lv\/wp-json\/wp\/v2\/comments?post=77764"}],"version-history":[{"count":0,"href":"https:\/\/www.europesays.com\/lv\/wp-json\/wp\/v2\/posts\/77764\/revisions"}],"wp:featuredmedia":[{"embeddable":true,"href":"https:\/\/www.europesays.com\/lv\/wp-json\/wp\/v2\/media\/77765"}],"wp:attachment":[{"href":"https:\/\/www.europesays.com\/lv\/wp-json\/wp\/v2\/media?parent=77764"}],"wp:term":[{"taxonomy":"category","embeddable":true,"href":"https:\/\/www.europesays.com\/lv\/wp-json\/wp\/v2\/categories?post=77764"},{"taxonomy":"post_tag","embeddable":true,"href":"https:\/\/www.europesays.com\/lv\/wp-json\/wp\/v2\/tags?post=77764"}],"curies":[{"name":"wp","href":"https:\/\/api.w.org\/{rel}","templated":true}]}}