{"id":77768,"date":"2025-12-17T13:44:08","date_gmt":"2025-12-17T13:44:08","guid":{"rendered":"https:\/\/www.europesays.com\/lv\/77768\/"},"modified":"2025-12-17T13:44:08","modified_gmt":"2025-12-17T13:44:08","slug":"raimonda-paula-dziesmu-svetkos-manai-dzimtenei-pie-dirigenta-pults-stasies-ari-goda-virsdirigents-janis-erenstreits","status":"publish","type":"post","link":"https:\/\/www.europesays.com\/lv\/77768\/","title":{"rendered":"Raimonda Paula dziesmu sv\u0113tkos &#8220;Manai Dzimtenei&#8221; pie diri\u0123enta pults st\u0101sies ar\u012b goda virsdiri\u0123ents J\u0101nis Eren\u0161treits"},"content":{"rendered":"<p>Raimondam Paulam velt\u012btajos dziesmu sv\u0113tkos &#8220;P\u0113r\u013cu zvejnieks&#8221; atkal skan\u0113s J\u0101\u0146a Eren\u0161treita vad\u012bb\u0101, un to atska\u0146os R\u012bgas Doma z\u0113nu koris, kuru Eren\u0161treits vad\u012bja vair\u0101kus gadu desmitus un kur\u0161 bija pirmais \u0161\u012b cikla izpild\u012bt\u0101js un iem\u016b\u017ein\u0101t\u0101js v\u0113sturiskaj\u0101 1986. gada ierakst\u0101 kop\u0101 ar Maestro. Kop\u0101 ar R\u012bgas Doma z\u0113nu kori ciklu &#8220;P\u0113r\u013cu zvejnieks&#8221; atska\u0146os J\u0101zepa Medi\u0146a m\u016bzikas vidusskolas z\u0113nu koris, kuru vada Dziesmusv\u0113tku virsdiri\u0123ents Rom\u0101ns Vanags un R\u012bgas Doma kora skolas meite\u0146u koris, kura vad\u012bt\u0101ja ir Dziesmusv\u0113tku virsdiri\u0123ente Aira Birzi\u0146a.<\/p>\n<p>Koncerts \u201cManai Dzimtenei\u201d ir velt\u012bjums Maestro Raimondam Paulam un vi\u0146a dai\u013cradei.<\/p>\n<p>2026. gada 11. j\u016blij\u0101 Me\u017eaparka Lielaj\u0101 estr\u0101d\u0113 \u201cSidraba birzs\u201d pulc\u0113sies vair\u0101k nek\u0101 13 000 dzied\u0101t\u0101ju no Latvijas un latvie\u0161u diaspor\u0101m, lai kop\u0101 ar iem\u012b\u013cotiem solistiem un m\u016bzi\u0137iem izdzied\u0101tu skaist\u0101k\u0101s Raimonda Paula dziesmas, \u012bpa\u0161u uzman\u012bbu veltot Maestro kora m\u016bzikas repertu\u0101ram un ar\u012b \u012bpa\u0161i \u0161im notikumam rad\u012btiem latvie\u0161u komponistu jaundarbiem. P\u0113c koncerta dal\u012bbniekus un skat\u012bt\u0101jus gaida sadzied\u0101\u0161an\u0101s nakts, kop\u0101 izdziedot pla\u0161o Maestro dziesmu p\u016bru.<\/p>\n<p>Bi\u013cetes uz koncertu pieejamas &#8220;Bi\u013ce\u0161u parad\u012bzes&#8221; kas\u0113s.<\/p>\n<p>Koncerta \u201cManai Dzimtenei\u201d m\u0101kslinieciskais vad\u012bt\u0101js ir komponists J\u0101nis \u0136irsis, re\u017eisore \u2013 Dita L\u016bri\u0146a, scenogr\u0101fs M\u0101rti\u0146\u0161 Vilk\u0101rsis, virsdiri\u0123ents \u2013 M\u0101rti\u0146\u0161 Kli\u0161\u0101ns. Savuk\u0101rt kopkora muzik\u0101lo vad\u012bbu uz\u0146emsies izcil\u0101kie Latvijas virsdiri\u0123enti.<\/p>\n<p>Koncerts top sadarb\u012bb\u0101 ar fondu \u201cManai Dzimtenei\u201d, Latvijas Nacion\u0101lo kult\u016bras centru un Latvijas Pa\u0161vald\u012bbu savien\u012bbu.<\/p>\n<p>Pla\u0161\u0101ka inform\u0101cija: www.manaidzimtenei.lv<\/p>\n","protected":false},"excerpt":{"rendered":"Raimondam Paulam velt\u012btajos dziesmu sv\u0113tkos &#8220;P\u0113r\u013cu zvejnieks&#8221; atkal skan\u0113s J\u0101\u0146a Eren\u0161treita vad\u012bb\u0101, un to atska\u0146os R\u012bgas Doma z\u0113nu&hellip;\n","protected":false},"author":2,"featured_media":77769,"comment_status":"","ping_status":"","sticky":false,"template":"","format":"standard","meta":{"footnotes":""},"categories":[19],"tags":[89,90,19591,35,39,38,36,37,34,40,17034,2672],"class_list":{"0":"post-77768","1":"post","2":"type-post","3":"status-publish","4":"format-standard","5":"has-post-thumbnail","7":"category-izklaide","8":"tag-entertainment","9":"tag-izklaide","10":"tag-janis-erenstreits","11":"tag-latvia","12":"tag-latvian","13":"tag-latviesu","14":"tag-latviesu-valoda","15":"tag-latviesuvaloda","16":"tag-latvija","17":"tag-lv","18":"tag-manai-dzimtenei","19":"tag-raimonds-pauls"},"share_on_mastodon":{"url":"https:\/\/pubeurope.com\/@lv\/115735210514366318","error":""},"_links":{"self":[{"href":"https:\/\/www.europesays.com\/lv\/wp-json\/wp\/v2\/posts\/77768","targetHints":{"allow":["GET"]}}],"collection":[{"href":"https:\/\/www.europesays.com\/lv\/wp-json\/wp\/v2\/posts"}],"about":[{"href":"https:\/\/www.europesays.com\/lv\/wp-json\/wp\/v2\/types\/post"}],"author":[{"embeddable":true,"href":"https:\/\/www.europesays.com\/lv\/wp-json\/wp\/v2\/users\/2"}],"replies":[{"embeddable":true,"href":"https:\/\/www.europesays.com\/lv\/wp-json\/wp\/v2\/comments?post=77768"}],"version-history":[{"count":0,"href":"https:\/\/www.europesays.com\/lv\/wp-json\/wp\/v2\/posts\/77768\/revisions"}],"wp:featuredmedia":[{"embeddable":true,"href":"https:\/\/www.europesays.com\/lv\/wp-json\/wp\/v2\/media\/77769"}],"wp:attachment":[{"href":"https:\/\/www.europesays.com\/lv\/wp-json\/wp\/v2\/media?parent=77768"}],"wp:term":[{"taxonomy":"category","embeddable":true,"href":"https:\/\/www.europesays.com\/lv\/wp-json\/wp\/v2\/categories?post=77768"},{"taxonomy":"post_tag","embeddable":true,"href":"https:\/\/www.europesays.com\/lv\/wp-json\/wp\/v2\/tags?post=77768"}],"curies":[{"name":"wp","href":"https:\/\/api.w.org\/{rel}","templated":true}]}}