{"id":77956,"date":"2025-12-17T16:33:11","date_gmt":"2025-12-17T16:33:11","guid":{"rendered":"https:\/\/www.europesays.com\/lv\/77956\/"},"modified":"2025-12-17T16:33:11","modified_gmt":"2025-12-17T16:33:11","slug":"treninprocess-dod-rezultatus-pec-pasaules-kausa-posma-davosa-lente-lv","status":"publish","type":"post","link":"https:\/\/www.europesays.com\/lv\/77956\/","title":{"rendered":"treni\u0146process dod rezult\u0101tus p\u0113c Pasaules kausa posma Davos\u0101\u00a0\u2014\u00a0Lente.lv"},"content":{"rendered":"<p>Par Patr\u012bcijas Eidukas sniegumu Pasaules kausa posm\u0101 Davos\u0101<\/p>\n<p>Latvijas distan\u010du sl\u0113pot\u0101ja Patr\u012bcija Eiduka ir izteikusi gandar\u012bjumu par savu sniegumu nesenaj\u0101 Pasaules kausa posm\u0101, kas norisin\u0101j\u0101s \u0160veices k\u016brort\u0101 Davos\u0101. K\u0101 zi\u0146o av\u012bze Diena, Eiduka ir priec\u012bga par atg\u016bto \u0101trumu sprint\u0101 un kop\u0113jo sniegumu distanc\u0113, uzsverot, ka l\u012bdz\u0161in\u0113jais treni\u0146process ir bijis veiksm\u012bgs un atmaks\u0101jies. Vi\u0146a ar\u012b \u012bpa\u0161i atzin\u012bgi nov\u0113rt\u0113jusi it\u0101\u013cu sl\u0113pju servisa komandas darbu, kas sniedz b\u016btisku atbalstu vi\u0146as sacens\u012bbu nodro\u0161in\u0101jum\u0101.<\/p>\n<p>Jaunais \u0101trums un treni\u0146procesa efektivit\u0101te<\/p>\n<p>P\u0113c \u013coti veiksm\u012bgi aizvad\u012bt\u0101 posma Davos\u0101, kur\u0101 Eiduka demonstr\u0113ja savu l\u012bdz\u0161in\u0113jo lab\u0101ko rezult\u0101tu \u0161osezon, ie\u0146emot 15. vietu 10 km br\u012bv\u0101 stila distanc\u0113, vi\u0146a atzina, ka \u0101trums ir atgriezies. Tas ir \u012bpa\u0161i svar\u012bgi, \u0146emot v\u0113r\u0101 iepriek\u0161\u0113j\u0101s sezonas izaicin\u0101jumus ar vesel\u012bbu. Eiduka atz\u012bm\u0113ja, ka nekad nav zaud\u0113jusi tic\u012bbu sav\u0101m sp\u0113j\u0101m un ka treni\u0146u process ir bijis \u013coti efekt\u012bvs. <\/p>\n<blockquote>\n<p>\u201cEsmu \u013coti apmierin\u0101ta ar sprinta kvalifik\u0101cijas rezult\u0101tu, jo tas par\u0101da, ka \u0101trums nav pazudis. Var\u0113tu pat teikt, ka esmu to dab\u016bjusi atpaka\u013c,\u201d sac\u012bja Eiduka, uzsverot treni\u0146procesa veiksm\u012bgumu.<\/p>\n<\/blockquote>\n<p>\u0160is sasniegums ir ne tikai personisks pan\u0101kums, bet ar\u012b apliecin\u0101jums vi\u0146as neatlaid\u012bgajam darbam un progresam. Davosas posms, kas vienm\u0113r pulc\u0113 pasaules lab\u0101kos sl\u0113pot\u0101jus, \u0161ogad bija \u012bpa\u0161i spraigs. Eiduka sp\u0113ja konkur\u0113t ar elites sportist\u0113m, par\u0101dot gan tehnisko meistar\u012bbu, gan izcilu fizisko sagatavot\u012bbu. Lai gan uzvara vai vieta uz goda pjedest\u0101la \u0161oreiz netika izc\u012bn\u012bta, 15. poz\u012bcija ir iev\u0113rojams rezult\u0101ts, kas liecina par sp\u0113c\u012bgu sniegumu starp lab\u0101kaj\u0101m pasaules sl\u0113pot\u0101j\u0101m. Katrs \u0161\u0101ds starts ir v\u0113rt\u012bga pieredze, kas pal\u012bdz sportistei pilnveidoties un virz\u012bties tuv\u0101k saviem m\u0113r\u0137iem.<\/p>\n<p>Atskatoties uz sasniegumiem Davos\u0101<\/p>\n<p>Jau iepriek\u0161\u0113j\u0101s sezon\u0101s Patr\u012bcija Eiduka ir apliecin\u0101jusi savu talantu un potenci\u0101lu. Pirms diviem gadiem Davos\u0101 vi\u0146a p\u0101rsteidza ar 8. vietu 10 km br\u012bvaj\u0101 stil\u0101, bet n\u0101kamaj\u0101 dien\u0101 pirmo reizi sprint\u0101 p\u0101rvar\u0113ja kvalifik\u0101ciju, ie\u0146emot 18. vietu. \u0160ogad sprint\u0101 vi\u0146ai izdev\u0101s uzlabot savu l\u012bdz\u0161in\u0113jo lab\u0101ko veikumu Davos\u0101, sasniedzot karjeras otro lab\u0101ko rezult\u0101tu. \u0160is pan\u0101kums ir \u012bpa\u0161i noz\u012bm\u012bgs, jo tas noticis p\u0113c sare\u017e\u0123\u012bta atg\u016b\u0161an\u0101s perioda. Eiduka atzina, ka pirms starta bijusi neliela nezi\u0146a par savu sniegumu, ta\u010du rezult\u0101ts ir apmierino\u0161s.<\/p>\n<p>N\u0101kamie so\u013ci un n\u0101kotnes m\u0113r\u0137i<\/p>\n<p>P\u0113c Davosas posma sl\u0113pot\u0101jiem paredz\u0113ta divu ned\u0113\u013cu Ziemassv\u0113tku pauze. Sacens\u012bbas ats\u0101ksies ar presti\u017eo \u201cTour de Ski\u201d seri\u0101lu, kur\u0101 pirmie tr\u012bs posmi notiks It\u0101lijas pils\u0113t\u0101 Toblah\u0101. Tam sekos Pasaules kausa posmi V\u0101cij\u0101 (Oberhof\u0101) un \u0160veic\u0113 (Goms\u0101). Sezonas galvenais notikums b\u016bs Mil\u0101nas-Kort\u012bnas d&#8217;Ampeco olimpisk\u0101s sp\u0113les, kas notiks no 7. l\u012bdz 22. febru\u0101rim. Eidukas sniegums Davos\u0101 dod cer\u012bbu, ka vi\u0146a ir uz pareiz\u0101 ce\u013ca un sp\u0113s sasniegt savus m\u0113r\u0137us ar\u012b turpm\u0101kajos noz\u012bm\u012bgajos startos. Vi\u0146a ir gatava turpin\u0101t c\u012bt\u012bgi str\u0101d\u0101t, lai pilnveidotu savu sniegumu un sasniegtu jaunus virsotnes.<\/p>\n","protected":false},"excerpt":{"rendered":"Par Patr\u012bcijas Eidukas sniegumu Pasaules kausa posm\u0101 Davos\u0101 Latvijas distan\u010du sl\u0113pot\u0101ja Patr\u012bcija Eiduka ir izteikusi gandar\u012bjumu par savu&hellip;\n","protected":false},"author":2,"featured_media":77957,"comment_status":"","ping_status":"","sticky":false,"template":"","format":"standard","meta":{"footnotes":""},"categories":[17],"tags":[18212,8196,35,39,38,36,37,34,40,2560,8094,67,19660],"class_list":{"0":"post-77956","1":"post","2":"type-post","3":"status-publish","4":"format-standard","5":"has-post-thumbnail","7":"category-sports","8":"tag-davosa","9":"tag-distancu-sleposana","10":"tag-latvia","11":"tag-latvian","12":"tag-latviesu","13":"tag-latviesu-valoda","14":"tag-latviesuvaloda","15":"tag-latvija","16":"tag-lv","17":"tag-pasaules-kauss","18":"tag-patricija-eiduka","19":"tag-sports","20":"tag-treninprocess"},"share_on_mastodon":{"url":"https:\/\/pubeurope.com\/@lv\/115735874872444814","error":""},"_links":{"self":[{"href":"https:\/\/www.europesays.com\/lv\/wp-json\/wp\/v2\/posts\/77956","targetHints":{"allow":["GET"]}}],"collection":[{"href":"https:\/\/www.europesays.com\/lv\/wp-json\/wp\/v2\/posts"}],"about":[{"href":"https:\/\/www.europesays.com\/lv\/wp-json\/wp\/v2\/types\/post"}],"author":[{"embeddable":true,"href":"https:\/\/www.europesays.com\/lv\/wp-json\/wp\/v2\/users\/2"}],"replies":[{"embeddable":true,"href":"https:\/\/www.europesays.com\/lv\/wp-json\/wp\/v2\/comments?post=77956"}],"version-history":[{"count":0,"href":"https:\/\/www.europesays.com\/lv\/wp-json\/wp\/v2\/posts\/77956\/revisions"}],"wp:featuredmedia":[{"embeddable":true,"href":"https:\/\/www.europesays.com\/lv\/wp-json\/wp\/v2\/media\/77957"}],"wp:attachment":[{"href":"https:\/\/www.europesays.com\/lv\/wp-json\/wp\/v2\/media?parent=77956"}],"wp:term":[{"taxonomy":"category","embeddable":true,"href":"https:\/\/www.europesays.com\/lv\/wp-json\/wp\/v2\/categories?post=77956"},{"taxonomy":"post_tag","embeddable":true,"href":"https:\/\/www.europesays.com\/lv\/wp-json\/wp\/v2\/tags?post=77956"}],"curies":[{"name":"wp","href":"https:\/\/api.w.org\/{rel}","templated":true}]}}