{"id":78011,"date":"2025-12-17T17:41:12","date_gmt":"2025-12-17T17:41:12","guid":{"rendered":"https:\/\/www.europesays.com\/lv\/78011\/"},"modified":"2025-12-17T17:41:12","modified_gmt":"2025-12-17T17:41:12","slug":"francija-aizturets-latvijas-pilsonis-kurs-pasazieru-prami-izvietojis-launpratigu-programmaturu","status":"publish","type":"post","link":"https:\/\/www.europesays.com\/lv\/78011\/","title":{"rendered":"Francij\u0101 aiztur\u0113ts Latvijas pilsonis, kur\u0161 pasa\u017eieru pr\u0101m\u012b izvietojis \u013caunpr\u0101t\u012bgu programmat\u016bru"},"content":{"rendered":"<p>Nunjess radio neatkl\u0101ja, vai hakeru m\u0113r\u0137is bija novirz\u012bt pr\u0101mi no kursa, un nepiemin\u0113ja Krieviju, bet nor\u0101d\u012bja, ka &#8220;\u0161aj\u0101s dien\u0101s aiz \u0101rvalstu iejauk\u0161an\u0101s \u013coti bie\u017ei st\u0101v viena valsts.&#8221;<\/p>\n<p><a href=\"https:\/\/www.tvnet.lv\/term\/555453\/francija\" class=\"topicLink\" target=\"_blank\" rel=\"nofollow noopener\">Francija<\/a> un citu Eiropas valstu vald\u012bbas ir br\u012bdin\u0101ju\u0161as, ka Krievija pastiprina iejauk\u0161an\u0101s kampa\u0146as.<\/p>\n<p>Par lietas nopietn\u012bbu liecina tas, ka izmekl\u0113\u0161anu vada Francijas iek\u0161zemes izl\u016bkdienests &#8211; Iek\u0161\u0113j\u0101s dro\u0161\u012bbas \u0123ener\u0101ldirektor\u0101ts (DGSI).<\/p>\n<p>Pr\u0101mis tika norobe\u017eots ost\u0101, un p\u0113c tam to p\u0101rbaud\u012bja DGSI eksperti, kas konfisc\u0113ja vair\u0101kus priek\u0161metus. P\u0113c tam pr\u0101mim tika at\u013cauts doties t\u0101l\u0101k.<\/p>\n<p>\u0100rk\u0101rtas krat\u012b\u0161anas tika veiktas ar\u012b Latvij\u0101 ar Eiropas Savien\u012bbas (ES) A\u0123ent\u016bras tiesu iest\u0101\u017eu sadarb\u012bbas krimin\u0101lliet\u0101s (&#8220;Eurojust&#8221;) atbalstu.<\/p>\n<p>Aps\u016bdz\u0113t\u0101 Latvijas pilso\u0146a advok\u0101ts Tibo Bail\u012b nor\u0101d\u012bja, ka, vi\u0146apr\u0101t, &#8220;pres\u0113 izskan\u0113jus\u012b teorija par Krievijas iejauk\u0161anos \u0161\u0137iet lieka&#8221;. &#8220;Izmekl\u0113\u0161an\u0101 tiks noskaidroti vair\u0101ki \u0161\u012bs lietas aspekti, kas joproj\u0101m ir neskaidri. Jo \u012bpa\u0161i t\u0101 par\u0101d\u012bs, ka \u0161is gad\u012bjums nav tik satrauco\u0161s, k\u0101 s\u0101kotn\u0113ji var\u0113ja \u0161\u0137ist,&#8221; izteicies advok\u0101ts.<\/p>\n","protected":false},"excerpt":{"rendered":"Nunjess radio neatkl\u0101ja, vai hakeru m\u0113r\u0137is bija novirz\u012bt pr\u0101mi no kursa, un nepiemin\u0113ja Krieviju, bet nor\u0101d\u012bja, ka &#8220;\u0161aj\u0101s&hellip;\n","protected":false},"author":2,"featured_media":78012,"comment_status":"","ping_status":"","sticky":false,"template":"","format":"standard","meta":{"footnotes":""},"categories":[14],"tags":[23,57,28,29,32,33,1309,22,573,30,31,35,39,38,36,37,34,40,20,26,27,24,25,54,55,56,21,58],"class_list":{"0":"post-78011","1":"post","2":"type-post","3":"status-publish","4":"format-standard","5":"has-post-thumbnail","7":"category-zinas-no-arvalstim","8":"tag-aktualitates","9":"tag-arvalstim","10":"tag-breaking-news","11":"tag-breakingnews","12":"tag-featured-news","13":"tag-featurednews","14":"tag-francija","15":"tag-headlines","16":"tag-kriminallieta","17":"tag-latest-news","18":"tag-latestnews","19":"tag-latvia","20":"tag-latvian","21":"tag-latviesu","22":"tag-latviesu-valoda","23":"tag-latviesuvaloda","24":"tag-latvija","25":"tag-lv","26":"tag-news","27":"tag-popularakas-zinas","28":"tag-popularakaszinas","29":"tag-top-stories","30":"tag-topstories","31":"tag-world","32":"tag-world-news","33":"tag-worldnews","34":"tag-zinas","35":"tag-zinas-no-arvalstim"},"share_on_mastodon":{"url":"https:\/\/pubeurope.com\/@lv\/115736142315042658","error":""},"_links":{"self":[{"href":"https:\/\/www.europesays.com\/lv\/wp-json\/wp\/v2\/posts\/78011","targetHints":{"allow":["GET"]}}],"collection":[{"href":"https:\/\/www.europesays.com\/lv\/wp-json\/wp\/v2\/posts"}],"about":[{"href":"https:\/\/www.europesays.com\/lv\/wp-json\/wp\/v2\/types\/post"}],"author":[{"embeddable":true,"href":"https:\/\/www.europesays.com\/lv\/wp-json\/wp\/v2\/users\/2"}],"replies":[{"embeddable":true,"href":"https:\/\/www.europesays.com\/lv\/wp-json\/wp\/v2\/comments?post=78011"}],"version-history":[{"count":0,"href":"https:\/\/www.europesays.com\/lv\/wp-json\/wp\/v2\/posts\/78011\/revisions"}],"wp:featuredmedia":[{"embeddable":true,"href":"https:\/\/www.europesays.com\/lv\/wp-json\/wp\/v2\/media\/78012"}],"wp:attachment":[{"href":"https:\/\/www.europesays.com\/lv\/wp-json\/wp\/v2\/media?parent=78011"}],"wp:term":[{"taxonomy":"category","embeddable":true,"href":"https:\/\/www.europesays.com\/lv\/wp-json\/wp\/v2\/categories?post=78011"},{"taxonomy":"post_tag","embeddable":true,"href":"https:\/\/www.europesays.com\/lv\/wp-json\/wp\/v2\/tags?post=78011"}],"curies":[{"name":"wp","href":"https:\/\/api.w.org\/{rel}","templated":true}]}}