{"id":78057,"date":"2025-12-17T18:50:10","date_gmt":"2025-12-17T18:50:10","guid":{"rendered":"https:\/\/www.europesays.com\/lv\/78057\/"},"modified":"2025-12-17T18:50:10","modified_gmt":"2025-12-17T18:50:10","slug":"28-vii-vecgada-koncerts-ta-luk-griezas-dzives-rats-kekava-un-marupe","status":"publish","type":"post","link":"https:\/\/www.europesays.com\/lv\/78057\/","title":{"rendered":"28.VII Vecgada koncerts &#8220;T\u0101, l\u016bk, grie\u017eas dz\u012bves rats&#8221; \u0136ekav\u0101 un M\u0101rup\u0113"},"content":{"rendered":"<p>28.decembr\u012b plkst.14.00 \u0136ekavas Kult\u016bras centr\u0101 un plkst.18.00 M\u0101rupes Kult\u016bras nam\u0101 skan\u0113s Vecgada koncerts &#8220;T\u0101, l\u016bk, grie\u017eas dz\u012bves rats&#8221;. Uz skatuves b\u016bs m\u016bzi\u0137u grupa Valda Zilvera virsvad\u012bb\u0101 un popul\u0101rie aktieri El\u012bna V\u0101ne, \u0112rika Eglija-Gr\u0101vele, Gints Gr\u0101velis, Imants Strads un Artis Robe\u017enieks, kur\u0161 tie\u0161i gadumij\u0101 svin ar\u012b savu dzim\u0161anas dienu.\u00a0Ar pozit\u012bv\u0101m atmi\u0146\u0101m atskat\u012bsies uz aizvad\u012bt\u0101 gada notikumiem un cilv\u0113kiem un pavad\u012bs 2025.gadu ar paz\u012bstam\u0101m dziesm\u0101m, humoru un prieku!<\/p>\n","protected":false},"excerpt":{"rendered":"28.decembr\u012b plkst.14.00 \u0136ekavas Kult\u016bras centr\u0101 un plkst.18.00 M\u0101rupes Kult\u016bras nam\u0101 skan\u0113s Vecgada koncerts &#8220;T\u0101, l\u016bk, grie\u017eas dz\u012bves rats&#8221;.&hellip;\n","protected":false},"author":2,"featured_media":78058,"comment_status":"","ping_status":"","sticky":false,"template":"","format":"standard","meta":{"footnotes":""},"categories":[19],"tags":[47,89,90,381,64,35,39,38,36,37,34,40,385,172,382,384,383,21],"class_list":{"0":"post-78057","1":"post","2":"type-post","3":"status-publish","4":"format-standard","5":"has-post-thumbnail","7":"category-izklaide","8":"tag-ekonomika","9":"tag-entertainment","10":"tag-izklaide","11":"tag-jaunumi","12":"tag-kultura","13":"tag-latvia","14":"tag-latvian","15":"tag-latviesu","16":"tag-latviesu-valoda","17":"tag-latviesuvaloda","18":"tag-latvija","19":"tag-lv","20":"tag-pieriga","21":"tag-riga","22":"tag-sabiedriba","23":"tag-sludinajumi","24":"tag-sports-afisa","25":"tag-zinas"},"share_on_mastodon":{"url":"https:\/\/pubeurope.com\/@lv\/115736413632793265","error":""},"_links":{"self":[{"href":"https:\/\/www.europesays.com\/lv\/wp-json\/wp\/v2\/posts\/78057","targetHints":{"allow":["GET"]}}],"collection":[{"href":"https:\/\/www.europesays.com\/lv\/wp-json\/wp\/v2\/posts"}],"about":[{"href":"https:\/\/www.europesays.com\/lv\/wp-json\/wp\/v2\/types\/post"}],"author":[{"embeddable":true,"href":"https:\/\/www.europesays.com\/lv\/wp-json\/wp\/v2\/users\/2"}],"replies":[{"embeddable":true,"href":"https:\/\/www.europesays.com\/lv\/wp-json\/wp\/v2\/comments?post=78057"}],"version-history":[{"count":0,"href":"https:\/\/www.europesays.com\/lv\/wp-json\/wp\/v2\/posts\/78057\/revisions"}],"wp:featuredmedia":[{"embeddable":true,"href":"https:\/\/www.europesays.com\/lv\/wp-json\/wp\/v2\/media\/78058"}],"wp:attachment":[{"href":"https:\/\/www.europesays.com\/lv\/wp-json\/wp\/v2\/media?parent=78057"}],"wp:term":[{"taxonomy":"category","embeddable":true,"href":"https:\/\/www.europesays.com\/lv\/wp-json\/wp\/v2\/categories?post=78057"},{"taxonomy":"post_tag","embeddable":true,"href":"https:\/\/www.europesays.com\/lv\/wp-json\/wp\/v2\/tags?post=78057"}],"curies":[{"name":"wp","href":"https:\/\/api.w.org\/{rel}","templated":true}]}}