{"id":78156,"date":"2025-12-17T20:45:19","date_gmt":"2025-12-17T20:45:19","guid":{"rendered":"https:\/\/www.europesays.com\/lv\/78156\/"},"modified":"2025-12-17T20:45:19","modified_gmt":"2025-12-17T20:45:19","slug":"porzingis-atlantas-krustceles-hawks-mainu-tirgu-spiesta-pienemt-smagus-lemumus","status":"publish","type":"post","link":"https:\/\/www.europesays.com\/lv\/78156\/","title":{"rendered":"Porzi\u0146\u0123is Atlantas krustcel\u0113s \u2013 &#8220;Hawks&#8221; mai\u0146u tirg\u016b spiesta pie\u0146emt smagus l\u0113mumus"},"content":{"rendered":"<p>Nacion\u0101laj\u0101 basketbola asoci\u0101cij\u0101 (<a rel=\"noopener nofollow\" target=\"_blank\" href=\"https:\/\/www.delfi.lv\/temas\/35299954\/nba\" tag-id=\"35299954\">NBA<\/a>) \u0161\u012bs ned\u0113\u013cas s\u0101kumu var uzskat\u012bt par neofici\u0101lo mai\u0146u dar\u012bjumu sezonas s\u0101kumu, un Kristapa Porzi\u0146\u0123a p\u0101rst\u0101v\u0113t\u0101 Atlantas &#8220;Hawks&#8221; non\u0101kusi uzman\u012bbas centr\u0101, jo komandai j\u0101pie\u0146em b\u016btiski l\u0113mumi par savu n\u0101kotnes virzienu. Turkl\u0101t Porzi\u0146\u0123a v\u0101rds ar\u012b turpm\u0101k var\u0113tu tikt piemin\u0113ts da\u017e\u0101dos iesp\u0113jamajos mai\u0146u dar\u012bjumu pied\u0101v\u0101jumos, raksta medijs &#8220;Sports Illustrated&#8221; \u017eurn\u0101lists D\u017eeksons Kodels.<\/p>\n<p>\u0160\u012bs ned\u0113\u013cas s\u0101kum\u0101 82 vasar\u0101 nosl\u0113gtie l\u012bgumi ofici\u0101li k\u013cuva aizmain\u0101mi, un tas noz\u012bm\u0113, ka sarunas l\u012bg\u0101 l\u012bdz 5. febru\u0101ra mai\u0146u termi\u0146am tikai pie\u0146emsies sp\u0113k\u0101. Austrumu konferenc\u0113 \u0161osezon konkurence ir s\u012bv\u0101ka nek\u0101 iepriek\u0161\u0113jos gados, ta\u010du &#8220;Hawks&#8221; arvien skaidr\u0101k redz, ka ar eso\u0161o sast\u0101vu var nepietikt.<\/p>\n<p>Atlantas galven\u0101 probl\u0113ma ir garo sp\u0113l\u0113t\u0101ju l\u012bnija. Klubs cer\u0113ja, ka Porzi\u0146\u0123a piesaiste pal\u012bdz\u0113s atrisin\u0101t gan izm\u0113ra, gan fiziskuma tr\u016bkumu zem groziem, tom\u0113r latvie\u0161a vesel\u012bbas probl\u0113mas un ierobe\u017eot\u0101 pieejam\u012bba \u0161o jaut\u0101jumu tikai saasin\u0101ju\u0161as. Porzi\u0146\u0123is \u0161aj\u0101 sezon\u0101 piedal\u012bjies 13 no 27 &#8220;Hawks&#8221; sp\u0113l\u0113m, vid\u0113ji izce\u013coties ar 19,2 punktiem un 5,6 atl\u0113ku\u0161aj\u0101m bumb\u0101m.<\/p>\n<p>Sp\u0113les pret Detroitas &#8220;Pistons&#8221;, kas \u0161obr\u012bd ir Austrumu konferences l\u012bdere, kalpoju\u0161as k\u0101 skarba m\u0101c\u012bbu stunda \u2013 tr\u012bs zaud\u0113jumos tie\u0161i pretinieku augums un agresivit\u0101te sag\u0101d\u0101ju\u0161i &#8220;Hawks&#8221; visliel\u0101k\u0101s gr\u016bt\u012bbas. Tas nenoz\u012bm\u0113, ka Atlantai oblig\u0101ti j\u0101iet p\u0113c ska\u013c\u0101kajiem v\u0101rdiem tirg\u016b, ta\u010du, ja Porzi\u0146\u0123is nesp\u0113s regul\u0101ri pal\u012bdz\u0113t, alternat\u012bvas b\u016bs j\u0101mekl\u0113.<\/p>\n<p>Kluba vad\u012bbai uz galda ir vair\u0101ki ce\u013ci. Viens no tiem \u2013 nogaid\u012bt. <a rel=\"noopener nofollow\" target=\"_blank\" href=\"https:\/\/www.delfi.lv\/temas\/53397187\/trejs-jangs\" tag-id=\"53397187\">Trejs Jangs<\/a> ir tuvu atgrie\u0161an\u0101s br\u012bdim, un teor\u0113tiski vi\u0146a sasp\u0113le ar Porzi\u0146\u0123i izskat\u0101s teicama. Ja latvietis sp\u0113j atgriezties ierind\u0101 un notur\u0113t vesel\u012bbu, Atlantas uzbrukums var ieg\u016bt pavisam citu dimensiju. \u0160\u0101d\u0101 scen\u0101rij\u0101 &#8220;Hawks&#8221; neveikt b\u016btiskas izmai\u0146as sast\u0101v\u0101.<\/p>\n<p>Ta\u010du tirg\u016b cirkul\u0113 ar\u012b daudz ska\u013c\u0101ki v\u0101rdi. Ja par\u0101d\u012bsies re\u0101la iesp\u0113ja ieg\u016bt t\u0101da kalibra sp\u0113l\u0113t\u0101ju k\u0101 Janni Adetokunbo vai Entoniju Deivisu, Atlantas v\u0101rds sarun\u0101s neizb\u0113gami tiks piemin\u0113ts. NBA apskatnieki jau nor\u0101d\u012bju\u0161i, ka &#8220;Hawks&#8221; izr\u0101d\u012bju\u0161i interesi par Deivisu, tom\u0113r jaut\u0101jums, vai Atlanta sp\u0113j pied\u0101v\u0101t pietiekami v\u0113rt\u012bgu mai\u0146as dar\u012bjumu? Re\u0101li tas noz\u012bm\u0113tu \u0161\u0137irties vai nu no Janga, vai no Porzi\u0146\u0123a, un ne viens, ne otrs variants \u0161obr\u012bd neizskat\u0101s ticams. Dalasa nav ieinteres\u0113ta vienk\u0101r\u0161i atbr\u012bvoties no Deivisa l\u012bguma, un Jangs &#8220;<a rel=\"noopener nofollow\" target=\"_blank\" href=\"https:\/\/www.delfi.lv\/temas\/35453447\/mavericks\" tag-id=\"35453447\">Mavericks<\/a>&#8221; kontekst\u0101 ne\u0161\u0137iet priorit\u0101rs m\u0113r\u0137is.<\/p>\n<p>Lasiet ar\u012b<\/p>\n<p><a href=\"https:\/\/www.delfi.lv\/sports\/17012608\/basketbols\/120099176\/avots-porzingis-sosezon-tiks-iesaistits-mainas-darijuma\" class=\"headline__image-link\" itemprop=\"url\" rel=\"nofollow noopener\" target=\"_blank\"><img decoding=\"async\" loading=\"lazy\" itemprop=\"image\" src=\"https:\/\/www.europesays.com\/lv\/wp-content\/uploads\/2025\/12\/1766004319_571_b2a86395-697c-4e67-bfbb-5a2a891e6b68.jpg\" alt=\"Avots: Porzi\u0146\u0123is \u0161osezon tiks iesaist\u012bts mai\u0146as dar\u012bjum\u0101\" title=\"Avots: Porzi\u0146\u0123is \u0161osezon tiks iesaist\u012bts mai\u0146as dar\u012bjum\u0101\" class=\"headline__image img-fluid w-100\"\/><\/a><a href=\"https:\/\/www.delfi.lv\/sports\/17012608\/basketbols\/120098511\/vai-gaidama-porzinga-atgriesanas-dalasa-nba-cirkule-jaunas-baumas\" class=\"headline__image-link\" itemprop=\"url\" rel=\"nofollow noopener\" target=\"_blank\"><img decoding=\"async\" loading=\"lazy\" itemprop=\"image\" src=\"https:\/\/www.europesays.com\/lv\/wp-content\/uploads\/2025\/12\/30ae6b90-5c11-11ed-b330-f12d2d6fd07f.jpg\" alt=\"Vai gaid\u0101ma Porzi\u0146\u0123a atgrie\u0161an\u0101s Dalas\u0101? NBA cirkul\u0113 jaunas baumas\" title=\"Vai gaid\u0101ma Porzi\u0146\u0123a atgrie\u0161an\u0101s Dalas\u0101? NBA cirkul\u0113 jaunas baumas\" class=\"headline__image img-fluid w-100\"\/><\/a><\/p>\n<p>&#8220;Saska\u0146\u0101 ar l\u012bgas avotiem, l\u012bdz \u0161im visvair\u0101k ieinteres\u0113t\u0101s komandas par Deivisu ir Toronto &#8220;Raptors&#8221; un Atlanta,&#8221; raksta NBA apskatnieks D\u017eeiks Fi\u0161ers. &#8220;Papildus labi zin\u0101majam faktam, ka &#8220;Hawks&#8221; negras\u0101s pied\u0101v\u0101t 2026. gada pirm\u0101s k\u0101rtas izv\u0113li no \u0145\u016borle\u0101nas, es \u0161obr\u012bd nedzirdu lielu optimismu, ka Atlanta var\u0113tu izteikt pied\u0101v\u0101jumu, kas vilin\u0101tu Dalasu. &#8220;Hawks&#8221; patie\u0161\u0101m var izteikt ticamu pied\u0101v\u0101jumu par augsti apmaks\u0101tu sp\u0113l\u0113t\u0101ju tikai tad, ja \u0161\u0137iras no Treja Janga vai Kristapa Porzi\u0146\u0123a. Papildus past\u0101v\u012bgajai nenoteikt\u012bbai par Porzi\u0146\u0123i un vi\u0146a slimo\u0161anu es neredzu Jangu k\u0101 &#8220;Mavericks&#8221;. Ne tad, ja vi\u0146i paliek uztic\u012bgi Kairijam \u0112rvingam.&#8221;<\/p>\n<p>T\u0101p\u0113c uzman\u012bba tiek piev\u0113rsta ar\u012b citiem variantiem. Klus\u0101kos to\u0146os tiek piemin\u0113ti t\u0101di centri k\u0101 D\u017eerets Alens, Nikola Vu\u010devi\u010ds, Ivica Zubacs vai pat <a rel=\"noopener nofollow\" target=\"_blank\" href=\"https:\/\/www.delfi.lv\/temas\/52947333\/domants-sabonis\" tag-id=\"52947333\">Domants Sabonis<\/a>, lai gan katram no \u0161iem variantiem ir savi &#8220;bet&#8221;. Zubacs teor\u0113tiski b\u016btu \u013coti piem\u0113rots &#8220;Hawks&#8221; vajadz\u012bb\u0101m, ta\u010du Losand\u017eelosas &#8220;<a rel=\"noopener nofollow\" target=\"_blank\" href=\"https:\/\/www.delfi.lv\/temas\/36155164\/clippers\" tag-id=\"36155164\">Clippers<\/a>&#8221; situ\u0101cija drafta izv\u0113\u013cu zi\u0146\u0101 padara \u0161\u0101du dar\u012bjumu maz ticamu.<\/p>\n<p>Sabo\u0146a situ\u0101cija ir sare\u017e\u0123\u012bt\u0101ka. Sakramento &#8220;Kings&#8221; vajadz\u0113tu b\u016bt atv\u0113rtiem iesp\u0113jai vi\u0146u aizmain\u012bt, ta\u010du vi\u0146a l\u012bgums ir ilgtermi\u0146a, un vi\u0146a aizsardz\u012bbas probl\u0113mas ir labi dokument\u0113tas. Uzbrukum\u0101 vi\u0146\u0161 b\u016btu labs variants, ta\u010du &#8220;Hawks&#8221; tas nav nopietni j\u0101apsver, uzskata apskatnieks.<\/p>\n<p>Savuk\u0101rt t\u0101di jaun\u0101ki vai l\u0113t\u0101ki varianti k\u0101 Niks Klekstons, Derons \u0160\u0101rps vai Vokers Keslers b\u016btu interesanti, ja attiec\u012bgie klubi visp\u0101r b\u016btu gatavi sarun\u0101m.<\/p>\n<p>Atlanta var izv\u0113l\u0113ties ar\u012b citu ce\u013cu \u2013 nelielus, bet m\u0113r\u0137tiec\u012bgus papildin\u0101jumus. Rezerves centra piesaiste, kas no\u0146emtu slodzi no Onjekas Okongvu un dotu stabilit\u0101ti min\u016bt\u0113s, kad Porzi\u0146\u0123is nav pieejams, var\u0113tu b\u016bt pragmatisks risin\u0101jums sezonas gait\u0101. \u0160\u0101di g\u0101jieni neizrais\u012btu ska\u013cus virsrakstus, ta\u010du \u013cautu saglab\u0101t konkur\u0113tsp\u0113ju un vienlaikus nezaud\u0113t elast\u012bbu n\u0101kotnes dar\u012bjumos.<\/p>\n<p>L\u012bdz mai\u0146u dar\u012bjumu termi\u0146a nosl\u0113gumam v\u0113l ir laiks, un &#8220;Hawks&#8221; priek\u0161\u0101 st\u0101v sare\u017e\u0123\u012bts balanss starp amb\u012bcij\u0101m un piesardz\u012bbu.<\/p>\n<p class=\"m-0\">Seko &#8220;Delfi&#8221; ar\u012b  <a target=\"_blank\" href=\"https:\/\/www.instagram.com\/delfi.lv\/\" rel=\"nofollow noopener\">Instagram<\/a>  un <a target=\"_blank\" href=\"https:\/\/www.youtube.com\/channel\/UCw5foWtcJvAbUm64rv7jwUQ\" rel=\"nofollow noopener\">YouTube<\/a>  profil\u0101 \u2013 pievienojies, lai uzzin\u0101tu svar\u012bg\u0101ko un interesant\u0101ko pirmais!<\/p>\n<p>Publik\u0101cijas saturs vai t\u0101s jebk\u0101da apjoma da\u013ca ir aizsarg\u0101ts autorties\u012bbu objekts Autorties\u012bbu likuma izpratn\u0113, un t\u0101 izmanto\u0161ana bez izdev\u0113ja at\u013caujas ir aizliegta. Vair\u0101k lasi  <a target=\"_blank\" href=\"https:\/\/www.delfi.lv\/noteikumi#autortiesibas\" rel=\"nofollow noopener\">\u0161eit<\/a><script async src=\"\/\/www.instagram.com\/embed.js\"><\/script><\/p>\n","protected":false},"excerpt":{"rendered":"Nacion\u0101laj\u0101 basketbola asoci\u0101cij\u0101 (NBA) \u0161\u012bs ned\u0113\u013cas s\u0101kumu var uzskat\u012bt par neofici\u0101lo mai\u0146u dar\u012bjumu sezonas s\u0101kumu, un Kristapa Porzi\u0146\u0123a&hellip;\n","protected":false},"author":2,"featured_media":78157,"comment_status":"","ping_status":"","sticky":false,"template":"","format":"standard","meta":{"footnotes":""},"categories":[17],"tags":[10428,19698,6877,14576,35,39,38,36,37,34,40,7117,1258,67,6655],"class_list":{"0":"post-78156","1":"post","2":"type-post","3":"status-publish","4":"format-standard","5":"has-post-thumbnail","7":"category-sports","8":"tag-clippers","9":"tag-domants-sabonis","10":"tag-hawks-atlanta","11":"tag-janis-porzingis","12":"tag-latvia","13":"tag-latvian","14":"tag-latviesu","15":"tag-latviesu-valoda","16":"tag-latviesuvaloda","17":"tag-latvija","18":"tag-lv","19":"tag-mavericks","20":"tag-nba","21":"tag-sports","22":"tag-trejs-jangs"},"share_on_mastodon":{"url":"https:\/\/pubeurope.com\/@lv\/115736865987589765","error":""},"_links":{"self":[{"href":"https:\/\/www.europesays.com\/lv\/wp-json\/wp\/v2\/posts\/78156","targetHints":{"allow":["GET"]}}],"collection":[{"href":"https:\/\/www.europesays.com\/lv\/wp-json\/wp\/v2\/posts"}],"about":[{"href":"https:\/\/www.europesays.com\/lv\/wp-json\/wp\/v2\/types\/post"}],"author":[{"embeddable":true,"href":"https:\/\/www.europesays.com\/lv\/wp-json\/wp\/v2\/users\/2"}],"replies":[{"embeddable":true,"href":"https:\/\/www.europesays.com\/lv\/wp-json\/wp\/v2\/comments?post=78156"}],"version-history":[{"count":0,"href":"https:\/\/www.europesays.com\/lv\/wp-json\/wp\/v2\/posts\/78156\/revisions"}],"wp:featuredmedia":[{"embeddable":true,"href":"https:\/\/www.europesays.com\/lv\/wp-json\/wp\/v2\/media\/78157"}],"wp:attachment":[{"href":"https:\/\/www.europesays.com\/lv\/wp-json\/wp\/v2\/media?parent=78156"}],"wp:term":[{"taxonomy":"category","embeddable":true,"href":"https:\/\/www.europesays.com\/lv\/wp-json\/wp\/v2\/categories?post=78156"},{"taxonomy":"post_tag","embeddable":true,"href":"https:\/\/www.europesays.com\/lv\/wp-json\/wp\/v2\/tags?post=78156"}],"curies":[{"name":"wp","href":"https:\/\/api.w.org\/{rel}","templated":true}]}}